{"id":10532,"date":"2018-10-25T17:35:00","date_gmt":"2018-10-25T15:35:00","guid":{"rendered":"http:\/\/www.blog.sztateszt.7digits.net\/?post_type=blog&amp;p=10532"},"modified":"2018-10-25T17:35:00","modified_gmt":"2018-10-25T15:35:00","slug":"a-mesterseges-intelligencia-elott-uzleti-intelligenciara-van-szukseg","status":"publish","type":"blog","link":"https:\/\/szta.hu\/en\/blog\/a-mesterseges-intelligencia-elott-uzleti-intelligenciara-van-szukseg\/","title":{"rendered":"A MESTERS\u00c9GES INTELLIGENCIA EL\u0150TT \u00dcZLETI INTELLIGENCI\u00c1RA VAN SZ\u00dcKS\u00c9G"},"content":{"rendered":"<p><strong><img fetchpriority=\"high\" decoding=\"async\" class=\"alignleft wp-image-10542 size-medium\" src=\"https:\/\/szta.hu\/wp-content\/uploads\/2018\/10\/mage-300x188.jpg\" alt=\"\" width=\"300\" height=\"188\" \/>A Sz\u00e9chenyi T\u0151kealap-kezel\u0151 Zrt. is el\u0151ad\u00f3ja volt a Portfolio \u00e9s a Magyar G\u00e9pj\u00e1rm\u0171ipari Egyes\u00fclet (MAGE) \u00e1ltal hatodik alkalommal szervezett j\u00e1rm\u0171ipari konferenci\u00e1nak okt\u00f3ber 18-\u00e1n. A konferencia c\u00e9lul t\u0171zte ki, hogy az ipari digitaliz\u00e1ci\u00f3 \u00e9s a technol\u00f3giai fejleszt\u00e9sek ter\u00e9n \u00e9len j\u00e1r\u00f3 szektor p\u00e9ld\u00e1t mutathasson m\u00e1s ipar\u00e1gak sz\u00e1m\u00e1ra is, \u00e9s seg\u00edthessen megismertetni a r\u00e9sztvev\u0151kkel a j\u00e1rm\u0171iparb\u00f3l \u00e1temelhet\u0151 \u201ej\u00f3 gyakorlatokat\u201d, innov\u00e1ci\u00f3kat, valamint m\u00e1s szektorok mintaprojektjeit is. N\u00e9zz\u00fck, milyen szakmai tartalom hangzott el t\u00f6bbek k\u00f6z\u00f6tt a v\u00e1llalati \u00e1talakul\u00e1s, a technol\u00f3giai fejleszt\u00e9sek, valamint az \u00e1t\u00e1ll\u00e1s finansz\u00edroz\u00e1si lehet\u0151s\u00e9geir\u0151l is!<\/strong><\/p>\n<p>Tordai Bal\u00e1zs, az IVSZ (Informatikai, T\u00e1vk\u00f6zl\u00e9si \u00e9s Elektronikai V\u00e1llalkoz\u00e1sok Sz\u00f6vets\u00e9ge) fejleszt\u00e9si munkacsoport vezet\u0151j\u00e9nek kijelent\u00e9s\u00e9vel a legt\u00f6bben egyet\u00e9rtenek, mely szerint: \u201eAz ipar 4.0 az olyan, mint az es\u0151: biztos, hogy j\u00f6n, de azt m\u00e9g nem tudni, hogy egy olyan \u00e1rv\u00edz lesz bel\u0151le, ami az eg\u00e9sz ipar\u00e1gat els\u00f6pri, vagy a nyom\u00e1n minden term\u0151re fordul. Ez\u00e9rt elengedhetetlen, hogy a v\u00e1llalatoknak legyen egy strat\u00e9gi\u00e1ja, hogy hogyan kezelik ezt a helyzetet, mert aki ezzel nem foglalkozik, az hal\u00e1lra \u00edt\u00e9li v\u00e1llalat\u00e1t a piaci versenyben.\u201d<\/p>\n<p>Az egyik fontos t\u00e9nyez\u0151re, ami az ipar digitaliz\u00e1ci\u00f3j\u00e1t elengedhetetlenn\u00e9 teszi, \u00c1cs Istv\u00e1n, a magyarorsz\u00e1gi Bosch Csoport Ipar 4.0-\u00e9rt felel\u0151s vezet\u0151je vil\u00e1g\u00edtott r\u00e1: az \u00fcgyfelek preferenci\u00e1ja egyre ink\u00e1bb az egyedi gy\u00e1rt\u00e1s ir\u00e1ny\u00e1ba fog eltol\u00f3dni. Ez nagyobb v\u00e1ltoztathat\u00f3s\u00e1got \u00e9s testreszab\u00e1st ig\u00e9nyel a gy\u00e1rt\u00f3soron, azaz egy rugalmas, szabadon berendezhet\u0151 gy\u00e1rt\u00e1si fel\u00fclet kialak\u00edt\u00e1s\u00e1t teszi sz\u00fcks\u00e9gess\u00e9, amiben szinte csak a n\u00e9gy fal a biztos. Az Ipar 4.0 nem egyszer\u0171en robotok implement\u00e1l\u00e1s\u00e1r\u00f3l sz\u00f3l, hanem egy gyorsan \u00e9s k\u00f6nnyen alkalmazkod\u00f3 szervezeti strukt\u00fara \u00e9s technol\u00f3giai folyamat kialak\u00edt\u00e1s\u00e1r\u00f3l, emellett pedig az adatok intelligens felhaszn\u00e1l\u00e1s\u00e1r\u00f3l. Az ipari robotok k\u00e9s\u0151bb ezekre a folyamatokra tudnak r\u00e1\u00e9p\u00fclni.<\/p>\n<p>Steve Guggenheimer, a Microsoft AI guruja a mesters\u00e9ges intelligencia alkalmaz\u00e1s\u00e1r\u00f3l besz\u00e9lt, mely eset\u00e9ben fontos, hogy el\u0151bb business intelligenci\u00e1t kell \u00e9p\u00edteni &#8211; az \u00fczleti folyamatok adatk\u00f6zpontos\u00edt\u00e1sa \u00e9s optimaliz\u00e1l\u00e1sa szolg\u00e1lhat ugyanis az \u00faj\u00edt\u00e1sok alapjak\u00e9nt. \u00a0Az \u00fczleti intelligencia ki\u00e9p\u00edt\u00e9se m\u00e1r \u00f6nmag\u00e1ban is a hat\u00e9konys\u00e1g forr\u00e1sa, az innovat\u00edv g\u00e9pek, robotok alkalmaz\u00e1sa azonban tov\u00e1bb seg\u00edti a n\u00f6veked\u00e9st: ezekkel optimaliz\u00e1lni lehet a termel\u00e9st, kevesebb az anyagfelhaszn\u00e1l\u00e1s, \u00e9s cs\u00f6kken a gy\u00e1rt\u00e1si k\u00f6lts\u00e9g.<\/p>\n<p>[post_newsletter title=&#8221;Iratkozzon fel h\u00edrlevel\u00fcnkre!&#8221;][\/post_newsletter]<\/p>\n<p>A r\u00e9sztvev\u0151k szerint a kkv-k l\u00e1tj\u00e1k, hogy elker\u00fclhetetlen a digitaliz\u00e1ci\u00f3, \u00e1m az \u00e1talakul\u00e1shoz sz\u00fcks\u00e9ges er\u0151forr\u00e1sok nem \u00e1llnak rendelkez\u00e9s\u00fckre. Bacsfay P\u00e9ter, az MFB \u00fcgyvezet\u0151 igazgat\u00f3ja szerint a szektor 700 milli\u00e1rd forintos forr\u00e1shi\u00e1nnyal k\u00fczd, ennyire lenne ugyanis sz\u00fcks\u00e9g ahhoz, hogy a besz\u00e1ll\u00edt\u00f3v\u00e1 v\u00e1l\u00e1s, a region\u00e1lis terjeszked\u00e9s \u00e9s a gener\u00e1ci\u00f3v\u00e1lt\u00e1s kih\u00edv\u00e1sainak akad\u00e1ly\u00e1t sikerre vegye.<\/p>\n<p>Ez az ig\u00e9ny nem \u00fajdons\u00e1g, a korm\u00e1ny az Irinyi-tervvel \u00f6sszhangban t\u00f6bb eszk\u00f6zzel igyekszik szorgalmazni a nemzeti iparfejleszt\u00e9si c\u00e9lokat, \u00edgy a vissza nem t\u00e9r\u00edtend\u0151 p\u00e1ly\u00e1zatok, k\u00e9pz\u00e9si programok mellett t\u00f6bbek k\u00f6z\u00f6tt a t\u0151kebefektet\u00e9sek k\u00f6zvetlen \u00f6szt\u00f6nz\u00e9s\u00e9vel is. A Sz\u00e9chenyi T\u0151kealap-kezel\u0151 Zrt. \u00e1ltal kezelt Irinyi II. Kock\u00e1zati T\u0151kealap az Irinyi Tervben meghat\u00e1rozott, kiemelt ipar\u00e1gakban m\u0171k\u00f6d\u0151 v\u00e1llalkoz\u00e1sok fejleszt\u00e9si \u00e9s digitaliz\u00e1ci\u00f3s folyamatainak finansz\u00edroz\u00e1s\u00e1t hivatott t\u00e1mogatni.<\/p>\n<p>T\u00f6r\u00f6k J\u00f3zsef, a Sz\u00e9chenyi T\u0151kealap-kezel\u0151 Zrt. \u00fczletfejleszt\u00e9si \u00e9s startup igazgat\u00f3ja hangs\u00falyozta, hogy ny\u00edlik az oll\u00f3 a j\u00f3 \u00e9s a kiv\u00e1l\u00f3 v\u00e1llalkoz\u00e1sok k\u00f6z\u00f6tt, a digitaliz\u00e1ci\u00f3 sodr\u00e1ban egyre nagyobb a nyom\u00e1s \u00e9s a verseny. Az azonnali digitaliz\u00e1ci\u00f3 helyett azonban els\u0151 k\u00f6rben \u00e9rdemes a p\u00e9nz\u00fcgyi, vev\u0151kiszolg\u00e1l\u00e1si, gy\u00e1rt\u00e1si \u00e9s beszerz\u00e9si folyamatokat rendbe rakni \u00e9s ezt k\u00f6vetheti a folyamatok digitaliz\u00e1l\u00e1sa.<\/p>\n","protected":false},"featured_media":10542,"template":"","class_list":["post-10532","blog","type-blog","status-publish","has-post-thumbnail","hentry"],"acf":[],"_links":{"self":[{"href":"https:\/\/szta.hu\/en\/wp-json\/wp\/v2\/blog\/10532","targetHints":{"allow":["GET"]}}],"collection":[{"href":"https:\/\/szta.hu\/en\/wp-json\/wp\/v2\/blog"}],"about":[{"href":"https:\/\/szta.hu\/en\/wp-json\/wp\/v2\/types\/blog"}],"wp:featuredmedia":[{"embeddable":true,"href":"https:\/\/szta.hu\/en\/wp-json\/"}],"wp:attachment":[{"href":"https:\/\/szta.hu\/en\/wp-json\/wp\/v2\/media?parent=10532"}],"curies":[{"name":"wp","href":"https:\/\/api.w.org\/{rel}","templated":true}]}}