{"id":10702,"date":"2018-11-05T12:39:46","date_gmt":"2018-11-05T10:39:46","guid":{"rendered":"http:\/\/www.blog.sztateszt.7digits.net\/?post_type=blog&amp;p=10702"},"modified":"2018-11-05T12:39:46","modified_gmt":"2018-11-05T10:39:46","slug":"varja-a-jelentkezoket-az-oszi-hipa-tokeakademia","status":"publish","type":"blog","link":"https:\/\/szta.hu\/en\/blog\/varja-a-jelentkezoket-az-oszi-hipa-tokeakademia\/","title":{"rendered":"V\u00e1rja a jelentkez\u0151ket az \u0151szi HIPA T\u0151keakad\u00e9mia"},"content":{"rendered":"<p><strong><img fetchpriority=\"high\" decoding=\"async\" class=\"alignleft wp-image-10712 size-medium\" src=\"https:\/\/szta.hu\/wp-content\/uploads\/2018\/11\/T\u0151keakad\u00e9mia-300x217.png\" alt=\"\" width=\"300\" height=\"217\" \/>Milyen finansz\u00edroz\u00e1si lehet\u0151s\u00e9gek \u00e1llnak a c\u00e9g rendelkez\u00e9s\u00e9re? Hogyan \u00e9rdemes kialak\u00edtani az \u00fczleti tervet \u00e9s befektet\u0151t keresni a v\u00e1llalkoz\u00e1sa sz\u00e1m\u00e1ra? 2018 november\u00e9t\u0151l indul a Nemzeti Befektet\u00e9si \u00dcgyn\u00f6ks\u00e9g (HIPA) t\u0151kebevon\u00e1si ismeretek t\u00e9m\u00e1ban szervezett tanfolyama, amely keret\u00e9ben az r\u00e9sztvev\u0151k v\u00e1laszt kaphatnak t\u0151kebevon\u00e1ssal kapcsolatos k\u00e9rd\u00e9seikre. A T\u0151keakad\u00e9mia k\u00fcldet\u00e9se, hogy gyarap\u00edtsa a magyar v\u00e1llalatok forr\u00e1sbevon\u00e1si ismereteit \u00e9s jav\u00edtsa a v\u00e1llalkoz\u00e1sok befektet\u00e9seket vonz\u00f3 tulajdons\u00e1gait. A tanfolyamra november 8-ig v\u00e1rj\u00e1k az \u00e9rdekl\u0151d\u0151k jelentkez\u00e9s\u00e9t!<\/strong><\/p>\n<p><strong>\u00a0<\/strong><\/p>\n<p>A k\u00e9pz\u00e9s els\u0151sorban olyan c\u00e9geknek, projektgazd\u00e1knak sz\u00f3l, akik az \u00f6tlet f\u00e1zison m\u00e1r t\u00faljutottak, protot\u00edpussal, vagy ak\u00e1r term\u00e9kkel rendelkeznek. A 25-30 f\u0151s interakt\u00edv tr\u00e9ningeken a korszer\u0171 piaci, \u00fczleti tervez\u00e9si, p\u00e9nz\u00fcgyi, forr\u00e1sbevon\u00e1si \u00e9s c\u00e9gprezent\u00e1ci\u00f3s ismereteket t\u0151kebevon\u00e1sban illet\u00e9kes szak\u00e9rt\u0151k, befektet\u0151k, illetve a <a href=\"https:\/\/hipa.hu\/hu_HU\/kezdolap\" target=\"_blank\" rel=\"noopener nofollow\">HIPA<\/a> illet\u00e9kes munkat\u00e1rsai adj\u00e1k \u00e1t. Az elhangzottak gyakorlatba val\u00f3 \u00e1t\u00fcltet\u00e9s\u00e9re is lesz lehet\u0151s\u00e9g, az ABSOLVO vezet\u0151 tan\u00e1csad\u00f3inak ir\u00e1ny\u00edt\u00e1s\u00e1val, kicsoportos feladatok megold\u00e1sa r\u00e9v\u00e9n. A r\u00e9sztvev\u0151k &#8211; amellett, hogy egym\u00e1st\u00f3l is tanulhatnak, tapasztalatot cser\u00e9lhetnek \u2013 megismerhetik a befektet\u00e9si projektekben \u00e9rintett v\u00e1llalkoz\u00f3k, illetve a befektet\u0151k tapasztalatait.<\/p>\n<p>A tanfolyam 4&#215;1 napos konstrukci\u00f3ban fog megval\u00f3sulni, budapesti helysz\u00ednen 2018. november 15-\u00e9n, 22-\u00e9n, 28-\u00e1n \u00e9s december 6-\u00e1n. A n\u00e9gy alkalom sor\u00e1n a t\u0151kebevon\u00e1si folyamatokkal kapcsolatos ismereteken Horgos L\u00e9n\u00e1rd, az Absolvo Consulting partnere vezeti v\u00e9gig a r\u00e9sztvev\u0151ket. A program els\u0151 napj\u00e1n a kock\u00e1zati t\u0151k\u00e9vel kapcsolatos alapismeretek mellett a j\u00f3 \u00f6tletekr\u0151l \u00e9s az igaz\u00e1n keresett projektekr\u0151l lesz sz\u00f3. Olyan sikeres startupok osztj\u00e1k meg tapasztalataikat a r\u00e9sztvev\u0151kkel, mint a vil\u00e1gsiker\u0171 magyar orvosi alkalmaz\u00e1st fejleszt\u0151 InSimu vagy a vakok sz\u00e1m\u00e1ra olvas\u00f3keszty\u0171t kialak\u00edt\u00f3 <a href=\"https:\/\/szta.hu\/megvannak-a-pitchpalace-hungary-1-0-nyertes-startupjai\/\" target=\"_blank\" rel=\"noopener\">GlovEye<\/a>. \u00a0A m\u00e1sodik alkalommal a n\u00f6veked\u0151 f\u00e1zisban l\u00e9v\u0151 c\u00e9gek finansz\u00edroz\u00e1si lehet\u0151s\u00e9gei mellett a protot\u00edpusok, a befektet\u0151i prezent\u00e1ci\u00f3k \u00e9s szerz\u0151d\u00e9sek lesznek a ter\u00edt\u00e9ken, valamint az \u00fczleti tervhez sz\u00fcks\u00e9ges folyamatokba \u00e9s vizsg\u00e1latokba is belek\u00f3stolhatnak a r\u00e9sztvev\u0151k.<\/p>\n<p>[post_newsletter title=&#8221;Iratkozzon fel h\u00edrlevel\u00fcnkre!&#8221;][\/post_newsletter]<\/p>\n<p>A harmadik napon az el\u0151ad\u00f3k \u00e1tfog\u00f3 k\u00e9pet v\u00e1zolnak fel a c\u00e9g \u00e9rt\u00e9k\u00e9t meghat\u00e1roz\u00f3 t\u00e9nyez\u0151kr\u0151l, valamint megosztj\u00e1k tapasztalataikat a t\u0151kebevon\u00e1sra alkalmas csapat, szervezet fejleszt\u00e9se kapcs\u00e1n is. A befektet\u0151i szakemberekb\u0151l \u00e1ll\u00f3 kerekasztal besz\u00e9lget\u00e9sen a Sz\u00e9chenyi T\u0151kealap-kezel\u0151 Zrt. is k\u00e9pviselteti mag\u00e1t, T\u00f6r\u00f6k J\u00f3zsef \u00fczletfejleszt\u00e9si \u00e9s startup igazgat\u00f3 Garamv\u00f6lgyi Bal\u00e1zzsal, az MFB Invest vez\u00e9rigazgat\u00f3j\u00e1val, valamint Zsembery Levent\u00e9vel, az XVentures Zrt. vez\u00e9rigazgat\u00f3j\u00e1val vitatja meg, hogy milyen t\u00e9nyez\u0151k ment\u00e9n keresnek a befektet\u0151k projekteket.<\/p>\n<p>Az utols\u00f3 napon a Budapesti \u00c9rt\u00e9kt\u0151zsde mutatja be a k\u00f6z\u00e9pv\u00e1llalatok sz\u00e1m\u00e1ra k\u00edn\u00e1lt szolg\u00e1ltat\u00e1sait, t\u00f6bbek k\u00f6z\u00f6tt a nemzetk\u00f6zi v\u00e1llalatfejleszt\u00e9si k\u00e9pz\u00e9s, az ELITE Programot \u00e9s a B\u00c9T Xtend k\u00f6z\u00e9pv\u00e1llalati piacot. De sz\u00f3 lesz a Sz\u00e9chenyi T\u0151kealap-kezel\u0151 Zrt. \u00e1ltal kezelt, 13 milli\u00e1rd forintos keret\u00f6sszeggel m\u0171k\u00f6d\u0151 <a href=\"https:\/\/szta.hu\/minden-amit-tudni-kell-a-nemzeti-tozsdefejlesztesi-alaprol\/\" target=\"_blank\" rel=\"noopener\">Nemzeti T\u0151zsdefejleszt\u00e9si Alapr\u00f3l<\/a> is, mely a k\u00f6z\u00e9pv\u00e1llalatok t\u0151zsdei megjelen\u00e9s\u00e9t hivatott t\u00e1mogatni. A d\u00e9lel\u0151tt folyam\u00e1n a r\u00e9sztvev\u0151knek lehet\u0151s\u00e9g\u00fck ny\u00edlik a tanultak alapj\u00e1n c\u00e9g\u00fck, projektj\u00fck prezent\u00e1l\u00e1s\u00e1ra, melyre vonatkoz\u00f3an szakmai visszajelz\u00e9seket is kapnak a szak\u00e9rt\u0151kt\u0151l \u00e9s tr\u00e9nerekt\u0151l. A program z\u00e1r\u00e1sak\u00e9nt az esti g\u00e1lavacsora biztos\u00edt kiv\u00e1l\u00f3 lehet\u0151s\u00e9get networking-re \u00e9s a tapasztalatok megoszt\u00e1s\u00e1ra.<\/p>\n<p>&nbsp;<\/p>\n<p>Tov\u00e1bbi inform\u00e1ci\u00f3 \u00e9s jelentkez\u00e9s <a href=\"https:\/\/hipa.hu\/hu_HU\/osszel-is-elindul-a-hipa-tokeakademia-programterv-es-jelentkezesi-lap\" target=\"_blank\" rel=\"noopener nofollow\">itt.<\/a><\/p>\n<p>&nbsp;<\/p>\n","protected":false},"featured_media":10732,"template":"","class_list":["post-10702","blog","type-blog","status-publish","has-post-thumbnail","hentry"],"acf":[],"_links":{"self":[{"href":"https:\/\/szta.hu\/en\/wp-json\/wp\/v2\/blog\/10702","targetHints":{"allow":["GET"]}}],"collection":[{"href":"https:\/\/szta.hu\/en\/wp-json\/wp\/v2\/blog"}],"about":[{"href":"https:\/\/szta.hu\/en\/wp-json\/wp\/v2\/types\/blog"}],"wp:featuredmedia":[{"embeddable":true,"href":"https:\/\/szta.hu\/en\/wp-json\/"}],"wp:attachment":[{"href":"https:\/\/szta.hu\/en\/wp-json\/wp\/v2\/media?parent=10702"}],"curies":[{"name":"wp","href":"https:\/\/api.w.org\/{rel}","templated":true}]}}