{"id":11012,"date":"2018-11-16T10:40:08","date_gmt":"2018-11-16T08:40:08","guid":{"rendered":"http:\/\/www.blog.sztateszt.7digits.net\/?post_type=blog&amp;p=11012"},"modified":"2018-11-16T10:40:08","modified_gmt":"2018-11-16T08:40:08","slug":"modern-gyarak-ejszakaja-okos-gyarak-elso-kezbol","status":"publish","type":"blog","link":"https:\/\/szta.hu\/en\/blog\/modern-gyarak-ejszakaja-okos-gyarak-elso-kezbol\/","title":{"rendered":"Modern Gy\u00e1rak \u00c9jszak\u00e1ja &#8211; Okos gy\u00e1rak els\u0151 k\u00e9zb\u0151l"},"content":{"rendered":"<p><strong><img fetchpriority=\"high\" decoding=\"async\" class=\"alignleft wp-image-11042 size-medium\" src=\"https:\/\/szta.hu\/wp-content\/uploads\/2018\/11\/shutterstock_420803074-300x206.jpg\" alt=\"\" width=\"300\" height=\"206\" \/>Mit\u0151l okos egy okosgy\u00e1r? Hogyan m\u0171k\u00f6dik, milyen technikai megold\u00e1sokat alkalmaznak benne? Hogyan n\u00e9z ki az ipar j\u00f6v\u0151je? A tavaly deb\u00fct\u00e1lt Modern Gy\u00e1rak \u00c9jszak\u00e1ja id\u00e9n is megrendez\u00e9sre ker\u00fcl 2018. november 16-\u00e1n, azzal a c\u00e9llal, hogy seg\u00edtsen \u00e1t\u00edrni az iparr\u00f3l alkotott idej\u00e9tm\u00falt elk\u00e9pzel\u00e9seket \u00e9s ir\u00e1nymutat\u00e1st ny\u00fajtson a kkv-k d\u00f6nt\u00e9shoz\u00f3i sz\u00e1m\u00e1ra. 12 megye 36 gy\u00e1r\u00e1ban v\u00e1rj\u00e1k azokat, akik \u00e9l\u0151ben is megismerkedn\u00e9nek a legmodernebb technol\u00f3gi\u00e1kkal \u00e9s megold\u00e1sokkal. <\/strong><\/p>\n<p><a href=\"https:\/\/szta.hu\/ipar-4-0-veszely-a-magyar-termelokre\/\" target=\"_blank\" rel=\"noopener\">Egyre s\u00fcrget\u0151bb k\u00f6vetelm\u00e9ny<\/a> a termel\u00e9si szektorban a szervezeti strukt\u00fara \u00e9s gy\u00e1rt\u00e1si folyamatok rugalmass\u00e1ga, \u00e1tl\u00e1that\u00f3s\u00e1ga, illetve ezek intelligens alak\u00edthat\u00f3s\u00e1ga \u00e9s optimaliz\u00e1l\u00e1sa. A digitaliz\u00e1ci\u00f3 \u00e9s a robotiz\u00e1ci\u00f3 azonban lassan terjed, sz\u00e1mos v\u00e1llalatn\u00e1l implement\u00e1l\u00e1suk <a href=\"https:\/\/szta.hu\/felelmek-az-ipar-4-0-val-kapcsolatban-4-belso-hang-amire-nem-szabad-hallgatni\/\" target=\"_blank\" rel=\"noopener\">akad\u00e1lyokba \u00fctk\u00f6zik<\/a>, ez\u00e9rt kiemelten fontosak azok a platformok, amelyek az ipar 4.0 j\u00f3 gyakorlatait megtapasztalhat\u00f3v\u00e1 \u00e9s el\u00e9rhet\u0151v\u00e9 teszik.<\/p>\n<p>A Modern Gy\u00e1rak \u00e9jszak\u00e1ja \u2013 a 2017 elej\u00e9n indul\u00f3 <a href=\"https:\/\/szta.hu\/hogyan-tamogatja-az-ipar-4-0-mintagyar-projekt-az-ipari-kkv-k-fejlodeset\/\" target=\"_blank\" rel=\"noopener\">Ipar 4.0 Mintagy\u00e1r projekt<\/a> keret\u00e9ben \u2013 ebben hivatott t\u00e1mogat\u00e1st ny\u00fajtani a kis- \u00e9s k\u00f6z\u00e9pv\u00e1llalatok sz\u00e1m\u00e1ra. A GINOP-1.1.3-16 p\u00e1ly\u00e1zat r\u00e9v\u00e9n megval\u00f3sul\u00f3 projekt f\u00f3kusza els\u0151sorban a lemarad\u00f3 r\u00e9gi\u00f3kban m\u0171k\u00f6d\u0151 v\u00e1llalatok szakmai t\u00e1mogat\u00e1sa a digit\u00e1lis \u00e1t\u00e1ll\u00e1st m\u00e1r sikeresen megl\u00e9p\u0151 mintagy\u00e1rak, illetve szak\u00e9rt\u0151k seg\u00edts\u00e9g\u00e9vel. A szeml\u00e9letform\u00e1l\u00f3 kamp\u00e1ny tavalyi esem\u00e9nye, a Modern Gy\u00e1rak \u00c9jszak\u00e1ja nagy sikerrel z\u00e1rult, amely id\u00e9n m\u00e9g nagyobb \u00e9rdekl\u0151d\u00e9snek k\u00edv\u00e1n eleget tenni. A j\u00f6v\u0151ben a moderniz\u00e1ci\u00f3 hat\u00e9konyabb terjeszt\u00e9se \u00e9rdek\u00e9ben nem \u00e9vente, hanem negyed\u00e9vente k\u00edv\u00e1nj\u00e1k megrendezni a programot. Gy\u00f6rgy L\u00e1szl\u00f3, az Innov\u00e1ci\u00f3s \u00e9s Technol\u00f3giai Miniszt\u00e9rium \u00e1llamtitk\u00e1ra szerint a magyar gazdas\u00e1g moderniz\u00e1ci\u00f3ja nem els\u0151sorban p\u00e9nz k\u00e9rd\u00e9se, \u00e1m a korm\u00e1ny a jelenlegi uni\u00f3s fejleszt\u00e9si ciklusban k\u00f6zel 100 milli\u00e1rd forintot ford\u00edt az \u00fajraiparos\u00edt\u00e1s megval\u00f3s\u00edt\u00e1s\u00e1ra.<\/p>\n<p>[post_newsletter title=&#8221;Iratkozzon fel h\u00edrlevel\u00fcnkre!&#8221;][\/post_newsletter]<\/p>\n<p>Harminchat gy\u00e1r, kilenc szektorb\u00f3l jelentkezett az idei programra, ezek legt\u00f6bbje az aut\u00f3ipar, a g\u00e9pipar \u00e9s az elektronika ter\u00fclet\u00e9n tev\u00e9kenykedik, de csatlakoztak az esem\u00e9nyhez az \u00e9lelmiszeriparb\u00f3l \u00e9s a gy\u00f3gyszeriparb\u00f3l is. Olyan nagy szerepl\u0151k \u00edrj\u00e1k fel\u00fcl id\u00e9n a l\u00e1togat\u00f3k iparr\u00f3l alkotott elk\u00e9pzel\u00e9seit, mint a Bosch c\u00e9gcsoport, a portf\u00f3li\u00f3c\u00e9g\u00fcnkkel, az AXS-sel egy\u00fcttm\u0171k\u00f6d\u0151 <a href=\"https:\/\/szta.hu\/uj-dizelmotor-az-audinal-az-axs-sel-terveztek-az-okos-gyartosort\/\" target=\"_blank\" rel=\"noopener\">Audi Hung\u00e1ria<\/a>, a Knorr-Bremse, de kinyitja kapuit p\u00e9ld\u00e1ul a Lego ny\u00edregyh\u00e1zi egys\u00e9ge is.<\/p>\n<p>A j\u00f6v\u0151 fel\u00e9 j\u00f3 \u00faton halad\u00f3 modern gy\u00e1rakb\u00f3l az esem\u00e9ny <a href=\"https:\/\/moderngyarakejszakaja.hu\/\" target=\"_blank\" rel=\"noopener nofollow\">weboldal\u00e1n<\/a> \u00e9rdemes csemeg\u00e9zni, az ipar\u00e1g \u00e9s t\u00e9rk\u00e9p szerint sz\u0171rhet\u0151 list\u00e1ban. A regisztr\u00e1ci\u00f3t \u2013 szint\u00e9n a weboldalon v\u00e1rj\u00e1k a szervez\u0151k \u2013 \u00e9rdemes min\u00e9l el\u0151bb megejteni, hiszen folyamatosan fogynak a rendelkez\u00e9sre \u00e1ll\u00f3 helyek.<\/p>\n<p>Az Ipar 4.0-s fejleszt\u00e9sek \u00e9s a v\u00e1llalati folyamatok digitaliz\u00e1ci\u00f3j\u00e1nak t\u0151keoldali finansz\u00edroz\u00e1s\u00e1t t\u00e1mogatja a Sz\u00e9chenyi T\u0151kealap-kezel\u0151 Zrt. \u00e1ltal kezelt <a href=\"https:\/\/irinyi.sztateszt.7digits.net\/\" target=\"_blank\" rel=\"noopener nofollow\">Irinyi II. Kock\u00e1zati T\u0151kealap<\/a> is, ezzel el\u0151seg\u00edtve a magyar ipar eur\u00f3pai versenypoz\u00edci\u00f3j\u00e1nak er\u0151s\u00edt\u00e9s\u00e9t.<\/p>\n<p>&nbsp;<\/p>\n","protected":false},"featured_media":11042,"template":"","class_list":["post-11012","blog","type-blog","status-publish","has-post-thumbnail","hentry"],"acf":[],"_links":{"self":[{"href":"https:\/\/szta.hu\/en\/wp-json\/wp\/v2\/blog\/11012","targetHints":{"allow":["GET"]}}],"collection":[{"href":"https:\/\/szta.hu\/en\/wp-json\/wp\/v2\/blog"}],"about":[{"href":"https:\/\/szta.hu\/en\/wp-json\/wp\/v2\/types\/blog"}],"wp:featuredmedia":[{"embeddable":true,"href":"https:\/\/szta.hu\/en\/wp-json\/"}],"wp:attachment":[{"href":"https:\/\/szta.hu\/en\/wp-json\/wp\/v2\/media?parent=11012"}],"curies":[{"name":"wp","href":"https:\/\/api.w.org\/{rel}","templated":true}]}}