{"id":11132,"date":"2018-11-26T17:12:21","date_gmt":"2018-11-26T15:12:21","guid":{"rendered":"http:\/\/www.blog.sztateszt.7digits.net\/?post_type=blog&amp;p=11132"},"modified":"2018-11-26T17:12:21","modified_gmt":"2018-11-26T15:12:21","slug":"startupok-ejszakaja-bemutatkozik-a-budapesti-startup-okoszisztema","status":"publish","type":"blog","link":"https:\/\/szta.hu\/en\/blog\/startupok-ejszakaja-bemutatkozik-a-budapesti-startup-okoszisztema\/","title":{"rendered":"Startupok \u00c9jszak\u00e1ja &#8211; bemutatkozik a budapesti startup \u00f6kosziszt\u00e9ma"},"content":{"rendered":"<p><strong><img fetchpriority=\"high\" decoding=\"async\" class=\"size-medium wp-image-11152 alignleft\" src=\"https:\/\/szta.hu\/wp-content\/uploads\/2018\/11\/shutterstock_427673881-300x300.jpg\" alt=\"\" width=\"300\" height=\"300\" \/>A Budapesti V\u00e1llalkoz\u00e1sfejleszt\u00e9si K\u00f6zalap\u00edtv\u00e1ny szervez\u00e9s\u00e9ben 2018. november 27-\u00e9n imm\u00e1r negyedik alkalommal ker\u00fcl megrendez\u00e9sre a Startupok \u00c9jszak\u00e1ja a B\u00e1lna Budapest rendezv\u00e9nyk\u00f6zpontban. A rendezv\u00e9ny f\u00f3kusz\u00e1ban a budapesti startup \u00e9s &#8211; a region\u00e1lis vezet\u0151 szerepre t\u00f6r\u0151 &#8211; innov\u00e1ci\u00f3s \u00f6kosziszt\u00e9ma \u00e1ll, melyet kerekasztal-besz\u00e9lget\u00e9sek, szakmai el\u0151ad\u00e1sok, j\u00f3 gyakorlatok ismertet\u00e9se \u00e9s izgalmas ki\u00e1ll\u00edt\u00f3k r\u00e9v\u00e9n j\u00e1r k\u00f6rbe a program. <\/strong><\/p>\n<p>A Budapesti V\u00e1llalkoz\u00e1sfejleszt\u00e9si K\u00f6zalap\u00edtv\u00e1ny, mint a Magyarorsz\u00e1gon egyetlen eur\u00f3pai min\u0151s\u00edt\u00e9ssel rendelkez\u0151 Business Innovation Center, elk\u00f6telezett a kkv-k \u00e9s startupok t\u00e1mogat\u00e1s\u00e1ban, \u00edgy \u00e1tfog\u00f3 seg\u00edts\u00e9get ny\u00fajt sz\u00e1mukra abban, hogy fejleszt\u00e9seiket min\u00e9l t\u00f6bben megismerhess\u00e9k vil\u00e1gszerte. Az alap\u00edtv\u00e1ny c\u00e9lja, hogy a nemzetk\u00f6zi j\u00f3 gyakorlatokat a kiemelked\u0151 startupokhoz eljuttassa, illetve a budapesti startup \u00f6kosziszt\u00e9m\u00e1t min\u00e9l t\u00f6bb helysz\u00ednen, orsz\u00e1gos \u00e9s nemzetk\u00f6zi szinten is bemutassa. Ennek r\u00e9szek\u00e9nt a Startupok \u00c9jszak\u00e1j\u00e1n a k\u00f6z\u00f6ns\u00e9gnek, startupoknak, hazai \u00e9s k\u00fclf\u00f6ldi szakembereknek, befektet\u0151knek, illetve v\u00e1llalkoz\u00f3knak ny\u00fajtanak teret a f\u0151v\u00e1ros innov\u00e1ci\u00f3s k\u00f6rk\u00e9p\u00e9nek szeml\u00e9j\u00e9re november 27-\u00e9n 18 \u00e9s 22 \u00f3ra k\u00f6z\u00f6tt.<\/p>\n<p>A szakmai \u00e9rdekl\u0151d\u0151k mellett b\u00e1rkinek \u00e9rdemes ell\u00e1togatnia a ki\u00e1ll\u00edt\u00e1sra, aki valamilyen m\u00f3don k\u00f6t\u0151dik a startupok vil\u00e1g\u00e1hoz, vagy a j\u00f6v\u0151ben munkav\u00e1llal\u00f3k\u00e9nt k\u00e9pzeli el mag\u00e1t ebben a k\u00f6zegben, hiszen ezek a dinamikusan n\u00f6veked\u0151, nemzetk\u00f6zi sz\u00ednt\u00e9rre is k\u00e9sz\u00fcl\u0151 c\u00e9gek fokozott intenzit\u00e1ssal t\u00f6rekednek csapatuk b\u0151v\u00edt\u00e9s\u00e9re.<\/p>\n<p>[post_newsletter title=&#8221;Iratkozzon fel h\u00edrlevel\u00fcnkre!&#8221;][\/post_newsletter]<\/p>\n<p>Az esem\u00e9nyt Varga Mih\u00e1ly, p\u00e9nz\u00fcgyminiszter nyitja meg k\u00f6sz\u00f6nt\u0151j\u00e9vel, de megnyit\u00f3 besz\u00e9det tart majd Dr. Bagdy G\u00e1bor, Budapest F\u0151v\u00e1ros f\u0151polg\u00e1rmester-helyettese is. A k\u00f6sz\u00f6nt\u0151k ut\u00e1n bemutatkozik t\u00f6bb d\u00edjnyertes budapesti \u00e9s k\u00fclf\u00f6ldi startup is \u2013 a 8. Be Smart startup verseny d\u00edj\u00e1tad\u00f3 keret\u00e9ben.<\/p>\n<p>Az \u00e9rdekl\u0151d\u0151k megismerhetik a startupok m\u00f6g\u00f6tt \u00e1ll\u00f3, azokat fejleszt\u0151 \u00e9s t\u00e1mogat\u00f3 szervezeteket \u00e9s v\u00e1llalatokat is, hiszen jelen lesznek a Semmelweis Egyetem, illetve a Budapesti Gazdas\u00e1gi Egyetem innov\u00e1ci\u00f3s szervezetei \u00e9s a Nemzeti Fejleszt\u00e9si \u00e9s Innov\u00e1ci\u00f3s hivatal k\u00e9pvisel\u0151i is, akik arr\u00f3l sz\u00e1molnak majd be, hogy hogyan j\u00e1rulnak hozz\u00e1 a startupok \u00e9s az innovat\u00edv kkv-k siker\u00e9hez. Besz\u00e9det tart t\u00f6bbek k\u00f6z\u00f6tt Dr. Heidrich Bal\u00e1zs, a Budapesti Gazdas\u00e1gi Egyetem rektora, \u00e9s Dr. Laz\u00e1nyi Korn\u00e9lia,\u00a0az \u00d3budai Egyetem Keleti K\u00e1roly Gazdas\u00e1gi Kar d\u00e9k\u00e1nja is.<\/p>\n<p>A F\u0151v\u00e1ros nemzetk\u00f6zi kapcsolatrendszer\u00e9nek szerep\u00e9r\u0151l \u00e9s lehet\u0151s\u00e9geir\u0151l is sz\u00f3 lesz, mik\u00f6zben startup sikert\u00f6rt\u00e9netekb\u0151l is inspir\u00e1l\u00f3dhatnak a r\u00e9sztvev\u0151k. Megtal\u00e1lhatjuk majd a Route4U fejleszt\u0151i csapat\u00e1t, akik egy kereshet\u0151 \u00e9s tervezhet\u0151 akad\u00e1lymentess\u00e9gi t\u00e9rk\u00e9p alkalmaz\u00e1st hoztak l\u00e9tre. Az este kiv\u00e1l\u00f3 alkalom lesz a networkingre is, a k\u00eds\u00e9r\u0151program keret\u00e9ben pedig f\u0151v\u00e1rosi \u00e9s \u00e1llami startup programok, inkub\u00e1torok is bemutatkoznak.<\/p>\n<p>A programr\u00f3l b\u0151vebben a <a href=\"https:\/\/startupokejszakaja.hu\/startupok-ejszakaja-2017\/\" rel=\"nofollow noopener\" target=\"_blank\">rendezv\u00e9ny oldal\u00e1n<\/a> t\u00e1j\u00e9koz\u00f3dhatunk, regisztr\u00e1lni <a href=\"https:\/\/startupokejszakaja.hu\/regisztracio\/\" rel=\"nofollow noopener\" target=\"_blank\">itt<\/a> lehet.<\/p>\n","protected":false},"featured_media":11152,"template":"","class_list":["post-11132","blog","type-blog","status-publish","has-post-thumbnail","hentry"],"acf":[],"_links":{"self":[{"href":"https:\/\/szta.hu\/en\/wp-json\/wp\/v2\/blog\/11132","targetHints":{"allow":["GET"]}}],"collection":[{"href":"https:\/\/szta.hu\/en\/wp-json\/wp\/v2\/blog"}],"about":[{"href":"https:\/\/szta.hu\/en\/wp-json\/wp\/v2\/types\/blog"}],"wp:featuredmedia":[{"embeddable":true,"href":"https:\/\/szta.hu\/en\/wp-json\/"}],"wp:attachment":[{"href":"https:\/\/szta.hu\/en\/wp-json\/wp\/v2\/media?parent=11132"}],"curies":[{"name":"wp","href":"https:\/\/api.w.org\/{rel}","templated":true}]}}