{"id":11302,"date":"2018-12-03T13:33:39","date_gmt":"2018-12-03T11:33:39","guid":{"rendered":"http:\/\/www.blog.sztateszt.7digits.net\/?post_type=blog&amp;p=11302"},"modified":"2018-12-03T13:33:39","modified_gmt":"2018-12-03T11:33:39","slug":"fontos-befektetesi-celpont-az-egeszsegugy-portfolio-private-health-forum-2018","status":"publish","type":"blog","link":"https:\/\/szta.hu\/en\/blog\/fontos-befektetesi-celpont-az-egeszsegugy-portfolio-private-health-forum-2018\/","title":{"rendered":"Fontos befektet\u00e9si c\u00e9lpont az eg\u00e9szs\u00e9g\u00fcgy \u2013 Portfolio Private Health Forum 2018"},"content":{"rendered":"<p><strong><img fetchpriority=\"high\" decoding=\"async\" class=\"size-medium wp-image-11312 alignleft\" src=\"https:\/\/szta.hu\/wp-content\/uploads\/2018\/12\/portfolio_private_health_forum_2018_690_VvuW-300x200.jpg\" alt=\"\" width=\"300\" height=\"200\" \/>Nagy a mozgol\u00f3d\u00e1s ma az eg\u00e9szs\u00e9g\u00fcgy \u00e9s eg\u00e9szs\u00e9gipar ter\u00fclet\u00e9n, ahol az innov\u00e1ci\u00f3k \u00e9s a digitaliz\u00e1lt megold\u00e1sok egyre nagyobb teret nyernek. Az eg\u00e9szs\u00e9g\u00fcgyi szektor tal\u00e1lkoz\u00e1si pontj\u00e1ul szolg\u00e1l\u00f3 Portfolio Private Health Forum id\u00e9n az aktu\u00e1lis finansz\u00edroz\u00e1si k\u00e9rd\u00e9sekre f\u00f3kusz\u00e1lt: milyen szerepe lesz a j\u00f6v\u0151ben az \u00e1llami forr\u00e1soknak, a biztos\u00edt\u00f3knak, a v\u00e1llalatoknak \u00e9s a befektet\u0151knek az eg\u00e9szs\u00e9g\u00fcgy form\u00e1l\u00e1s\u00e1ban?<\/strong><\/p>\n<p>Az els\u0151 szekci\u00f3ban k\u00f6rvonalaz\u00f3dott a magyar mag\u00e1neg\u00e9szs\u00e9g\u00fcgyi piac helyzete a k\u00f6z\u00e9p-eur\u00f3pai r\u00e9gi\u00f3ban: a 10 legnagyobb hazai mag\u00e1neg\u00e9szs\u00e9g\u00fcgyi szolg\u00e1ltat\u00f3 c\u00e9g \u00e9ves \u00e1rbev\u00e9tele id\u00e9n 30 milli\u00e1rd f\u00f6l\u00e9 kerekedhet. Az eg\u00e9szs\u00e9g\u00fcgyi ipar\u00e1g a kelet-eur\u00f3pai r\u00e9gi\u00f3kban l\u00e1tv\u00e1nyosan b\u0151v\u00fcl, \u00e9s hatalmas, esetenk\u00e9nt ak\u00e1r 20% feletti a n\u00f6veked\u00e9s. A londoni befektet\u0151k k\u00f6r\u00e9ben \u00e9pp ez\u00e9rt a t\u00e9rs\u00e9g kiemelt befektet\u00e9si c\u00e9lpont, az eg\u00e9szs\u00e9g\u00fcgyi beruh\u00e1z\u00e1sok term\u00e9szet\u00e9b\u0151l ad\u00f3dik azonban, hogy lassan, jellemz\u0151en 10 \u00e9v ut\u00e1n t\u00e9r\u00fclnek meg.<\/p>\n<p>A mag\u00e1neg\u00e9szs\u00e9g\u00fcgy izgalmas fejlem\u00e9nyei mellett a konferencia kit\u00e9rt az egyre akt\u00edvabb eg\u00e9szs\u00e9g\u00fcgyi startup vil\u00e1gra \u00e9s term\u00e9szetesen az eg\u00e9szs\u00e9g\u00fcgyi innov\u00e1ci\u00f3k \u00e9s digit\u00e1lis megold\u00e1sok is sz\u00f3ba ker\u00fcltek. Az egyik panelbesz\u00e9lget\u00e9sben n\u00e9gy startap alap\u00edt\u00f3-vezet\u0151 ker\u00fclt egym\u00e1s mell\u00e9: G\u00e1l Viktor, az OrthoPred Kft. alap\u00edt\u00f3 vez\u00e9rigazgat\u00f3ja elmondta, hogy \u0151k a k\u00fcl\u00f6nb\u00f6z\u0151 orvosi k\u00e9palkot\u00e1si folyamatok, MR-ek teljesk\u00f6r\u0171 m\u0171k\u00f6d\u00e9s\u00e9nek felforgat\u00e1s\u00e1t tervezik azzal, hogy automatiz\u00e1lj\u00e1k ezeket a folyamatokat. Havlik K\u00e1roly \u00e9s a DiabTrend csapata a cukorbetegek mindennapjaihoz \u00e9s inzulinkezel\u00e9s\u00e9hez ny\u00fajt fontos seg\u00edts\u00e9get: mesters\u00e9ges intelligencia alapon monitorozz\u00e1k \u00e9s jelzik el\u0151re a kliensek \u00e1llapot\u00e1t. Horv\u00e1th Bence, a Spicy Analytics Kft. \u00fcgyvezet\u0151 igazgat\u00f3ja pedig arr\u00f3l mes\u00e9lt, hogy olyan automat\u00e1kat k\u00edv\u00e1nnak \u00e9p\u00edteni, melyek seg\u00edts\u00e9g\u00e9vel a laikusok \u00e9s az eg\u00e9szs\u00e9g\u00fcgyi szakemberek \u00f6ssze tudnak \u00e1ll\u00edtani data science projekteket, azaz nagy adatt\u00f6megekb\u0151l szoftveres \u00faton tudnak levonni k\u00f6vetkeztet\u00e9seket. Somogyi Tibor, a DokiApp nev\u0171 telemedicina projektet v\u00e1zolta fel, mely a kliensek sz\u00e1m\u00e1ra gyors, online szakorvosi vagy pszichol\u00f3gusi konzult\u00e1ci\u00f3t ny\u00fajt akut probl\u00e9m\u00e1k fenn\u00e1ll\u00e1sa eset\u00e9n.<\/p>\n<p>F\u00fcrjes Bal\u00e1zs, az EIT Health Innostars igazgat\u00f3ja moder\u00e1l\u00e1s\u00e1ban a startup-szerepl\u0151k megvitatt\u00e1k a diszruptor medtech trendeket, illetve azt is, hogy mi t\u00e1pl\u00e1lja az eg\u00e9szs\u00e9g\u00fcgyi befektet\u00e9seket, milyen szerepe lehet a startup v\u00e1llalkoz\u00e1soknak az eg\u00e9szs\u00e9g\u00fcgyi innov\u00e1ci\u00f3kban. Havlik K\u00e1roly szerint val\u00f3di <a href=\"https:\/\/szta.hu\/nagyvallalati-vs-startup-innovacio\/\">innov\u00e1ci\u00f3 a startupokon bel\u00fcl tud kibontakozni<\/a> \u2013 azok strukt\u00far\u00e1j\u00e1b\u00f3l, gyors alkalmazkod\u00f3k\u00e9pess\u00e9g\u00e9b\u0151l ad\u00f3d\u00f3an is. Az eg\u00e9szs\u00e9g\u00fcgyi startupok eset\u00e9ben azonban nem csak az er\u0151forr\u00e1sok megkeres\u00e9se a kih\u00edv\u00e1s, hanem valamilyen m\u00e1s \u2013 \u00e1llami vagy mag\u00e1n \u2013 eg\u00e9szs\u00e9g\u00fcgyi szerepl\u0151vel egy\u00fctt kell m\u0171k\u00f6dni\u00fck a fejleszt\u00e9sek sor\u00e1n. Jellemz\u0151en mag\u00e1nint\u00e9zm\u00e9nyekkel k\u00f6nnyebb kapcsolatot ki\u00e9p\u00edteni, mert b\u00e1r a k\u00f3rh\u00e1zak nyitottak, b\u00fcrokratikus rendszereik miatt sokszor elakadnak a projektek. Hossz\u00fa t\u00e1von azonban az \u00e1llami szerepl\u0151k is k\u00e9nytelenek lesznek l\u00e9pni, \u00e9lni az \u00faj lehet\u0151s\u00e9gekkel: Somogyi Tibor p\u00e9ld\u00e1ul a DokiApp platformj\u00e1t szeretn\u00e9 int\u00e9zm\u00e9nyek rendelkez\u00e9s\u00e9re bocs\u00e1tani, hogy maguk tudjanak kapcsolatot tartani a kliensekkel. Mag\u00e1nint\u00e9zm\u00e9nnyel viszont az\u00e9rt is k\u00f6nnyebb egy\u00fcttm\u0171k\u00f6dni, mert a digit\u00e1lis megold\u00e1sok m\u00e1r j\u00f3l ki\u00e9p\u00fclt, hat\u00e9kony folyamatokra <a href=\"https:\/\/szta.hu\/a-mesterseges-intelligencia-elott-uzleti-intelligenciara-van-szukseg\/\">tudnak igaz\u00e1n r\u00e1\u00e9p\u00fclni<\/a>, Mindemellett az eg\u00e9szs\u00e9g\u00fcgyi startupok sikeress\u00e9ge szempontj\u00e1b\u00f3l nagyon fontos t\u00e9nyez\u0151, hogy nemzetk\u00f6zi m\u00e9retekben gondolkozzanak. A besz\u00e9lget\u00e9s sor\u00e1n a r\u00e9sztvev\u0151k meg\u00e1llap\u00edtott\u00e1k, hogy b\u00e1r a magyar indul\u00f3 v\u00e1llalkoz\u00e1sokban l\u00e1tj\u00e1k a kreativit\u00e1st \u00e9s a tenni akar\u00e1st, azok csak a magyar piacra terveznek. Pedig a startupok \u00e9let\u00e9ben nagyon pozit\u00edv tud lenni a nemzetk\u00f6zi t\u00e1mogat\u00e1s, visszajelz\u00e9s, vagy az is, ha a csapatban megjelenik egy nemzetk\u00f6zi tag.<\/p>\n<p>[post_newsletter title=&#8221;Iratkozzon fel h\u00edrlevel\u00fcnkre!&#8221;][\/post_newsletter]<\/p>\n<p>Az egyik szekci\u00f3ban az eg\u00e9szs\u00e9g\u00fcgy innov\u00e1ci\u00f3s \u00f6kosziszt\u00e9m\u00e1ja is ter\u00edt\u00e9kre ker\u00fclt, Dr. Holchacker P\u00e9ter, az Innovat\u00edv Gy\u00f3gyszergy\u00e1rt\u00f3k Egyes\u00fclet\u00e9nek (AIPM) igazgat\u00f3ja elmondta, hogy a gy\u00f3gyszeripar glob\u00e1lisan a leginnovat\u00edvabb \u00e1gazatok egyike, a gy\u00f3gyszerfejleszt\u00e9sek k\u00f6zel hetven sz\u00e1zal\u00e9ka valamilyen teljesen \u00fajszer\u0171 megk\u00f6zel\u00edt\u00e9s lehet\u0151s\u00e9g\u00e9vel rukkol el\u0151. Er\u0151ss Lor\u00e1nd idegtud\u00f3s pedig hangs\u00falyozta: a kutat\u00f3helyek \u00e9s kutat\u00f3k sz\u00e1ma folyamatosan n\u00f6vekszik Magyarorsz\u00e1gon.<\/p>\n<p>Az <a href=\"https:\/\/szta.hu\/hatalmas-potencial-rejlik-a-magyar-egeszsegugy-digitalizalasaban\/\">eg\u00e9sz\u00e9g\u00fcgyi digitaliz\u00e1ci\u00f3<\/a> j\u00f3 p\u00e9ld\u00e1jak\u00e9nt jelent meg az esem\u00e9nyen az Affidea, amely az els\u0151sz\u00e1m\u00fa digit\u00e1lis szolg\u00e1ltat\u00f3 c\u00edm\u00e9re t\u00f6r: vil\u00e1gszerte 245 klinik\u00e1t m\u0171k\u00f6dtetnek, a 16 orsz\u00e1got fel\u00f6lel\u0151 l\u00e1ncot pedig egy k\u00f6z\u00f6s, felh\u0151 alap\u00fa platform k\u00f6ti \u00f6ssze. Sz\u00f3cska Mikl\u00f3s, a Semmelweis Egyetem Eg\u00e9szs\u00e9g\u00fcgyi Menedzserk\u00e9pz\u0151 K\u00f6zpont igazgat\u00f3ja figyelmeztette a r\u00e9sztvev\u0151ket, hogy a digit\u00e1lis eg\u00e9szs\u00e9g\u00fcgy m\u00e1r itt van, ez\u00e9rt mindenn\u00e9l fontosabb az adatintegr\u00e1ci\u00f3.<\/p>\n<p>A konferencia egyik panelbesz\u00e9lget\u00e9s\u00e9ben a sz\u00ednes eg\u00e9szs\u00e9g\u00fcgyi portfol\u00f3i\u00f3val rendelkez\u0151 Sz\u00e9chenyi T\u0151kealap-kezel\u0151 Zrt. tapasztalatait is k\u00e9pviselte T\u00f6r\u00f6k J\u00f3zsef \u00fczletfejleszt\u00e9si \u00e9s startup igazgat\u00f3. D\u00f3czi Gergely, a Futurmed Vagyonkezel\u0151 Kft. \u00fcgyvezet\u0151j\u00e9nek moder\u00e1l\u00e1s\u00e1ban arr\u00f3l \u00e9rtekeztek a r\u00e9sztvev\u0151k, hogy a p\u00e9nz\u00fcgyi \u00e9s kock\u00e1zati befektet\u0151knek mi a szerepe az eg\u00e9szs\u00e9g\u00fcgyben. A Balogh P\u00e9ter, Zsembery Levente \u00e9s T\u00f6r\u00f6k J\u00f3zsef r\u00e9szv\u00e9tel\u00e9vel lezajlott besz\u00e9lget\u00e9sben a k\u00fcl\u00f6nb\u00f6z\u0151 \u00e9letszakaszban befektet\u00e9st keres\u0151k elmondt\u00e1k, hogy az eg\u00e9szs\u00e9g\u00fcgyi alkalmaz\u00e1sok \u00e9s szolg\u00e1ltat\u00e1sok jelent\u0151s piaci potenci\u00e1llal b\u00edrnak nemcsak itthon, de az eg\u00e9sz r\u00e9gi\u00f3ban. Ett\u0151l elk\u00fcl\u00f6n\u00fclnek a biotechnol\u00f3giai, illetve az eg\u00e9szs\u00e9g\u00fcgyi monitoroz\u00e1shoz kapcsol\u00f3d\u00f3 megold\u00e1sok, applik\u00e1ci\u00f3k, amelyek glob\u00e1lis szinten \u00e9rtelmezhet\u0151k. Neh\u00e9z ma olyan v\u00e1llalkoz\u00e1st tal\u00e1lni, ahol a nemzetk\u00f6zi siker minden felt\u00e9tele adott, de vannak az elm\u00falt h\u00f3napokb\u00f3l sikeres tapasztalatok.<\/p>\n<p>A konferenci\u00e1n bemutatott trendek is tan\u00faskodnak arr\u00f3l, hogy a dinamikusan b\u0151v\u00fcl\u0151 \u00e9s meg\u00fajul\u00f3 eg\u00e9szs\u00e9gipar nem csak j\u00f6vedelmez\u0151 befektet\u00e9si lehet\u0151s\u00e9g, de az orsz\u00e1g gazdas\u00e1gi \u00e9s t\u00e1rsadalmi fejl\u0151d\u00e9se szempontj\u00e1b\u00f3l is kulcsfontoss\u00e1g\u00fa ter\u00fclet. A Sz\u00e9chenyi T\u0151kebefektet\u00e9si Alap a portfoli\u00f3ja kiemelt elemek\u00e9nt kezeli az <a href=\"https:\/\/szta.hu\/kockazati-tokevel-az-egeszsegugyi-ellatas-korszerubbe-teteleert\/\">eg\u00e9szs\u00e9g\u00fcgyi szektort<\/a>, a biotechnol\u00f3giai c\u00e9gek mellett az eg\u00e9szs\u00e9g\u00fcgyi szolg\u00e1ltat\u00e1sok fejleszt\u00e9se \u00e9s term\u00e9kek gy\u00e1rt\u00e1sa is f\u00f3kuszban van. 2016-ig t\u00f6bb mint <a href=\"https:\/\/szta.hu\/az-szta-eddig-tobb-mint-25-milliard-forintot-fektetett-magyar-egeszsegugyi-vallalkozasokba\/\">2,5 milli\u00e1rd forint \u00e9rt\u00e9k\u0171 kock\u00e1zati t\u0151k\u00e9t<\/a> fektetett be az <a href=\"https:\/\/szta.hu\/huzoagazat-lehet-az-egeszsegugy\/\">eg\u00e9szs\u00e9g\u00fcgyi \u00e9s biotechnol\u00f3giai ter\u00fcleten<\/a> m\u0171k\u00f6d\u0151 magyar kis- \u00e9s k\u00f6z\u00e9pv\u00e1llalkoz\u00e1sokba, jelenlegi \u00e9s kor\u00e1bbi portf\u00f3li\u00f3c\u00e9gekn\u00e9l 2017 k\u00f6zep\u00e9re csaknem 2000-rel n\u0151tt a munkav\u00e1llal\u00f3k sz\u00e1ma a befektet\u00e9sek el\u0151k\u00e9sz\u00edt\u00e9sekor jegyzett adatokhoz k\u00e9pest. Emellett a 2017 szeptember\u00e9ben elindult <a href=\"https:\/\/szta.hu\/irinyi-kockazati-tokealap-uj-tokeprogram-ipari-vallalkozasoknak\/\">Irinyi II. Kock\u00e1zati T\u0151kealap<\/a>, illetve az Irinyi Kock\u00e1zati T\u0151kealap az Irinyi Tervben kiemelt ipar\u00e1gakban \u2013 \u00edgy az eg\u00e9szs\u00e9giparban is \u2013 tev\u00e9kenyked\u0151 ipari v\u00e1llalkoz\u00e1sok, besz\u00e1ll\u00edt\u00f3 c\u00e9gek sz\u00e1m\u00e1ra ny\u00fajt seg\u00edts\u00e9get a fejleszt\u00e9sekhez \u00e9s Ipar 4.0-s digitaliz\u00e1ci\u00f3s terveik megval\u00f3s\u00edt\u00e1s\u00e1hoz.<\/p>\n<p>&nbsp;<\/p>\n<p><em>Fot\u00f3 forr\u00e1s: Portfolio.hu<\/em><\/p>\n","protected":false},"featured_media":11312,"template":"","class_list":["post-11302","blog","type-blog","status-publish","has-post-thumbnail","hentry"],"acf":[],"_links":{"self":[{"href":"https:\/\/szta.hu\/en\/wp-json\/wp\/v2\/blog\/11302","targetHints":{"allow":["GET"]}}],"collection":[{"href":"https:\/\/szta.hu\/en\/wp-json\/wp\/v2\/blog"}],"about":[{"href":"https:\/\/szta.hu\/en\/wp-json\/wp\/v2\/types\/blog"}],"wp:featuredmedia":[{"embeddable":true,"href":"https:\/\/szta.hu\/en\/wp-json\/"}],"wp:attachment":[{"href":"https:\/\/szta.hu\/en\/wp-json\/wp\/v2\/media?parent=11302"}],"curies":[{"name":"wp","href":"https:\/\/api.w.org\/{rel}","templated":true}]}}