{"id":11392,"date":"2018-12-12T10:18:42","date_gmt":"2018-12-12T08:18:42","guid":{"rendered":"http:\/\/www.blog.sztateszt.7digits.net\/?post_type=blog&amp;p=11392"},"modified":"2018-12-12T10:18:42","modified_gmt":"2018-12-12T08:18:42","slug":"exportpiacok-es-digitalis-fejlesztes-a-portfolio-esemenyen","status":"publish","type":"blog","link":"https:\/\/szta.hu\/en\/blog\/exportpiacok-es-digitalis-fejlesztes-a-portfolio-esemenyen\/","title":{"rendered":"Exportpiacok \u00e9s digit\u00e1lis fejleszt\u00e9s a Portfolio esem\u00e9ny\u00e9n"},"content":{"rendered":"<p><strong><img fetchpriority=\"high\" decoding=\"async\" class=\"alignleft wp-image-11452 size-medium\" src=\"https:\/\/szta.hu\/wp-content\/uploads\/2018\/12\/shutterstock_421551166-300x200.jpg\" alt=\"\" width=\"300\" height=\"200\" \/>December 13-\u00e1n rendezik meg az \u201e\u00dat az exportpiacok fel\u00e9 \u2013 Digit\u00e1lis fejleszt\u00e9si programok kkv-k r\u00e9sz\u00e9re\u201d c\u00edm\u0171 esem\u00e9nyt a Marriott Hotelben, amelynek k\u00f6z\u00e9ppontj\u00e1ban a hazai digitaliz\u00e1ci\u00f3s folyamatok \u00e9s trendek, a magyar v\u00e1llalkoz\u00e1sok nemzetk\u00f6zi piacra jut\u00e1s\u00e1nak lehet\u0151s\u00e9gei \u00e1llnak. N\u00e9zz\u00fck, mire lehet sz\u00e1m\u00edtani a Portfolio \u00e9s a P\u00e9nzcentrum \u00e1ltal szervezett konferenci\u00e1n! \u00a0<\/strong><\/p>\n<p>A Portfolio \u00e9s a P\u00e9nzcentrum december 13-\u00e1n az \u201e<strong>\u00dat az exportpiacok fel\u00e9 \u2013 Digit\u00e1lis fejleszt\u00e9si programok kkv-k r\u00e9sz\u00e9re<\/strong>\u201d esem\u00e9ny keret\u00e9ben neves szak\u00e9rt\u0151k seg\u00edts\u00e9g\u00e9vel ad tippeket a hazai kkv-k digit\u00e1lis k\u00e9pess\u00e9geinek fejleszt\u00e9s\u00e9hez, illetve ahhoz, hogy a modern technol\u00f3gi\u00e1k alkalmaz\u00e1s\u00e1val hogyan k\u00e9sz\u00edthetik el\u0151, \u00e9s tehetik m\u00e9g hat\u00e9konyabb\u00e1 terjeszked\u00e9s\u00fcket.<\/p>\n<p><em>A digitaliz\u00e1ci\u00f3 k\u00e9rd\u00e9se sokadrang\u00fa<\/em><\/p>\n<p>Az \u00e9v folyam\u00e1n k\u00e9sz\u00fclt a <em>BellResearch<\/em> \u00e1ltal publik\u00e1lt <a href=\"https:\/\/szta.hu\/magyar-kkv-k-nem-fontos-a-digitalizacio\/\" target=\"_blank\" rel=\"noopener\">kutat\u00e1s<\/a>, amelyben 779 hazai kis- \u00e9s k\u00f6z\u00e9pv\u00e1llalkoz\u00e1st k\u00e9rdeztek meg azok digitaliz\u00e1ci\u00f3hoz val\u00f3 viszony\u00e1r\u00f3l. A kutat\u00e1s eredm\u00e9nye szerint a v\u00e1llalatvezet\u0151k a digitaliz\u00e1ci\u00f3t az \u00fczlet- \u00e9s \u00fcgyf\u00e9lszerz\u00e9shez, valamint a versenyt\u00e1rsakkal folytatott k\u00fczdelemhez k\u00e9pest csak sokadrang\u00fa k\u00e9rd\u00e9snek tartj\u00e1k. Ugyanebben a kutat\u00e1sban az is kider\u00fclt, hogy a v\u00e1llalatvezet\u0151k sz\u00e1m\u00e1ra az \u00fcgyf\u00e9lkapcsolatok jav\u00edt\u00e1sa, a term\u00e9kfejleszt\u00e9s is a sor v\u00e9g\u00e9re szorulnak.<\/p>\n<p>Az m\u00e1r vil\u00e1goss\u00e1 v\u00e1lt, hogy Magyarorsz\u00e1gon is azok a c\u00e9gek lehetnek sikeresek \u00e9s maradhatnak versenyk\u00e9pesek, amelyek min\u00e9l el\u0151bb tudj\u00e1k integr\u00e1lni az \u00faj technol\u00f3gi\u00e1kat. Azon c\u00e9gek sz\u00e1m\u00e1ra pedig, amelyek k\u00e9pesek fejl\u0151dni \u00e9s n\u00f6vekedni, a nemzetk\u00f6zi piac fel\u00e9 t\u00f6rt\u00e9n\u0151 nyit\u00e1s jelenthet val\u00f3di \u00e1tt\u00f6r\u00e9st. A magyar kkv-k sz\u00e1m\u00e1ra a korszer\u0171 digitaliz\u00e1ci\u00f3s technol\u00f3gia alkalmaz\u00e1sa \u00e9s az \u00faj piacok megtal\u00e1l\u00e1sa ez\u00e1ltal kulcsfontoss\u00e1g\u00fa szerepet \u00e9lvez.<\/p>\n<p>Ahhoz, hogy a magyar digitaliz\u00e1ci\u00f3 ter\u00e9n javul\u00f3 tendencia \u00e1lljon be, olyan megold\u00e1sokra lenne sz\u00fcks\u00e9g, mint a digit\u00e1lis szolg\u00e1ltat\u00e1sok, illetve a digitaliz\u00e1ci\u00f3s k\u00e9szs\u00e9gek \u00e9s infrastrukt\u00fara tov\u00e1bbi felz\u00e1rk\u00f3ztat\u00e1sa. Term\u00e9szetesen vannak erre utal\u00f3 <a href=\"https:\/\/szta.hu\/par-ev-es-minden-otodik-ceget-a-feje-tetejere-allit-a-digitalizacio\/\" target=\"_blank\" rel=\"noopener\">jelek<\/a> is, a k\u00f6vetkez\u0151 5 \u00e9vben a hazai kis- \u00e9s k\u00f6z\u00e9pv\u00e1llalkoz\u00e1sok \u00f6t\u00f6de alakulhat \u00e1t a digit\u00e1lis paradigmav\u00e1lt\u00e1s jegy\u00e9ben.<\/p>\n<p><em>Digit\u00e1lis fejleszt\u00e9si programok <\/em><\/p>\n<p>A rendezv\u00e9ny szervez\u0151i a technol\u00f3giai szf\u00e9ra el\u0151ad\u00f3ival \u00e9s szak\u00e9rt\u0151ivel igyekeznek \u00fatmutat\u00e1st ny\u00fajtani a hazai kkv-k sz\u00e1m\u00e1ra.\u00a0 Az esem\u00e9ny f\u0151 c\u00e9lja a v\u00e1llalkoz\u00e1sok digitaliz\u00e1ci\u00f3s k\u00e9pess\u00e9geinek kib\u0151v\u00edt\u00e9se, a k\u00fclf\u00f6ldi piac fel\u00e9 t\u00f6rt\u00e9n\u0151 terjeszked\u00e9s t\u00e1mogat\u00e1sa, amelyet hasznos tippek, m\u00f3dszerek megoszt\u00e1s\u00e1val szeretn\u00e9nek el\u00e9rni. Az esem\u00e9ny f\u0151bb t\u00e9m\u00e1i lesznek a hazai \u00e9s a glob\u00e1lis trendek, a korszer\u0171 technol\u00f3giai \u00faj\u00edt\u00e1sokban rejl\u0151 potenci\u00e1l, a hat\u00e9kony innov\u00e1ci\u00f3 m\u00f3dszere, valamint a k\u00fclpiaci terjeszked\u00e9shez sz\u00fcks\u00e9ges strat\u00e9gia. Az esem\u00e9ny t\u00f6bbek k\u00f6z\u00f6tt az al\u00e1bbi k\u00e9rd\u00e9sekre k\u00edv\u00e1n v\u00e1laszt adni:<\/p>\n<ul>\n<li>Hol tart hazai kkv szektor?<\/li>\n<li>Melyek azok a hazai \u00e9s glob\u00e1lis trendek, amelyeket kihaszn\u00e1lva el\u0151nyt lehet szerezni?<\/li>\n<li>Milyen technol\u00f3giai \u00faj\u00edt\u00e1sok j\u00e1rulhatnak legink\u00e1bb hozz\u00e1 a piac\u00e9p\u00edt\u00e9shez, illetve nemzetk\u00f6zi terjeszked\u00e9shez?<\/li>\n<li>Mennyibe ker\u00fcl a hat\u00e9kony innov\u00e1ci\u00f3?<\/li>\n<li>Hogyan lehet felk\u00e9sz\u00edteni a v\u00e1llalkoz\u00e1sokat a korszer\u0171 technol\u00f3gi\u00e1k befogad\u00e1s\u00e1ra?<\/li>\n<li>Milyen felt\u00e9teleknek kell megfelelnie egy KKV-nak ahhoz, hogy eredm\u00e9nyesen v\u00e1ghasson bele a k\u00fclpiaci terjeszked\u00e9shez?<\/li>\n<\/ul>\n<p>A rendezv\u00e9ny f\u0151bb el\u0151ad\u00f3i Het\u00e9nyi M\u00e1rk, az MKB Bank vez\u00e9rigazgat\u00f3-helyettese, Boros Botond, Vad\u00e1sz Ill\u00e9s \u00e9s Poly\u00e1k Bal\u00e1zs, a Google Magyarorsz\u00e1g munkat\u00e1rsai lesznek, de k\u00e9pviselteti mag\u00e1t a Biotech USA, a Sz\u00e1ll\u00e1s.hu, a J\u00e1t\u00e9kNet.hu \u00e9s a SmartCommerce Digital Consulting Kft. is.<\/p>\n<p>[post_newsletter title=&#8221;Iratkozzon fel h\u00edrlevel\u00fcnkre!&#8221;][\/post_newsletter]<\/p>\n<p>Az esem\u00e9ny ingyenes, a r\u00e9szv\u00e9tel azonban el\u0151zetes regisztr\u00e1ci\u00f3hoz k\u00f6t\u00f6tt. Jelentkezni az esem\u00e9ny <a href=\"https:\/\/www.portfolio.hu\/rendezvenyek\/klub\/ut-az-exportpiacok-fele\/782\/attekintes\" target=\"_blank\" rel=\"noopener nofollow\">oldal\u00e1n<\/a> lehet.<\/p>\n<p>A Sz\u00e9chenyi T\u0151kealap-kezel\u0151 Zrt. \u00e1ltal kezelt t\u0151kealapok igyekeznek t\u00e1mogatni a magyar kis- \u00e9s k\u00f6z\u00e9pv\u00e1llalkoz\u00e1sok digitaliz\u00e1ci\u00f3s t\u00f6rekv\u00e9seit: az <a href=\"https:\/\/szta.hu\/elsokent-az-irinyi-tokealap-tuzte-ki-celul-az-ipar-4-0-s-fejlesztesek-tokefinanszirozasat\/\" target=\"_blank\" rel=\"noopener\">Irinyi Kock\u00e1zati T\u0151kealap<\/a>ok els\u0151sorban az Irinyi Tervben meghat\u00e1rozott, kiemelt ipar\u00e1gakban m\u0171k\u00f6d\u0151, n\u00f6veked\u00e9si potenci\u00e1llal rendelkez\u0151 c\u00e9gek sz\u00e1m\u00e1ra ny\u00fajtanak finansz\u00edroz\u00e1si lehet\u0151s\u00e9get, az Ipar 4.0-\u00e1s fejleszt\u00e9si \u00e9s digitaliz\u00e1ci\u00f3s folyamatok ter\u00e9n. A <a href=\"https:\/\/szta.hu\/visszaallithato-gazdasagi-szovet\/\" target=\"_blank\" rel=\"noopener\">K\u00e1rp\u00e1t-medencei V\u00e1llalkoz\u00e1sfejleszt\u00e9si Alap<\/a> c\u00e9lja pedig els\u0151sorban a hat\u00e1rainkon \u00e1t\u00edvel\u0151 gazdas\u00e1gi egy\u00fcttm\u0171k\u00f6d\u00e9sek fejleszt\u00e9se, el\u0151seg\u00edtve a hazai v\u00e1llalkoz\u00e1sok Magyarorsz\u00e1ggal szomsz\u00e9dos orsz\u00e1gokba t\u00f6rt\u00e9n\u0151 terjeszked\u00e9st, valamint az onnan haz\u00e1nkba \u00e9rkez\u0151 innovat\u00edv c\u00e9gek b\u0151v\u00fcl\u00e9si sz\u00e1nd\u00e9kait.<\/p>\n","protected":false},"featured_media":11452,"template":"","class_list":["post-11392","blog","type-blog","status-publish","has-post-thumbnail","hentry"],"acf":[],"_links":{"self":[{"href":"https:\/\/szta.hu\/en\/wp-json\/wp\/v2\/blog\/11392","targetHints":{"allow":["GET"]}}],"collection":[{"href":"https:\/\/szta.hu\/en\/wp-json\/wp\/v2\/blog"}],"about":[{"href":"https:\/\/szta.hu\/en\/wp-json\/wp\/v2\/types\/blog"}],"wp:featuredmedia":[{"embeddable":true,"href":"https:\/\/szta.hu\/en\/wp-json\/"}],"wp:attachment":[{"href":"https:\/\/szta.hu\/en\/wp-json\/wp\/v2\/media?parent=11392"}],"curies":[{"name":"wp","href":"https:\/\/api.w.org\/{rel}","templated":true}]}}