{"id":12452,"date":"2019-04-29T10:14:26","date_gmt":"2019-04-29T08:14:26","guid":{"rendered":"http:\/\/www.blog.sztateszt.7digits.net\/?post_type=blog&amp;p=12452"},"modified":"2019-04-29T10:14:26","modified_gmt":"2019-04-29T08:14:26","slug":"mi-a-kulonbseg-a-szechenyi-tokealap-kezelo-es-a-capak-kozott","status":"publish","type":"blog","link":"https:\/\/szta.hu\/en\/blog\/mi-a-kulonbseg-a-szechenyi-tokealap-kezelo-es-a-capak-kozott\/","title":{"rendered":"Mi a k\u00fcl\u00f6nbs\u00e9g a Sz\u00e9chenyi T\u0151kealap-kezel\u0151 \u00e9s a C\u00e1p\u00e1k k\u00f6z\u00f6tt?"},"content":{"rendered":"<p><strong><img fetchpriority=\"high\" decoding=\"async\" class=\"alignleft size-medium wp-image-12462\" src=\"https:\/\/szta.hu\/wp-content\/uploads\/2019\/04\/shutterstock_1278632989-300x200.jpg\" alt=\"\" width=\"300\" height=\"200\" \/>V\u00e9get \u00e9rt a C\u00e1p\u00e1k k\u00f6z\u00f6tt, az RTL-en fut\u00f3 \u00fczleti show, amely kilenc h\u00e9ten kereszt\u00fcl mutatta be \u00f6t sikeres befektet\u0151 \u00fczletk\u00f6t\u00e9seit. A kereskedelmi telev\u00edzi\u00f3z\u00e1sban itthon egyedinek sz\u00e1m\u00edt\u00f3 m\u0171sorban a jelentkez\u0151k bemutatt\u00e1k projektjeiket, startupjaikat a befektet\u0151knek, \u00edgy a n\u00e9z\u0151k k\u00f6zelebbr\u0151l is megismerhett\u00e9k a befektet\u0151k d\u00f6nt\u00e9shozatali folyamatait. A m\u0171sor befektet\u0151i l\u00e9nyeg\u00e9ben, szakkifejez\u00e9ssel \u00e9lve \u201e\u00fczleti angyalokk\u00e9nt\u201d t\u0151k\u00e9j\u00fckkel, valamint szakmai tapasztalatukkal igyekeztek seg\u00edteni az \u00edg\u00e9retesnek t\u0171n\u0151 projekteket. De n\u00e9zz\u00fck, kik is az \u00fczleti angyalok, \u00e9s mik az alapvet\u0151 k\u00fcl\u00f6nbs\u00e9gek a Sz\u00e9chenyi T\u0151kealap-kezel\u0151 m\u0171k\u00f6d\u00e9s\u00e9vel \u00f6sszevetve! <\/strong><\/p>\n<p>Ha egy v\u00e1llalkoz\u00e1s tervei k\u00f6z\u00f6tt szerepel a t\u0151kebevon\u00e1s, t\u00f6bb lehet\u0151s\u00e9g is rendelkez\u00e9sre \u00e1ll a piacon, el\u0151sz\u00f6r azonban mindenk\u00e9pp \u00e9rdemes n\u00e9h\u00e1ny alapvet\u0151 szempontot v\u00e9gigvenni, hogy kider\u00fclj\u00f6n, melyik alternat\u00edva passzol az adott projekthez. Ezzel az alap\u00edt\u00f3k \u00e9s a potenci\u00e1lis befektet\u0151k is \u00e9rt\u00e9kes id\u0151t \u00e9s energi\u00e1t sp\u00f3rolhatnak meg.<\/p>\n<p><em>A megfelel\u0151 befektet\u0151<\/em><\/p>\n<p>Az els\u0151 \u00e9s legfontosabb \u00e1tgondoland\u00f3 k\u00e9rd\u00e9s az, hogy milyen \u00e9letszakaszban van a v\u00e1llalkoz\u00e1s. Jelent\u0151s a k\u00fcl\u00f6nbs\u00e9g ugyanis egy abszol\u00fat null\u00e1r\u00f3l indul\u00f3 projekt \u00e9s egy a piac \u00e1ltal valid\u00e1lt, n\u00f6veked\u00e9si szakaszban l\u00e9v\u0151 projekt k\u00f6z\u00f6tt, ezekben az esetekben m\u00e1s-m\u00e1s t\u00edpus\u00fa befektet\u0151 inveszt\u00e1l sz\u00edvesen.<\/p>\n<p>A korai \u00e9letszakaszban j\u00e1r\u00f3 projektek sz\u00e1m\u00e1ra alternat\u00edv\u00e1t jelenthet a 3F (Family, Friends and Fools), a crowdfunding, az inkub\u00e1torok\/<a href=\"https:\/\/szta.hu\/alba-accelerator-has-completed-its-latest-round-here-are-the-participants\/\" target=\"_blank\" rel=\"noopener noreferrer\">akceler\u00e1torok<\/a>, valamint az <a href=\"https:\/\/szta.hu\/hol-van-az-uzleti-angyalok-helye-a-tokepiacon\/\" target=\"_blank\" rel=\"noopener noreferrer\">\u00fczleti angyalok<\/a> (business angels). Az ut\u00f3bbiak saj\u00e1t t\u0151k\u00e9j\u00fcket kock\u00e1ztatva fektetnek be \u00edg\u00e9retes v\u00e1llalkoz\u00e1sokba \u2013 \u00edgy t\u00f6rt\u00e9nt ez a C\u00e1p\u00e1k k\u00f6z\u00f6tt c\u00edm\u0171 m\u0171sorban is. Az \u0151 seg\u00edts\u00e9g\u00fck els\u0151sorban azon projektek sz\u00e1m\u00e1ra lehet ide\u00e1lis, amelyek kezdeti szakaszban szeretn\u00e9nek lend\u00fcletet kapni, az angyalok ugyanis a p\u00e9nz\u00fck mellett els\u0151sorban szak\u00e9rtelm\u00fckkel \u00e9s kapcsolati h\u00e1l\u00f3jukkal seg\u00edtik a v\u00e1llalkoz\u00e1sokat. Fontos ugyanakkor tiszt\u00e1ban lenni azzal is, hogy ezen befektet\u0151k m\u0171k\u00f6d\u00e9s\u00e9t neh\u00e9z \u00e9lesen kategoriz\u00e1lni, alapvet\u0151en ugyanis egyedi felt\u00e9telrendszerhez k\u00f6t\u00f6tt.<\/p>\n<p>A befektet\u00e9seket korai f\u00e1zisban l\u00e9v\u0151 projektek kapj\u00e1k, ak\u00e1r magvet\u0151 f\u00e1zisban, ahol a c\u00e9l az \u00fczleti koncepci\u00f3 kialak\u00edt\u00e1sa \u00e9s protot\u00edpus el\u0151\u00e1ll\u00edt\u00e1sa, vagy indul\u00f3 startupok eset\u00e9ben els\u0151sorban a term\u00e9kfejleszt\u00e9s, piackutat\u00e1s \u00e9s az \u00e9rt\u00e9kes\u00edt\u00e9s megkezd\u00e9se \u00e9s felvir\u00e1goztat\u00e1sa a c\u00e9l. Az int\u00e9zm\u00e9nyi kock\u00e1zati t\u0151kebefektet\u0151kkel ellent\u00e9tben \u0151k sok esetben nem p\u00e9nz\u00fcgyi befektet\u0151k, hanem szakmai befektet\u0151k, azaz c\u00e9ljuk a v\u00e1llalkoz\u00e1s mentor\u00e1l\u00e1sa ipar\u00e1gi k\u00e9rd\u00e9sekben is. Jellemz\u0151en 2-15% k\u00f6z\u00f6tti tulajdonr\u00e9szt szereznek.<\/p>\n<p>A Sz\u00e9chenyi T\u0151kealap-kezel\u0151 ezzel szemben int\u00e9zm\u00e9nyi kock\u00e1zati t\u0151kealap-kezel\u0151k\u00e9nt m\u0171k\u00f6dik 2011 \u00f3ta, jellemz\u0151je, hogy els\u0151sorban \u00e9rettebb, a piac \u00e1ltal valid\u00e1lt, eredm\u00e9nyes m\u00falttal rendelkez\u0151, stabil n\u00f6veked\u00e9si kil\u00e1t\u00e1sokkal rendelkez\u0151 c\u00e9gekbe fektet. Tov\u00e1bb\u00e1, minden esetben <a href=\"https:\/\/szta.hu\/tobbsegben-az-ero-a-csendestarsi-viszony-sajatossagai\/\" target=\"_blank\" rel=\"noopener noreferrer\">kisebbs\u00e9gi befektet\u0151k\u00e9nt<\/a> sz\u00e1ll be az adott c\u00e9gbe, azaz maximum 49 sz\u00e1zal\u00e9kos r\u00e9szesed\u00e9st szerez.<\/p>\n<p>P\u00e9nz\u00fcgyi befektet\u0151 r\u00e9v\u00e9n els\u0151sorban a t\u0151k\u00e9t biztos\u00edtja a v\u00e1llalkoz\u00e1s k\u00f6z\u00e9pt\u00e1v\u00fa c\u00e9ljainak el\u00e9r\u00e9s\u00e9hez, a v\u00e1llalkoz\u00e1s menedzsmentj\u00e9nek operat\u00edv munk\u00e1j\u00e1ba nem sz\u00f3l bele. Sz\u00fcks\u00e9g eset\u00e9n p\u00e9nz\u00fcgyi, \u00fczleti, illetve szakmai t\u00e1mogat\u00e1st ny\u00fajt a c\u00e9gnek. Imm\u00e1r \u00f6t t\u0151kealapon kereszt\u00fcl, <a href=\"https:\/\/szta.hu\/71-milliard-forinttal-tamogatja-a-magyar-kkv-kat-a-szechenyi-tokealap-kezelo\/\" target=\"_blank\" rel=\"noopener noreferrer\">71 milli\u00e1rd forinttal<\/a> a v\u00e1llalkoz\u00e1sok sz\u00e9les sk\u00e1l\u00e1j\u00e1nak ny\u00fajthat t\u00e1mogat\u00e1st az alapkezel\u0151, az egyes alapoknak megfelel\u0151en k\u00fcl\u00f6nb\u00f6z\u0151 f\u00f3kusszal. A <a href=\"https:\/\/szta.hu\/100-befektetesen-is-tul-a-szechenyi-tokealap-kezelo-zrt\/\" target=\"_blank\" rel=\"noopener noreferrer\">Sz\u00e9chenyi T\u0151kebefektet\u00e9si Alap<\/a>, az <a href=\"https:\/\/szta.hu\/irinyi-i-es-irinyi-ii-kockazati-tokealapok-a-legfontosabb-strategiai-kulonbsegek\/\" target=\"_blank\" rel=\"noopener noreferrer\">Irinyi Kock\u00e1zati T\u0151kealapok<\/a>, valamint a <a href=\"https:\/\/szta.hu\/hataron-tuli-terjeszkedest-tamogat-kozel-fel-milliard-forinttal-a-szechenyi-tokealap-kezelo-zrt-legujabb-informatikai-befektetese\/\" target=\"_blank\" rel=\"noopener noreferrer\">K\u00e1rp\u00e1t-medencei V\u00e1llalkoz\u00e1sfejleszt\u00e9si Kock\u00e1zati T\u0151kealap<\/a> eset\u00e9ben jellemz\u0151en 100-400 milli\u00f3 forint a jellemz\u0151 befektet\u00e9si m\u00e9ret, a hazai k\u00f6z\u00e9pv\u00e1llalatok t\u0151zsd\u00e9re l\u00e9p\u00e9s\u00e9t seg\u00edt\u0151 alap, a <a href=\"https:\/\/szta.hu\/minden-amit-tudni-kell-a-nemzeti-tozsdefejlesztesi-alaprol\/\" target=\"_blank\" rel=\"noopener noreferrer\">Nemzeti T\u0151zsdefejleszt\u00e9si Alap<\/a> eset\u00e9ben a tranzakci\u00f3k nagys\u00e1grendileg 1 milli\u00e1rd forint \u00e9rt\u00e9k\u0171ek lesznek. (Arr\u00f3l, hogy milyen esetben \u00e9rdemes az alapkezel\u0151h\u00f6z fordulni, <a href=\"https:\/\/szta.hu\/tokebefektetest-keres-mutatjuk-milyen-esetekben-erdemes-az-szta-hoz-fordulni\/\" target=\"_blank\" rel=\"noopener noreferrer\">ebben<\/a> a bejegyz\u00e9sben \u00edrtunk b\u0151vebben.)<\/p>\n<p>[post_newsletter title=&#8221;Iratkozzon fel h\u00edrlevel\u00fcnkre!&#8221;][\/post_newsletter]<\/p>\n<p><em>M\u00e9lyv\u00edzben a startupok<\/em><\/p>\n<p>A nemr\u00e9g v\u00e9get \u00e9r\u0151 C\u00e1p\u00e1k k\u00f6z\u00f6tt m\u0171sorban sikeres \u00fczleti angyalok befektet\u00e9si d\u00f6nt\u00e9sei ker\u00fcltek a k\u00f6z\u00e9ppontba, a m\u0171sorban ugyanis \u00f6t befoly\u00e1sos magyar \u00fczletember el\u0151tt sorakoztak fel \u00f6tletek, startupok, c\u00e9gek, amelyekbe a k\u00e9perny\u0151n foly\u00f3 \u00fczleti t\u00e1rgyal\u00e1sok ut\u00e1n befektethettek \u2013 felt\u00e9ve, ha elnyerte tetsz\u00e9s\u00fcket az adott projekt. A befektet\u0151k: Apr\u00f3 Anna (az Oxo Holding \u00fcgyvezet\u0151je), Balogh Levente (Szentkir\u00e1lyi-K\u00e9kk\u00fati \u00c1sv\u00e1nyv\u00edz Kft. eln\u00f6ke), Balogh P\u00e9ter (angyalbefektet\u0151 csapat, a Baconsult Kft. tulajdonosa, vezet\u0151je), Feh\u00e9r Gyula (IBM \u00e1ltal felv\u00e1s\u00e1rolt Ustream videostreamel\u0151 oldal alap\u00edt\u00f3ja, aki az Octogon Ventures nev\u0171 alapj\u00e1n kereszt\u00fcl fektet be), Moldov\u00e1n Andr\u00e1s (\u00e9lelmiszeripari v\u00e1llalkoz\u00f3).<\/p>\n<p>A m\u0171sor sz\u00e1mos hasznos tanuls\u00e1ggal szolg\u00e1lt, a v\u00e1ltozatos projekteken, illetve az \u00fczleti angyalok elt\u00e9r\u0151 befektet\u00e9si strat\u00e9gi\u00e1in kereszt\u00fcl festette le a pitch-ek, a t\u00e1rgyal\u00e1sok, valamint a d\u00f6nt\u00e9sek folyamat\u00e1t. Kirajzol\u00f3dott, hogy hasznos \u00e9s piack\u00e9pes \u00f6tletek, \u00e1tgondolt \u00fczleti koncepci\u00f3val nyert\u00e9k el a befektet\u0151k tetsz\u00e9s\u00e9t, azonban az \u00e1ltalunk is sokat hangs\u00falyozott t\u00e9nyez\u0151 jelent\u0151s\u00e9ge ebben a m\u0171sorban is megk\u00e9rd\u0151jelezhetetlen volt: az ember. Mivel minden esetben egy hossz\u00fa t\u00e1v\u00fa egy\u00fcttm\u0171k\u00f6d\u00e9s a c\u00e9l, ez\u00e9rt elengedhetetlen, hogy meglegyen a k\u00f6lcs\u00f6n\u00f6s szimp\u00e1tia, illetve bizalom, hiszen a v\u00e1llalkoz\u00f3 vagy a <a href=\"https:\/\/szta.hu\/ezek-a-tenyezok-hatarozzak-meg-a-startup-csapatok-sikeret\/\" target=\"_blank\" rel=\"noopener noreferrer\">csapat<\/a> \u00f6sszet\u00e9tele egy pillanat alatt fel\u00fcl\u00edrhatja az egy\u00e9b \u00e9rveket. Ez a legt\u00f6bb esetben igaz, legyen sz\u00f3 ak\u00e1r \u00fczleti angyalokr\u00f3l, ak\u00e1r int\u00e9zm\u00e9nyi kock\u00e1zati t\u0151kebefektet\u0151kr\u0151l.<\/p>\n<p>Hogy milyen egy\u00e9b k\u00fcl\u00f6nbs\u00e9gek vannak m\u00e9g az \u00fczleti angyalok \u00e9s az int\u00e9zm\u00e9nyi befektet\u0151k k\u00f6z\u00f6tt, arr\u00f3l m\u00e1jus 28-29-\u00e9n sokat fogunk besz\u00e9lni hazai \u00e9s nemzetk\u00f6zi \u00fczleti angyalokkal, int\u00e9zm\u00e9nyi befektet\u0151kkel. R\u00e9szletes program k\u00e9s\u0151bb, de a d\u00e1tumot \u00e9rdemes be\u00edrni.<\/p>\n","protected":false},"featured_media":12462,"template":"","class_list":["post-12452","blog","type-blog","status-publish","has-post-thumbnail","hentry"],"acf":[],"_links":{"self":[{"href":"https:\/\/szta.hu\/en\/wp-json\/wp\/v2\/blog\/12452","targetHints":{"allow":["GET"]}}],"collection":[{"href":"https:\/\/szta.hu\/en\/wp-json\/wp\/v2\/blog"}],"about":[{"href":"https:\/\/szta.hu\/en\/wp-json\/wp\/v2\/types\/blog"}],"wp:featuredmedia":[{"embeddable":true,"href":"https:\/\/szta.hu\/en\/wp-json\/"}],"wp:attachment":[{"href":"https:\/\/szta.hu\/en\/wp-json\/wp\/v2\/media?parent=12452"}],"curies":[{"name":"wp","href":"https:\/\/api.w.org\/{rel}","templated":true}]}}