{"id":12472,"date":"2019-05-06T13:27:50","date_gmt":"2019-05-06T11:27:50","guid":{"rendered":"http:\/\/www.blog.sztateszt.7digits.net\/?post_type=blog&amp;p=12472"},"modified":"2019-05-06T13:27:50","modified_gmt":"2019-05-06T11:27:50","slug":"startupok-a-kornyezetert-otodik-alkalommal-rendezik-meg-a-powerup-energetikai-versenyt","status":"publish","type":"blog","link":"https:\/\/szta.hu\/en\/blog\/startupok-a-kornyezetert-otodik-alkalommal-rendezik-meg-a-powerup-energetikai-versenyt\/","title":{"rendered":"Startupok a k\u00f6rnyezet\u00e9rt: \u00f6t\u00f6dik alkalommal rendezik meg a PowerUp! energetikai versenyt"},"content":{"rendered":"<p><strong><img fetchpriority=\"high\" decoding=\"async\" class=\"alignleft size-medium wp-image-12502\" src=\"https:\/\/szta.hu\/wp-content\/uploads\/2019\/05\/shutterstock_175867946-300x200.jpg\" alt=\"\" width=\"300\" height=\"200\" \/>2019-ben \u00f6t\u00f6dj\u00e9re indult \u00fatj\u00e1ra a k\u00f6z\u00e9p-eur\u00f3pai r\u00e9gi\u00f3 legnevesebb energetikai startup versenye, a PowerUp!, amelynek keret\u00e9ben energiaipari megold\u00e1sokkal, e-mobilit\u00e1si technol\u00f3gi\u00e1val, kiberbiztons\u00e1ggal \u00e9s okosv\u00e1rosokkal foglalkoz\u00f3, ambici\u00f3zus startup c\u00e9gek sz\u00e1llhatnak ringbe versenyt\u00e1rsaikkal. Id\u00e9n 24 orsz\u00e1gb\u00f3l k\u00f6zel 300 v\u00e1llalkoz\u00e1s, k\u00f6zt\u00fck 27 magyar c\u00e9g nevezett be innovat\u00edv, a k\u00f6rnyezeti fenntarthat\u00f3s\u00e1got c\u00e9lz\u00f3 technol\u00f3giai elj\u00e1r\u00e1st a p\u00e9nz\u00fcgyi t\u00e1mogat\u00e1s \u00e9s befektet\u00e9s rem\u00e9ny\u00e9ben. N\u00e9zz\u00fck meg k\u00f6zelebbr\u0151l a verseny koncepci\u00f3j\u00e1t, illetve az ebben az \u00e1gazatban tev\u00e9kenyked\u0151, a versenyen indul\u00f3 startupokat! <\/strong><\/p>\n<p><strong>K\u00f6z\u00e9p-Kelet-Eur\u00f3pa legjobbjai<\/strong><\/p>\n<p>Az InnoEnergy, amely a fenntarthat\u00f3 energi\u00e1t hasznos\u00edt\u00f3 kisv\u00e1llalkoz\u00e1sokat t\u00e1mogatja oktat\u00e1s, tan\u00e1csad\u00e1s, kutat\u00e1sok \u00e9s saj\u00e1t kapcsolati t\u0151k\u00e9je r\u00e9v\u00e9n, \u00f6t\u00f6dik alkalommal rendezte meg a PowerUp! <a href=\"https:\/\/powerup.innoenergy.com\/\" target=\"_blank\" rel=\"noopener noreferrer nofollow\">verseny\u00e9t<\/a>. A megm\u00e9rettet\u00e9sre tiszta \u00e9s meg\u00fajul\u00f3 energetikai megold\u00e1sokkal rendelkez\u0151, a szmog cs\u00f6kkent\u00e9s\u00e9t c\u00e9lz\u00f3 t\u00f6rekv\u00e9seket, illetve elektromobilit\u00e1si, kiberbiztons\u00e1gi \u00e9s az okosv\u00e1rosokhoz hozz\u00e1j\u00e1rul\u00f3 technol\u00f3gi\u00e1t hasznos\u00edt\u00f3 t\u00e1rsadalmi v\u00e1llalkoz\u00e1sok, startupok jelentkez\u00e9s\u00e9t v\u00e1rt\u00e1k a szervez\u0151k. A 2019-es turnusra m\u00e1rcius k\u00f6zep\u00e9ig lehetett jelentkezni, a befektet\u0151i szemsz\u00f6gb\u0151l <a href=\"https:\/\/szta.hu\/lesz-e-a-karpat-medencebol-szilicium-volgy-kozep-es-kelet-europa-vonzo-celpont\/\" target=\"_blank\" rel=\"noopener noreferrer\">vonz\u00f3 k\u00f6z\u00e9p-kelet-eur\u00f3pai r\u00e9gi\u00f3<\/a> orsz\u00e1gai k\u00f6z\u00fcl Magyarorsz\u00e1g \u2013 Lengyelorsz\u00e1g \u00e9s Szerbia m\u00f6g\u00f6tt \u2013 mintegy 27 jel\u00f6lttel a r\u00e9gi\u00f3 harmadik legt\u00f6bb v\u00e1llalkoz\u00e1s\u00e1t ind\u00edtotta, amely hazai szinten rekordmennyis\u00e9gnek sz\u00e1m\u00edt.<\/p>\n<p><iframe title=\"PowerUp! 2018 Grand Final Prague\" width=\"800\" height=\"450\" src=\"https:\/\/www.youtube.com\/embed\/WzMXN6sv-RE?feature=oembed\" frameborder=\"0\" allow=\"accelerometer; autoplay; clipboard-write; encrypted-media; gyroscope; picture-in-picture; web-share\" allowfullscreen><\/iframe><\/p>\n<p><em>A 2018-as verseny \u00f6sszefoglal\u00f3 vide\u00f3ja\u00a0<\/em><\/p>\n<p>A verseny hazai d\u00f6nt\u0151j\u00e9t \u00e1prilis 10-\u00e9n, Budapesten tartott\u00e1k meg, ahol a jelentkez\u0151k r\u00f6vid, 4 perces prezent\u00e1ci\u00f3val mutathatt\u00e1k be term\u00e9keiket, technol\u00f3gi\u00e1jukat a szakmai zs\u0171ri sz\u00e1m\u00e1ra. A nyolc indul\u00f3 k\u00f6z\u00fcl a <em>V-Chiller<\/em> k\u00f6rnyezetbar\u00e1t h\u0171t\u00e9si technol\u00f3gi\u00e1ja jutott tov\u00e1bb a r\u00e9gi\u00f3s d\u00f6nt\u0151be. A startup megold\u00e1sa k\u00e9pes egy perc alatt leh\u0171teni az italos palackokat, \u00e9s ez\u00e1ltal t\u00f6bb mint fel\u00e9re cs\u00f6kkenteni a felhaszn\u00e1l\u00f3k (p\u00e9ld\u00e1ul a vend\u00e9gl\u00e1t\u00f3 egys\u00e9gek) \u00e1ramk\u00f6lts\u00e9g\u00e9t. A dobog\u00f3 m\u00e1sodik hely\u00e9t az <em>Auto Paradigm<\/em> megold\u00e1sa foglalta el, amely az elektromos aut\u00f3k menet k\u00f6zben t\u00f6rt\u00e9n\u0151 t\u00f6lt\u00e9s\u00e9t c\u00e9lozza. Az orsz\u00e1gos d\u00f6nt\u0151 harmadik helyezettje a <em>MET3R Zencharge<\/em> lett, amely egy komplex rendszer seg\u00edts\u00e9g\u00e9vel optimaliz\u00e1lja az elektromos aut\u00f3k t\u00f6lt\u00e9si folyamat\u00e1t, figyelembe v\u00e9ve a tulajdonos energiafelhaszn\u00e1l\u00e1si szok\u00e1sait \u00e9s a h\u00e1ztart\u00e1s adotts\u00e1gait, a lehet\u0151 legkisebb k\u00f6rnyezeti terhel\u00e9ssel.<\/p>\n<p><strong>Innovat\u00edv k\u00f6rnyezetv\u00e9delem<\/strong><\/p>\n<p>A zs\u0171ri d\u00f6nt\u00e9s\u00e9t jelent\u0151sen meghat\u00e1rozta a verseny c\u00e9lja: r\u00e1lelni a glob\u00e1lis m\u00e9retekben is megval\u00f3s\u00edthat\u00f3, z\u00f6ld m\u00f3dszerekre, amelyek a k\u00f6rnyezet v\u00e9delm\u00e9t \u00e9s tisztas\u00e1g\u00e1t, az energiaszektor fejl\u0151d\u00e9s\u00e9t \u00e9s az eur\u00f3pai v\u00e1rosok \u00e9letmin\u0151s\u00e9g\u00e9t t\u00e1mogatj\u00e1k.<\/p>\n<p>A jelentkez\u00e9st k\u00f6vet\u0151 p\u00e1ly\u00e1zati szakaszban a startupok nemzetk\u00f6zi \u00fczleti mentorok \u00e1ltal vezetett k\u00e9tnapos k\u00e9pz\u00e9s \u00e9s workshopok keret\u00e9ben \u00fczletvezet\u00e9si m\u00f3dszerekkel, a szellemi \u00e9s jogi tulajdon v\u00e9delm\u00e9vel, valamint a mag\u00e1n- \u00e9s kock\u00e1zati <a href=\"https:\/\/szta.hu\/kozep-europa-sikersztorik-szuletoben\/\" target=\"_blank\" rel=\"noopener noreferrer\">t\u0151kebefektet\u0151k<\/a> sz\u00e1m\u00e1ra megtartott prezent\u00e1ci\u00f3, a \u201e<a href=\"https:\/\/szta.hu\/jo-pitch-olyan-mint-egy-izgalmas-villamrandi\/\" target=\"_blank\" rel=\"noopener noreferrer\">pitch<\/a>\u201d tr\u00fckkjeivel ismerkedhettek meg. A jelentkez\u0151k k\u00f6z\u00fcl kiker\u00fcl\u0151 legjobb projektet a verseny orsz\u00e1gonk\u00e9nt megtartott el\u0151d\u00f6nt\u0151in v\u00e1lasztott\u00e1k ki. Az innen tov\u00e1bbjut\u00f3 versenyz\u0151k az id\u00e9n Krakk\u00f3ban megrendez\u00e9sre ker\u00fcl\u0151 d\u00f6nt\u0151ben m\u00e9rk\u0151zhetnek meg a r\u00e9sztvev\u0151 orsz\u00e1gok nyerteseivel m\u00e1jus 21-\u00e9n, egy ugyancsak k\u00e9tnapos k\u00e9pz\u00e9st k\u00f6vet\u0151en.<\/p>\n<p>[post_newsletter title=&#8221;Iratkozzon fel h\u00edrlevel\u00fcnkre!&#8221;][\/post_newsletter]<\/p>\n<p>Id\u00e9n els\u0151 \u00edzben k\u00fcl\u00f6nd\u00edjjal illetik azt a startup v\u00e1llalkoz\u00e1st is, amelyik a \u201eClean Air Challenge\u201d program szellem\u00e9ben a szmog \u00e9s a l\u00e9gszennyezetts\u00e9g cs\u00f6kkent\u00e9s\u00e9ben a legjobb megold\u00e1st szolg\u00e1ltatja a verseny keret\u00e9ben. A kih\u00edv\u00e1s 2018 okt\u00f3ber\u00e9ben, Br\u00fcsszelben indult \u00fatj\u00e1ra egy, az InnoEnergy \u00e9s a Deloitte \u00e1ltal k\u00f6z\u00f6sen publik\u00e1lt jelent\u00e9ssel, amely a l\u00e9gszennyezetts\u00e9g jelenlegi helyzet\u00e9re \u00e9s a f\u0171t\u00e9si \u00e9s k\u00f6zleked\u00e9si technol\u00f3gi\u00e1k k\u00f6rnyezetv\u00e9delmi fejleszt\u00e9s\u00e9re, haszn\u00e1lat\u00e1ra h\u00edvja fel a figyelmet.<\/p>\n<p>A PowerUp! v\u00e9g\u00e9n a leginnovat\u00edvabbnak \u00edt\u00e9lt startup nyeri az 50 ezer eur\u00f3s f\u0151d\u00edjat, azonban a befektet\u0151i szemsz\u00f6gb\u0151l leg\u00edg\u00e9retesebb v\u00e1llalkoz\u00e1sok is ak\u00e1r tov\u00e1bbi 150 ezer eur\u00f3s t\u00e1mogat\u00e1st nyerhetnek az InnoEnergy Highway akceler\u00e1tor program keret\u00e9ben.<\/p>\n<p>Blogunkon id\u0151r\u0151l id\u0151re igyeksz\u00fcnk bemutatni a figyelemre m\u00e9lt\u00f3 hazai startupokat, projekteket, illetve figyelemmel k\u00eds\u00e9rni n\u00f6veked\u00e9si p\u00e1ly\u00e1jukat. A t\u00e1rsadalmi hasznoss\u00e1g\u00fa v\u00e1llalkoz\u00e1sok k\u00e9rd\u00e9sk\u00f6r\u00e9t egy kor\u00e1bbi cikksorozatban r\u00e9szletesen k\u00f6rbej\u00e1rtuk <a href=\"https:\/\/szta.hu\/tarsadalmi-hasznossag-avagy-vallalkozni-a-nagyobb-joert\/\" target=\"_blank\" rel=\"noopener noreferrer\">itt<\/a>, 2018 sikeres t\u00e1rsadalmi hat\u00e1s\u00fa \u00f6tleteir\u0151l <a href=\"https:\/\/szta.hu\/2018-sikeres-tarsadalmi-hatasu-otletei-es-startup-jai\/\" target=\"_blank\" rel=\"noopener noreferrer\">itt<\/a> \u00edrtunk, arr\u00f3l pedig, hogy mi\u00e9rt is szeretik a befektet\u0151k a z\u00f6ld startupokat, <a href=\"https:\/\/szta.hu\/ezert-szeretik-a-befektetok-a-zold-startupokat\/\" target=\"_blank\" rel=\"noopener noreferrer\">itt<\/a> \u00e9rtekezt\u00fcnk. A verseny egyik kiemelt t\u00e9mak\u00f6re, a k\u00f6rnyezetgazd\u00e1lkod\u00e1s, a Sz\u00e9chenyi T\u0151kealap-kezel\u0151 sz\u00e1m\u00e1ra is kiemelt ter\u00fclet. A Sz\u00e9chenyi T\u0151kebefektet\u00e9si Alapt\u00f3l kapott befektet\u00e9st t\u00f6bbek k\u00f6z\u00f6tt a <a href=\"https:\/\/szta.hu\/hollandiaban-allt-szolgalatba-a-biopolus-uj-bio-szennyviztisztitoja\/\" target=\"_blank\" rel=\"noopener noreferrer\">Biopolus<\/a>, amely leg\u00fajabb bio-szennyv\u00edztiszt\u00edt\u00f3ja Hollandi\u00e1ban kezdte meg nemr\u00e9g m\u0171k\u00f6d\u00e9s\u00e9t \u00c1der J\u00e1nos k\u00f6zt\u00e1rsas\u00e1gi eln\u00f6k jelenl\u00e9t\u00e9ben, a szennyv\u00edz- \u00e9s iszapkezel\u00e9s ter\u00fclet\u00e9n tev\u00e9kenyked\u0151 <a href=\"https:\/\/szta.hu\/egyre-tobb-orszagban-valik-ismertte-a-magyar-szennyviztisztito-fejlesztes\/\" target=\"_blank\" rel=\"noopener noreferrer\">Cyclator<\/a>, valamint a szennyv\u00edztiszt\u00edt\u00f3 telepek tervez\u00e9s\u00e9vel, \u00e9p\u00edt\u00e9s\u00e9vel \u00e9s fejleszt\u00e9s\u00e9vel foglalkoz\u00f3 <a href=\"https:\/\/szta.hu\/az-szta-uj-befektetese-sajat-fejlesztessel-keszul-meghoditani-a-vilagot\/\" target=\"_blank\" rel=\"noopener noreferrer\">INWACOO<\/a> Kft. is.<\/p>\n","protected":false},"featured_media":12502,"template":"","class_list":["post-12472","blog","type-blog","status-publish","has-post-thumbnail","hentry"],"acf":[],"_links":{"self":[{"href":"https:\/\/szta.hu\/en\/wp-json\/wp\/v2\/blog\/12472","targetHints":{"allow":["GET"]}}],"collection":[{"href":"https:\/\/szta.hu\/en\/wp-json\/wp\/v2\/blog"}],"about":[{"href":"https:\/\/szta.hu\/en\/wp-json\/wp\/v2\/types\/blog"}],"wp:featuredmedia":[{"embeddable":true,"href":"https:\/\/szta.hu\/en\/wp-json\/"}],"wp:attachment":[{"href":"https:\/\/szta.hu\/en\/wp-json\/wp\/v2\/media?parent=12472"}],"curies":[{"name":"wp","href":"https:\/\/api.w.org\/{rel}","templated":true}]}}