{"id":12592,"date":"2019-05-16T09:19:27","date_gmt":"2019-05-16T07:19:27","guid":{"rendered":"http:\/\/www.blog.sztateszt.7digits.net\/?post_type=blog&amp;p=12592"},"modified":"2019-05-16T09:19:27","modified_gmt":"2019-05-16T07:19:27","slug":"mit-tartogat-a-venture-capital-summit-idei-programkinalata","status":"publish","type":"blog","link":"https:\/\/szta.hu\/en\/blog\/mit-tartogat-a-venture-capital-summit-idei-programkinalata\/","title":{"rendered":"Mit tartogat a Venture Capital Summit idei programk\u00edn\u00e1lata?"},"content":{"rendered":"<p><strong><img fetchpriority=\"high\" decoding=\"async\" class=\"size-medium wp-image-12602 alignleft\" src=\"https:\/\/szta.hu\/wp-content\/uploads\/2019\/05\/shutterstock_1384023512-300x200.jpg\" alt=\"\" width=\"300\" height=\"200\" \/>M\u00e1jus 28-\u00e1n hatodik alkalommal rendezik meg a magyarorsz\u00e1gi kock\u00e1zati t\u0151k\u00e9t k\u00f6z\u00e9ppontba \u00e1ll\u00edt\u00f3 szakmai cs\u00facskonferenci\u00e1t, a Venture Capital Summitot. Az esem\u00e9nyen, amelyet ez\u00fattal is a Budapest Music Centerben tartanak, a p\u00e9nz\u00fcgyi szektor vezet\u0151 hazai szakemberei vitatj\u00e1k meg a t\u0151kefinansz\u00edroz\u00e1s nemzetk\u00f6zi \u00e9s hazai trendjeit. Az al\u00e1bbiakban k\u00f6vetkezzen egy kis \u00edzel\u00edt\u0151 a programb\u00f3l!<\/strong><\/p>\n<p><strong>Er\u0151s\u00f6d\u0151 eur\u00f3pai VC piac<\/strong><\/p>\n<p>A kock\u00e1zati t\u0151kepiac ut\u00f3bbi \u00e9ve rendk\u00edv\u00fcl esem\u00e9nyd\u00fas volt, a n\u00f6veked\u00e9s v\u00e1rakoz\u00e1son fel\u00fclinek bizonyult. Glob\u00e1lisan sz\u00e1mos ismert startup, \u00edgy a Dropbox, a Spotify \u00e9s a Lyft l\u00e9pett a t\u0151zsd\u00e9re, t\u00f6bb szerepl\u0151, mint az Uber, az Airbnb \u00e9s a Pinterest pedig az idei \u00e9vre tervezi a bel\u00e9p\u00e9st. Gigantikus m\u00e9rt\u00e9k\u0171, 23 milli\u00e1rd eur\u00f3nyi kock\u00e1zati t\u0151kebefektet\u00e9s val\u00f3sult meg Eur\u00f3p\u00e1ban, ami akkor is hatalmas siker, ha figyelembe vessz\u00fck, hogy az Egyes\u00fclt \u00c1llamok \u00e9s \u00c1zsia ek\u00f6zben 116, illetve 171 milli\u00e1rd eur\u00f3nyi t\u0151kebefektet\u00e9st k\u00f6nyvelhetett el.<\/p>\n<p>Eur\u00f3pa komoly <a href=\"https:\/\/szta.hu\/lesz-e-a-karpat-medencebol-szilicium-volgy-europa-elonyei\/\" target=\"_blank\" rel=\"noopener noreferrer\">n\u00f6veked\u00e9si potenci\u00e1llal<\/a> rendelkezik, ezt \u00e9kesen bizony\u00edtja a 2018-ban exitekb\u0151l realiz\u00e1lt 107 milli\u00e1rd eur\u00f3 \u2013 a tov\u00e1bbi fejl\u0151d\u00e9shez arra van sz\u00fcks\u00e9g, hogy min\u00e9l egyszer\u0171bben \u00e9s gyorsabban, egyre nagyobb volumen\u0171 kock\u00e1zati t\u0151ke \u00e9rkezzen a r\u00e9gi\u00f3ba, a befektet\u00e9sekb\u0151l pedig egyre j\u00f6vedelmez\u0151bb \u00fczletek, exitek vagy ak\u00e1r a t\u0151zsd\u00e9n is jegyzett v\u00e1llalkoz\u00e1sok sz\u00fclethessenek.<\/p>\n<p><strong>A jelsz\u00f3: nyeres\u00e9g, hat\u00e9konys\u00e1g, fejleszt\u00e9s<\/strong><\/p>\n<p>A <a href=\"https:\/\/www.vc.ap.hu\/\" target=\"_blank\" rel=\"noopener noreferrer nofollow\">Venture Capital Summit<\/a> keret\u00e9ben megtartott el\u0151ad\u00e1sok a magyarorsz\u00e1gi t\u0151kebefektet\u0151k, a hazai bankok alapkezel\u0151inek, befektet\u00e9si t\u00e1rsas\u00e1gok szakembereinek, p\u00e9nzint\u00e9zetek fels\u0151vezet\u0151inek, finansz\u00edroz\u00e1s el\u0151tt \u00e9s alatt \u00e1ll\u00f3 startupoknak, \u00e1llami p\u00e9nz\u00fcgyi v\u00e1llalatoknak, biztos\u00edt\u00f3 t\u00e1rsas\u00e1goknak \u00e9s tan\u00e1csad\u00f3 c\u00e9gek sz\u00e1m\u00e1ra egyar\u00e1nt relev\u00e1ns tud\u00e1st ny\u00fajtanak. A 2019-es konferencia \u2013 a tud\u00e1smegoszt\u00e1son t\u00fal \u2013 lehet\u0151s\u00e9get biztos\u00edt a p\u00e9nz\u00fcgyi szektor szerepl\u0151i sz\u00e1m\u00e1ra a kapcsolatrendszer \u00e9p\u00edt\u00e9s\u00e9re \u00e9s fejleszt\u00e9s\u00e9re.<\/p>\n<p><strong>Nemzetk\u00f6zi tapasztalatok<\/strong><\/p>\n<p>A d\u00e9lel\u0151tti program el\u0151ad\u00e1sai corporate oldalr\u00f3l k\u00f6zel\u00edtik meg a kock\u00e1zati t\u0151kepiac legaktu\u00e1lisabb t\u00e9m\u00e1it. Jay Kalish, a konferencia f\u0151el\u0151ad\u00f3ja az izraeli sz\u00e9khely\u0171 OurCrowd \u2013 a magyar piac sz\u00e1m\u00e1ra is el\u00e9rhet\u0151 &#8211; megold\u00e1s\u00e1ba ny\u00fajt betekint\u00e9st: a v\u00e1llalat sikeresen sz\u00f3l\u00edtotta meg azokat a kisbefektet\u0151ket, akik maguk akart\u00e1k \u00e9p\u00edteni \u00e9s kezelni a portf\u00f3li\u00f3jukat, ezzel forradalmas\u00edtotta a k\u00f6z\u00f6ss\u00e9gi finansz\u00edroz\u00e1s fogalm\u00e1t, hiszen eg\u00e9szen eddig a befektet\u00e9si portf\u00f3li\u00f3k menedzsel\u00e9se a befektet\u00e9si alapok kiv\u00e1lts\u00e1ga volt. Szint\u00e9n Izraelb\u0151l \u00e9rkezik az esem\u00e9ny m\u00e1sik nemzetk\u00f6zi keynote el\u0151ad\u00f3ja, a 20 \u00e9ve sikeresen befektet\u0151 Compass Ventures Group eln\u00f6k-vez\u00e9rigazgat\u00f3ja, dr. Ronen Dagon, aki kor\u00e1bban tan\u00e1csad\u00f3k\u00e9nt vezetett vil\u00e1gszerte projekteket az izraeli fejleszt\u00e9si miniszt\u00e9rium \u00e9s a Vil\u00e1gbank alkalmazottak\u00e9nt is.<\/p>\n<p><strong>Kisz\u00e1ll\u00e1si strat\u00e9gi\u00e1k, hazai sz\u00ednt\u00e9ren<\/strong><\/p>\n<p>A Sz\u00e9chenyi T\u0151kealap-kezel\u0151 Zrt. <a href=\"https:\/\/szta.hu\/tokebefektetest-keres-mutatjuk-milyen-esetekben-erdemes-az-szta-hoz-fordulni\/\" target=\"_blank\" rel=\"noopener noreferrer\">n\u00e9gy t\u0151keprogramj\u00e1val<\/a> biztos\u00edt t\u0151k\u00e9t hazai kis- \u00e9s k\u00f6z\u00e9pv\u00e1llalkoz\u00e1sok sz\u00e1m\u00e1ra term\u00e9kfejleszt\u00e9s, piaci b\u0151v\u00fcl\u00e9s, exporttev\u00e9kenys\u00e9g finansz\u00edroz\u00e1s\u00e1hoz. 8 \u00e9ves fenn\u00e1ll\u00e1sa alatt az Alapkezel\u0151 t\u00f6bb mint 100 c\u00e9gbe fektetett be \u00e9s ezek k\u00f6zel egyharmad\u00e1b\u00f3l hajtott v\u00e9gre <a href=\"https:\/\/szta.hu\/megszaporodtak-a-sikeres-exitek-a-szechenyi-tokealapnal\/\" target=\"_blank\" rel=\"noopener noreferrer\">sikeres exitet<\/a>.<\/p>\n<p>Az <a href=\"https:\/\/szta.hu\/\" target=\"_blank\" rel=\"noopener noreferrer\">alapkezel\u0151<\/a>, amely a <a href=\"https:\/\/szta.hu\/3-uj-tokeprogramunk-is-bemutatkozik-a-venture-capital-summiton\/\" target=\"_blank\" rel=\"noopener noreferrer\">tavalyi konferenci\u00e1n<\/a> is bemutatta h\u00e1rom \u00faj t\u0151keprogramj\u00e1t, az <a href=\"https:\/\/szta.hu\/irinyi-i-es-irinyi-ii-kockazati-tokealapok-a-legfontosabb-strategiai-kulonbsegek\/\" target=\"_blank\" rel=\"noopener noreferrer\">Irinyi\u00a0 Kock\u00e1zati T\u0151kealapokat<\/a>, a <a href=\"https:\/\/www.kmva.sztateszt.7digits.net\/\" target=\"_blank\" rel=\"noopener noreferrer nofollow\">K\u00e1rp\u00e1t-medencei V\u00e1llalkoz\u00e1sfejleszt\u00e9si Kock\u00e1zati T\u0151kealapot<\/a> (KMVA), valamint a <a href=\"https:\/\/szta.hu\/minden-amit-tudni-kell-a-nemzeti-tozsdefejlesztesi-alaprol\/\" target=\"_blank\" rel=\"noopener noreferrer\">Nemzeti T\u0151zsdefejleszt\u00e9si Alapot<\/a>, k\u00e9t el\u0151ad\u00e1st is tart a kisz\u00e1ll\u00e1s m\u00f3djair\u00f3l a konferencia keret\u00e9ben. <a href=\"https:\/\/www.vc.ap.hu\/trk-jzsef\" target=\"_blank\" rel=\"noopener noreferrer nofollow\">T\u00f6r\u00f6k J\u00f3zsef<\/a>, az alapkezel\u0151 \u00fczletfejleszt\u00e9si \u00e9s startup igazgat\u00f3ja a legjellemz\u0151bb exit\u00e1l\u00e1si m\u00f3dokr\u00f3l besz\u00e9l: ezek k\u00f6z\u00f6tt t\u00f6bbs\u00e9get k\u00e9pvisel \u2013 \u00f6sszhangban az alapkezel\u0151 alapelveivel \u2013 az alap\u00edt\u00f3i, menedzsmenti kiv\u00e1s\u00e1rl\u00e1s, azonban el\u0151fordul, hogy a portf\u00f3li\u00f3c\u00e9ggel egy\u00fcttm\u0171k\u00f6d\u0151 partner, kock\u00e1zati t\u0151kealap, strat\u00e9giai befektet\u0151 vagy \u00e9ppen versenyt\u00e1rs r\u00e9v\u00e9n val\u00f3sul meg a kisz\u00e1ll\u00e1s.<\/p>\n<p><a href=\"https:\/\/www.vc.ap.hu\/tth\" target=\"_blank\" rel=\"noopener noreferrer nofollow\">T\u00f3th J\u00f3zsef<\/a>, a Sz\u00e9chenyi T\u0151kealap-kezel\u0151 Zrt. egyik t\u0151keprogramj\u00e1nak, a Nemzeti T\u0151zsdefejleszt\u00e9si Alap tranzakci\u00f3s igazgat\u00f3ja a t\u0151kepiaci bevezet\u00e9st mint az exit egyik re\u00e1lis alternat\u00edv\u00e1j\u00e1t v\u00e1zolja fel. A 2017-ben elind\u00edtott <a href=\"https:\/\/szta.hu\/mire-jo-tozsde-kkv-piaca\/\" target=\"_blank\" rel=\"noopener noreferrer\">B\u00c9T Xtend<\/a> t\u0151zsdei platform a hazai kock\u00e1zati t\u0151kepiaci szerepl\u0151knek is re\u00e1lis alternat\u00edva lehet az exit ir\u00e1nyok vizsg\u00e1latakor, az angolsz\u00e1sz t\u0151kepiaci minta nyom\u00e1n. A Nemzeti T\u0151zsdefejleszt\u00e9si Alap c\u00e9lja pre-IPO \u00e9s IPO t\u00edpus\u00fa befektet\u00e9sek v\u00e9grehajt\u00e1s\u00e1val a t\u0151zsd\u00e9re jut\u00f3 hazai kis- \u00e9s k\u00f6z\u00e9pv\u00e1llalkoz\u00e1sok sz\u00e1m\u00e1nak n\u00f6vel\u00e9se. A <a href=\"https:\/\/szta.hu\/vallalatfejlesztes-a-budapesti-ertektozsde-segitsegevel\/\" target=\"_blank\" rel=\"noopener noreferrer\">Budapesti \u00c9rt\u00e9kt\u0151zsde<\/a> szerepv\u00e1llal\u00e1s\u00e1val \u00e9p\u00fcl\u0151 \u00f6kosziszt\u00e9ma seg\u00edts\u00e9g\u00e9vel egyre t\u00f6bb \u00e9rett kkv jelenik meg, azok megl\u00e9v\u0151 tulajdonosi k\u00f6re pedig re\u00e1lis exit lehet\u0151s\u00e9gnek tekinti a t\u0151zsdei bevezet\u00e9st.<\/p>\n<p><strong>Szakmai p\u00e1rbesz\u00e9dek<\/strong><\/p>\n<p>Garamv\u00f6lgyi Bal\u00e1zs az MFB Invest k\u00e9pviselet\u00e9ben t\u00e1rja az \u00e9rdekl\u0151d\u0151k el\u00e9 tapasztalatait a t\u0151ke\u00e1gi finansz\u00edroz\u00e1s t\u00e9mak\u00f6r\u00e9ben, Szalay Orsolya, az Erste Social Banking vezet\u0151je pedig a civil szektorban jelen l\u00e9v\u0151 finansz\u00edroz\u00e1si lehet\u0151s\u00e9gekr\u0151l besz\u00e9l majd \u2013 el\u0151ad\u00e1s\u00e1b\u00f3l t\u00f6bbek k\u00f6z\u00f6tt az is kider\u00fcl, hogy mi\u00e9rt is \u00e9ri meg egy banknak t\u00e1rsadalmi \u00fcgyeket finansz\u00edrozni.<\/p>\n<p>[post_newsletter title=&#8221;Iratkozzon fel h\u00edrlevel\u00fcnkre!&#8221;][\/post_newsletter]<\/p>\n<p>A d\u00e9lel\u0151tti programk\u00edn\u00e1latot k\u00e9t kerekasztal besz\u00e9lget\u00e9s is sz\u00ednes\u00edti: a Corporate Venture Capital kerekasztal keretein bel\u00fcl Lakatos P\u00e9ter (Videoton), Wolf L\u00e1szl\u00f3 (OTP Bank) \u00e9s dr. Feh\u00e9rv\u00e1ry \u00c1kos (Baker &amp; McKenzie) eszmecser\u00e9j\u00e9t hallhatj\u00e1k a jelenl\u00e9v\u0151k a v\u00e1llalati \u00e9s kock\u00e1zati t\u0151kebefektet\u00e9sekr\u0151l, majd Herczeg G\u00e1bor (Finatech Capital), Kiss G\u00e1bor (Bonit\u00e1s), Rudas G\u00e1bor (CV Alapkezel\u0151) \u00e9s Dr. Szab\u00f3 P\u00e1l (Bird &amp; Bird) az S3 Intelligens szakosod\u00e1si t\u0151keprogram kezdeti tapasztalatait osztja meg.<\/p>\n<p>A d\u00e9lut\u00e1ni program els\u0151 elemek\u00e9nt egy kerekasztal-besz\u00e9lget\u00e9s r\u00e9v\u00e9n v\u00e1llalkoz\u00f3k perspekt\u00edv\u00e1j\u00e1b\u00f3l nyerhet\u00fcnk betekint\u00e9st a kock\u00e1zati t\u0151kebefektet\u00e9sek el\u0151nyeibe: a t\u00e9m\u00e1t Kaszab Istv\u00e1n (Aluinvent), Kolbert Istv\u00e1n (Gamelab &amp; Coca Cola Esport Center) \u00e9s L\u00e1m Istv\u00e1n (Tresorit) startupperek j\u00e1rj\u00e1k k\u00f6rbe.<\/p>\n<p>Hasonl\u00f3an \u00e9rdekesnek \u00edg\u00e9rkezik Gal\u00e1cz \u00c1bel (Lead Ventures), Sz\u0171cs Gergely (Valor Capital) \u00e9s T\u00e1nczos P\u00e9ter (Euroventures) besz\u00e9lget\u00e9se a Series B szakaszbeli befektet\u00e9sekr\u0151l, illetve T\u00f6r\u00f6k J\u00f3zsef (Sz\u00e9chenyi T\u0151kealap-kezel\u0151) \u00e9s Garamv\u00f6lgyi Bal\u00e1zs (MFB Invest) \u00e9rtekez\u00e9se a befektet\u0151i elv\u00e1r\u00e1sokr\u00f3l. A napot a kock\u00e1zati t\u0151kebefektet\u00e9sek korai szakaszair\u00f3l, azok modelljeir\u0151l sz\u00f3l\u00f3 besz\u00e9lget\u00e9s z\u00e1rja, amelynek keretein bel\u00fcl Feh\u00e9r Gyula (Oktogon Ventures), Hajdu Szabolcs (Creative Accelerator), Tajthy Krisztina (BNL Start) \u00e9s Weiszbart Zsolt (A3 Ventures) vitatja meg a jellemz\u0151 eseteket.<\/p>\n","protected":false},"featured_media":12602,"template":"","class_list":["post-12592","blog","type-blog","status-publish","has-post-thumbnail","hentry"],"acf":[],"_links":{"self":[{"href":"https:\/\/szta.hu\/en\/wp-json\/wp\/v2\/blog\/12592","targetHints":{"allow":["GET"]}}],"collection":[{"href":"https:\/\/szta.hu\/en\/wp-json\/wp\/v2\/blog"}],"about":[{"href":"https:\/\/szta.hu\/en\/wp-json\/wp\/v2\/types\/blog"}],"wp:featuredmedia":[{"embeddable":true,"href":"https:\/\/szta.hu\/en\/wp-json\/"}],"wp:attachment":[{"href":"https:\/\/szta.hu\/en\/wp-json\/wp\/v2\/media?parent=12592"}],"curies":[{"name":"wp","href":"https:\/\/api.w.org\/{rel}","templated":true}]}}