{"id":12792,"date":"2019-06-25T12:26:35","date_gmt":"2019-06-25T10:26:35","guid":{"rendered":"http:\/\/www.blog.sztateszt.7digits.net\/?post_type=blog&amp;p=12792"},"modified":"2019-06-25T12:26:35","modified_gmt":"2019-06-25T10:26:35","slug":"hogyan-inditsunk-startupot-pontos-koncepcio-nelkul","status":"publish","type":"blog","link":"https:\/\/szta.hu\/en\/blog\/hogyan-inditsunk-startupot-pontos-koncepcio-nelkul\/","title":{"rendered":"Hogyan ind\u00edtsunk startupot pontos koncepci\u00f3 n\u00e9lk\u00fcl?"},"content":{"rendered":"<p style=\"text-align: left;\"><strong><img fetchpriority=\"high\" decoding=\"async\" class=\" wp-image-12802 alignleft\" src=\"https:\/\/szta.hu\/wp-content\/uploads\/2019\/06\/shutterstock_590587634-300x199.jpg\" alt=\"\" width=\"330\" height=\"219\" \/>Egy startup sikeres ind\u00edt\u00e1s\u00e1hoz nem csak egy j\u00f3 \u00f6tletre \u00e9s az abb\u00f3l \u00f6sszerakott vil\u00e1gos koncepci\u00f3ra, de rengeteg kitart\u00e1sra \u00e9s lelkesed\u00e9sre van sz\u00fcks\u00e9g. De mi a helyzet akkor, ha m\u00e9g nem krist\u00e1lyosodott ki az alap\u00f6tlet? \u00cdr\u00e1sunkban k\u00f6rbej\u00e1rjuk, hogyan \u00e9rdemes ilyen esetben neki\u00e1llni a j\u00f6v\u0151beli v\u00e1llalkoz\u00e1s megalapoz\u00e1s\u00e1nak, a tartalomgy\u00e1rt\u00e1st\u00f3l a potenci\u00e1lis v\u00e1s\u00e1rl\u00f3kkal val\u00f3 kapcsolatfelv\u00e9telig.<\/strong><\/p>\n<p><strong>Pragmatikus gondolkod\u00e1sm\u00f3d<\/strong><\/p>\n<p>A legt\u00f6bb <a href=\"https:\/\/www.forbes.com\/sites\/abdoriani\/2019\/04\/16\/how-to-start-a-startup-even-if-you-have-no-clue-what-to-build\/#6d79868d5471\" target=\"_blank\" rel=\"noopener noreferrer nofollow\">\u00f6tlet<\/a>, amelyb\u0151l k\u00e9s\u0151bb startup sz\u00fclethet, nagy es\u00e9llyel <a href=\"https:\/\/szta.hu\/malorok-amik-a-startupok-bukasahoz-vezetnek\/\" target=\"_blank\" rel=\"noopener noreferrer\">buk\u00e1sra<\/a> van \u00edt\u00e9lve, mivel a v\u00e1llalkoz\u00f3k jelent\u0151s r\u00e9sze vil\u00e1gmegv\u00e1lt\u00f3 \u00f6tletekben, &#8222;tal\u00e1lm\u00e1nyokban&#8221; gondolkodik, nem pedig szisztematikus term\u00e9kfejleszt\u00e9sben \u00e9s c\u00e9g\u00e9p\u00edt\u00e9sben. Ez a hozz\u00e1\u00e1ll\u00e1s m\u00e1r csak az\u00e9rt is t\u00f6bbsz\u00f6r\u00f6sen vesz\u00e9lyes, mert a j\u00f3 \u00f6tletek mellett olyan elk\u00e9pzel\u00e9sekre is \u00e9p\u00fclhet egy v\u00e1llalat, amelyek b\u00e1r \u00f6nmagukban gyenge l\u00e1bakon \u00e1llnak, de \u00e9pp annyira hihet\u0151ek, hogy f\u00f6l\u00f6sleges energi\u00e1t fektessenek azok megval\u00f3s\u00edt\u00e1s\u00e1ba.<\/p>\n<p>Az olyan \u00f6tlet megsz\u00fclet\u00e9s\u00e9hez, amit az emberek ig\u00e9nyelnek \u00e9s meg is fizetn\u00e9nek, kevesebb elm\u00e9leti, \u00e1m ann\u00e1l t\u00f6bb gyakorlati megold\u00e1s sz\u00fcks\u00e9ges. \u00c9rdemes els\u0151 k\u00f6rben olyan megoldatlan probl\u00e9m\u00e1t felkutatni, amelynek megold\u00e1s\u00e1ra egy leend\u0151 c\u00e9gvezet\u0151 szem\u00e9lyes \u00e9rdeke f\u0171z\u0151dik, tov\u00e1bb\u00e1, kifizet\u0151d\u0151 felvenni a kapcsolatot a hasonl\u00f3 kih\u00edv\u00e1ssal k\u00fcszk\u00f6d\u0151, a neh\u00e9zs\u00e9geket ideiglenesen (de nem v\u00e9glegesen) lek\u00fczd\u0151 szem\u00e9lyekkel.<\/p>\n<p>Az egyik legjobb m\u00f3dszert erre a hallgat\u00f3s\u00e1g fel\u00e9p\u00edt\u00e9se \u00e9s a felhaszn\u00e1l\u00f3kkal val\u00f3 szem\u00e9lyes kommunik\u00e1ci\u00f3 \u00f6tv\u00f6z\u00e9se jelenti \u2013 ezen c\u00e9l el\u00e9r\u00e9s\u00e9nek \u00e9rdek\u00e9ben nagy sikerrel kecsegtet a blogbejegyz\u00e9sek rendszeres \u00edr\u00e1sa \u00e9s k\u00f6zz\u00e9t\u00e9tele. A tartalom el\u0151\u00e1ll\u00edt\u00f3j\u00e1nak a cikkek r\u00e9v\u00e9n \u2013 mik\u00f6zben l\u00e1togatotts\u00e1got \u00e9s a k\u00e9s\u0151bbiek sor\u00e1n el\u0151rendel\u0151ket szerez term\u00e9kei sz\u00e1m\u00e1ra \u2013 lehet\u0151s\u00e9ge ad\u00f3dik a feliratkoz\u00f3kkal t\u00f6rt\u00e9n\u0151 kapcsolatfelv\u00e9telre, hogy megismerje azok sz\u00fcks\u00e9gleteit, akik \u00edgy seg\u00edts\u00e9get ny\u00fajtanak egy \u00f6tlet megval\u00f3s\u00edt\u00e1s\u00e1ban.<\/p>\n<p>Amennyiben egy v\u00e1llalkoz\u00f3 nincs tiszt\u00e1ban azzal, milyen term\u00e9kkel vagy szolg\u00e1ltat\u00e1ssal szeretne el\u0151rukkolni, \u00e9rdemes az al\u00e1bb felsorolt l\u00e9p\u00e9seket megfontolni.<\/p>\n<p><strong>Hasznos tartalomgy\u00e1rt\u00e1s<\/strong><\/p>\n<p>Az emberek hajlamosak t\u00falbonyol\u00edtani az \u00f3divat\u00fa, klis\u00e9s tan\u00e1csokat. Ebben az esetben azonban nincs egyszer\u0171bb \u00fatja a sz\u00fcks\u00e9g kiel\u00e9g\u00edt\u00e9s\u00e9nek, mint tenni \u00e9rte. A startupokn\u00e1l az online felm\u00e9r\u00e9sek elv\u00e9gz\u00e9se nehezen sorolhat\u00f3 a cselekv\u00e9s kateg\u00f3ri\u00e1j\u00e1ba: ehhez fel kell venni a kapcsolatot a v\u00e1s\u00e1rl\u00f3kkal.<\/p>\n<p>A l\u00e9p\u00e9sek f\u0151 c\u00e9lja a v\u00e1s\u00e1rl\u00f3k szempontj\u00e1nak megismer\u00e9se \u00e9s a v\u00e1s\u00e1rl\u00f3k\u00f6r ki\u00e9p\u00edt\u00e9se, ehhez pedig az egyik legjobb \u00fat az olyan hasznos tartalmak megoszt\u00e1s\u00e1n kereszt\u00fcl vezet, mint p\u00e9ld\u00e1ul cikkek, vide\u00f3k \u00e9s\/vagy hanganyagok. \u00c9rdemes szem el\u0151tt tartani p\u00e1r ir\u00e1nyelvet:<\/p>\n<ul>\n<li>B\u00e1r a hosszabb bejegyz\u00e9sek jobban teljes\u00edtenek a keres\u0151motorok szempontj\u00e1b\u00f3l, mindig a min\u0151s\u00e9get \u00e9rdemes v\u00e1lasztani a mennyis\u00e9g helyett.<\/li>\n<li>A k\u00e9pek, legyen sz\u00f3 diagramokr\u00f3l, infografik\u00e1kr\u00f3l vagy hagyom\u00e1nyos k\u00e9pekr\u0151l, mindig vonz\u00f3bb\u00e1 teszik az adott bejegyz\u00e9st \u00e9s sokkal ink\u00e1bb ingerlik megoszt\u00e1sra az olvas\u00f3kat, mint a puszt\u00e1n sz\u00f6veges tartalmak.<\/li>\n<li>\u00c9rdemes szem el\u0151tt tartani a bejegyz\u00e9sek gyakoris\u00e1g\u00e1t, az \u00e1lland\u00f3s\u00e1got \u00e9s rendszeress\u00e9get.<\/li>\n<li>Nem \u00e9rdemes k\u00f6zvetlen\u00fcl rekl\u00e1mozni a startupot, kifizet\u0151d\u0151bbek ehelyett a hasznos tartalmak, p\u00e9ld\u00e1ul a saj\u00e1t tapasztalatok, a piaci el\u0151rejelz\u00e9sek \u00e9s a szak\u00e9rt\u0151i jelleg\u0171 elemz\u00e9sek a legt\u00f6bb esetben.<\/li>\n<li>A legt\u00f6bb keres\u0151motor a 60-70 karakter hossz\u00fas\u00e1g\u00fa c\u00edmekkel birk\u00f3zik meg a legk\u00f6nnyebben.<\/li>\n<li>Felsorol\u00e1sokkal, kiemel\u00e9sekkel, alc\u00edmekkel olvashat\u00f3bb\u00e1 \u00e9s fogyaszthat\u00f3bb\u00e1 v\u00e1lik egy bejegyz\u00e9s.<\/li>\n<\/ul>\n<p>Azon t\u00e9m\u00e1k eset\u00e9ben, amelyek ir\u00e1nt a legfog\u00e9konyabb a c\u00e9lk\u00f6z\u00f6ns\u00e9g, a hozz\u00e1sz\u00f3l\u00e1sok, e-mailek, h\u00edv\u00e1sok, vagy ak\u00e1r szem\u00e9lyes besz\u00e9lget\u00e9sek egy\u00fattal visszacsatol\u00e1st is jelentenek a fejleszt\u00e9sre szorul\u00f3 ter\u00fcletekr\u0151l. A tartalomgy\u00e1rt\u00e1son kereszt\u00fcl \u00edgy konkr\u00e9t v\u00e1laszokat alkalmazhat a leend\u0151 startupper a szem\u00e9lyes meggy\u0151z\u0151d\u00e9sek \u00e9s a vak tal\u00e1lgat\u00e1sok ellen\u00e9ben.<\/p>\n<p>[post_newsletter title=&#8221;Iratkozzon fel h\u00edrlevel\u00fcnkre!&#8221;][\/post_newsletter]<\/p>\n<p><strong>Az \u00f6tletek tesztel\u00e9se<\/strong><\/p>\n<p>M\u00e1r egy egyszer\u0171 k\u00e9rd\u00e9sfeltev\u00e9ssel is m\u00e9rhet\u0151 az az \u00e9rdekl\u0151d\u00e9s, amely egy meghat\u00e1rozott probl\u00e9m\u00e1ra ny\u00fajt egyed\u00fcl\u00e1ll\u00f3 vagy a piacon el\u00e9rhet\u0151bbn\u00e9l jobb megold\u00e1st. J\u00f3 jel, ha a k\u00f6z\u00f6ns\u00e9g tagjai hajland\u00f3ak megosztani szem\u00e9lyes n\u00e9z\u0151pontjukat, v\u00e1laszolni egy k\u00e9rd\u0151\u00edvre, csatlakozni a term\u00e9k, szolg\u00e1ltat\u00e1s v\u00e1r\u00f3list\u00e1j\u00e1ra vagy szem\u00e9lyesen felvenni a kapcsolatot a tartalom el\u0151\u00e1ll\u00edt\u00f3j\u00e1val. Ugyan az olvas\u00f3k a kezdeti szakaszokban jellemz\u0151en nem k\u00edv\u00e1nnak bekapcsol\u00f3dni, a tartalmak sz\u00e1mbeli n\u00f6veked\u00e9s\u00e9vel a k\u00f6z\u00f6ns\u00e9g, egy\u00fattal az \u00f6sszegy\u0171jt\u00f6tt tapasztalat gyarapod\u00e1sa is nagy es\u00e9llyel bor\u00edt\u00e9kolhat\u00f3.<\/p>\n<p>Ahhoz, hogy az ir\u00e1ny egy\u00e9rtelm\u0171 \u00e9s tiszta legyen, \u00e9rdemes minden v\u00e1r\u00f3list\u00e1ra regisztr\u00e1lt szem\u00e9lyt e-mailben megkeresni \u00e9s szem\u00e9lyesen \u00e9rdekl\u0151dni benyom\u00e1saikr\u00f3l a term\u00e9k, avagy szolg\u00e1ltat\u00e1s kapcs\u00e1n. Ehhez csup\u00e1n p\u00e1r perc is el\u00e9g, hogy a k\u00e9rd\u00e9sekre adott v\u00e1laszok lehet\u0151v\u00e9 tegy\u00e9k az olvas\u00f3k \u00e9rdekl\u0151d\u00e9si k\u00f6r\u00e9nek megismer\u00e9s\u00e9t a probl\u00e9ma megold\u00e1s\u00e1ban.<\/p>\n<p><strong>Az \u00e9rt\u00e9kes\u00edt\u00e9s megalapoz\u00e1sa<\/strong><\/p>\n<p>Amennyiben az olvas\u00f3k vagy a k\u00e9rd\u0151\u00edveket megv\u00e1laszol\u00f3k jelent\u0151s r\u00e9sze ugyanazt a probl\u00e9m\u00e1t eml\u00edti, illetve ugyanazt az ig\u00e9nyt jelzik, c\u00e9lszer\u0171 a k\u00f6vetkez\u0151 szintre emelni a projektet: ebben a f\u00e1zisban \u00e9rdemes a priorit\u00e1st \u00e1thelyezni a v\u00e9gs\u0151 tesztel\u00e9sekre.<\/p>\n<p>Ha egy c\u00e9g kell\u0151 id\u0151t ford\u00edt a tartalomgy\u00e1rt\u00e1sra, a tesztel\u00e9sre \u00e9s a kapcsolatfelv\u00e9telre, akkor amellett, hogy m\u00e9ly\u00edtheti a megl\u00e9v\u0151 ismereteit \u00e9s r\u00e1lelhet arra az \u00f6tletre, amibe \u00e9rdemes energi\u00e1t fektetni, a c\u00e9lcsoport bizalm\u00e1t is elnyerheti. Amennyiben ez a szempont figyelmen k\u00edv\u00fcl marad, nagy val\u00f3sz\u00edn\u0171s\u00e9ggel ismeretlenekhez kell fordulni el\u0151zetes t\u00e1mogat\u00e1s rem\u00e9ny\u00e9ben.<\/p>\n","protected":false},"featured_media":12802,"template":"","class_list":["post-12792","blog","type-blog","status-publish","has-post-thumbnail","hentry"],"acf":[],"_links":{"self":[{"href":"https:\/\/szta.hu\/en\/wp-json\/wp\/v2\/blog\/12792","targetHints":{"allow":["GET"]}}],"collection":[{"href":"https:\/\/szta.hu\/en\/wp-json\/wp\/v2\/blog"}],"about":[{"href":"https:\/\/szta.hu\/en\/wp-json\/wp\/v2\/types\/blog"}],"wp:featuredmedia":[{"embeddable":true,"href":"https:\/\/szta.hu\/en\/wp-json\/"}],"wp:attachment":[{"href":"https:\/\/szta.hu\/en\/wp-json\/wp\/v2\/media?parent=12792"}],"curies":[{"name":"wp","href":"https:\/\/api.w.org\/{rel}","templated":true}]}}