{"id":1291,"date":"2013-03-12T12:51:11","date_gmt":"2013-03-12T12:51:11","guid":{"rendered":"http:\/\/www.blog.sztateszt.7digits.net\/blog\/eltero-szektorok-iparagak-fejlesztesi-szuksegletek-hova-kerulnek-a-fejlesztesi-forrasok\/"},"modified":"2013-03-12T12:51:11","modified_gmt":"2013-03-12T12:51:11","slug":"eltero-szektorok-iparagak-fejlesztesi-szuksegletek-hova-kerulnek-a-fejlesztesi-forrasok","status":"publish","type":"blog","link":"https:\/\/szta.hu\/en\/blog\/eltero-szektorok-iparagak-fejlesztesi-szuksegletek-hova-kerulnek-a-fejlesztesi-forrasok\/","title":{"rendered":"Elt\u00e9r\u0151 szektorok, ipar\u00e1gak, fejleszt\u00e9si sz\u00fcks\u00e9gletek \u2013 hov\u00e1 ker\u00fclnek a fejleszt\u00e9si forr\u00e1sok?"},"content":{"rendered":"<p align=\"justify\"><strong><a href=\"https:\/\/szta.hu\/en\/?attachment_id=389\" rel=\"attachment wp-att-389\"><img fetchpriority=\"high\" decoding=\"async\" class=\"alignleft  wp-image-389\" title=\"Milyen ipar\u00e1gakba \u00e1ramlanak a kis-, \u00e9s k\u00f6z\u00e9pv\u00e1llalkoz\u00e1sokat er\u0151s\u00edt\u0151 uni\u00f3s forr\u00e1sok?\" alt=\"Szechenyi_Tokealap__befektetesi_dontesek_aranya_iparagankent_small\" src=\"https:\/\/szta.hu\/wp-content\/uploads\/2013\/03\/Szechenyi_Tokealap__befektetesi_dontesek_aranya_iparagankent_small.png\" width=\"306\" height=\"299\" \/><\/a>Milyen gazdas\u00e1gi \u00e1gazatokba, ipar\u00e1gakba, \u00e9s mely hazai r\u00e9gi\u00f3kba \u00e1ramlanak jellemz\u0151en a m\u0171k\u00f6d\u0151, \u00e9s j\u00f3 es\u00e9lyekkel tov\u00e1bb fejleszthet\u0151 kis- \u00e9s k\u00f6z\u00e9pv\u00e1llalkoz\u00e1soknak sz\u00f3l\u00f3 uni\u00f3s forr\u00e1sok? Vannak esetleg prefer\u00e1lt, vagy ebben a konstrukci\u00f3ban kifejezetten nem verseng\u0151 profil\u00fa v\u00e1llalkoz\u00e1sok?<\/strong><\/p>\n<p align=\"justify\">Egy f\u0151 krit\u00e9rium-csoport, a T\u0151kealap befektet\u00e9si partners\u00e9g\u00e9ben r\u00e9szt vev\u0151 c\u00e9gek p\u00e9ld\u00e1i alapj\u00e1n vil\u00e1gosan kirajzol\u00f3dik: az innovat\u00edv szeml\u00e9let\u0171, alapos piaci ismeretekkel, \u00e1tgondolt \u00fczleti tervvel \u00e9s j\u00f3 n\u00f6veked\u00e9si k\u00e9pess\u00e9ggel rendelkez\u0151 v\u00e1llalkoz\u00e1sok a leg\u00edg\u00e9retesebbek. \u00c9rdemes azonban egy pillant\u00e1st vetni arra, hogy \u00f6sszess\u00e9g\u00e9ben mely t\u00e9nyez\u0151k sz\u00e1m\u00edtanak, illetve nem sz\u00e1m\u00edtanak az EU-forr\u00e1sb\u00f3l finansz\u00edrozott egyedi, hazai t\u0151kebefektet\u00e9si konstrukci\u00f3 d\u00f6nt\u00e9shozatali folyamata sor\u00e1n.<\/p>\n<p align=\"justify\"><!--more-->Az EU \u00e1ltal finansz\u00edrozott fejleszt\u00e9si c\u00e9l\u00fa t\u0151kebevon\u00e1si lehet\u0151s\u00e9gek k\u00f6z\u00f6tt, ahogy kor\u00e1bban is \u00edrtuk, a Sz\u00e9chenyi T\u0151kealap <a title=\"Sz\u00e9chenyi T\u0151kebefektet\u00e9si Alap, JEREMIE vagy priv\u00e1t kock\u00e1zati t\u0151ke? \u2013 I. r\u00e9sz\" href=\"https:\/\/szta.hu\/en\/blog\/szechenyi-tokebefektetesi-alap-jeremie-vagy-privat-kockazati-toke-i-resz\/\" target=\"_blank\" rel=\"noopener\">egyedi konstrukci\u00f3val rendelkezik<\/a>\u00a0a m\u0171k\u00f6d\u0151, saj\u00e1t term\u00e9kkel, szolg\u00e1ltat\u00e1ssal \u00e9s m\u0171k\u00f6d\u0151 felvev\u0151piaccal rendelkez\u0151 kis-, \u00e9s k\u00f6z\u00e9pv\u00e1llalkoz\u00e1sok n\u00f6veked\u00e9s\u00e9nek t\u00e1mogat\u00e1s\u00e1ra. A t\u0151kebefektet\u00e9seket a T\u0151kealap els\u0151 teljes m\u0171k\u00f6d\u00e9si \u00e9v\u00e9ben elnyer\u0151 c\u00e9gek n\u00e9h\u00e1ny p\u00e9ld\u00e1j\u00e1val m\u00e1r itt, a <a title=\"Sz\u00e9chenyi T\u0151kealap befektet\u00e9si projektek\" href=\"https:\/\/szta.hu\/en\/?tag=befektetesi-projektek\" target=\"_blank\" rel=\"noopener\">blogunkon is meg lehet ismerkedni<\/a>. Ezek alapj\u00e1n egy krit\u00e9rium-csoport egy\u00e9rtelm\u0171en komoly s\u00fallyal esik latba: fontos az innovat\u00edv szeml\u00e9let, a szak\u00e9rtelem, az ambici\u00f3zus, de mindig re\u00e1lis \u00fczleti \u00e9s fejleszt\u00e9si terv. Ezen t\u00fal azonban felmer\u00fclhetnek fontos k\u00e9rd\u00e9sek a t\u0151kebevon\u00e1st tervez\u0151 c\u00e9gekn\u00e9l, melyek befoly\u00e1solhatj\u00e1k azt, hogy merre indulnak el \u2013 \u00e9s val\u00f3ban fontos l\u00e1tni, mely t\u00e9nyez\u0151k befoly\u00e1solj\u00e1k, illetve melyek nem befoly\u00e1solj\u00e1k a T\u0151kealap befektet\u00e9si d\u00f6nt\u00e9seit.<\/p>\n<p align=\"justify\"><strong>Milyen gazdas\u00e1gi \u00e1gazatokra terjed ki ez a fajta t\u0151kebefektet\u00e9si lehet\u0151s\u00e9g?<\/strong><\/p>\n<p align=\"justify\">F\u0151 szab\u00e1lyk\u00e9nt elmondhat\u00f3, hogy c\u00e9l a termel\u0151 \u00e9s szolg\u00e1ltat\u00f3 v\u00e1llalkoz\u00e1sok meger\u0151s\u00edt\u00e9se. Amire az SZTA partners\u00e9g\u00e9vel v\u00e9grehajtott t\u0151kekihelyez\u00e9s nem alkalmazhat\u00f3, az a nagyv\u00e1llalati \u00e9s tiszt\u00e1n kereskedelmi tev\u00e9kenys\u00e9g, valamint a mez\u0151gazdas\u00e1gi szektor. Em\u00f6g\u00f6tt az els\u0151 k\u00e9t esetben az alapvet\u0151 c\u00e9lkit\u0171z\u00e9s \u00e1ll, hogy a hazai, rendk\u00edv\u00fcl sok c\u00e9get mag\u00e1ba foglal\u00f3 kis- \u00e9s k\u00f6z\u00e9pv\u00e1llalkoz\u00e1si k\u00f6r fokozatosan meger\u0151s\u00f6dhessen, \u00e9s k\u00f6zben t\u00f6bb s\u00edkon is \u00e9rt\u00e9ket teremtsen \u2013 p\u00e9ld\u00e1ul \u00faj, versenyk\u00e9pes hazai term\u00e9kek, szolg\u00e1ltat\u00e1sok kidolgoz\u00e1s\u00e1val, tov\u00e1bbfejleszt\u00e9s\u00e9vel, \u00e9s persze a foglalkoztat\u00e1s n\u00f6vel\u00e9s\u00e9vel. Az ut\u00f3bbi kit\u00e9telt pedig az\u00e9rt kell alkalmaznunk, mert a mez\u0151gazdas\u00e1gi szektorral egys\u00e9gesen, uni\u00f3s szinten k\u00fcl\u00f6n\u00e1ll\u00f3 szakpolitikai ter\u00fclet, a K\u00f6z\u00f6s Agr\u00e1rpolitika foglalkozik.<\/p>\n<p align=\"justify\"><strong>A \u201ehagyom\u00e1nyos\u201d ipar\u00e1gak is es\u00e9lyesek?<\/strong><\/p>\n<p align=\"justify\">Sok sz\u00f3 esik az innovat\u00edv ipar\u00e1gakr\u00f3l, amelyek t\u00f6bbf\u00e9le t\u00edpus\u00fa t\u0151kebefektet\u0151t vonzanak, els\u0151sorban a term\u00e9kek vagy szolg\u00e1ltat\u00e1sok \u00fajszer\u0171s\u00e9ge \u00e9s k\u00f6lts\u00e9ghat\u00e9konys\u00e1ga, illetve a nagyon szerencs\u00e9s esetben el\u00e9rhet\u0151 gyors n\u00f6veked\u00e9s, a \u201enagy dob\u00e1s\u201d es\u00e9lye miatt is. Az SZTA-n\u00e1l ipar\u00e1gakat tekintve nincsenek sem kifejezetten prefer\u00e1lt, sem konkr\u00e9t megk\u00f6t\u00e9sek. Vannak azonban m\u00e1s felt\u00e9telek, amelyeknek a p\u00e1ly\u00e1z\u00f3 c\u00e9geknek meg kell felelni\u00fck.<\/p>\n<p align=\"justify\">P\u00e9ld\u00e1ul, a t\u0151k\u00e9t befogad\u00f3, m\u00e1r piacon l\u00e9v\u0151 term\u00e9kkel, \u00fcgyfelekkel, besz\u00e1ll\u00edt\u00f3i kapcsolatokkal rendelkez\u0151, legal\u00e1bb 2 \u00e9ves c\u00e9gnek hangs\u00falyt kell fektetnie a foglalkoztat\u00e1s megtart\u00e1s\u00e1ra vagy b\u0151v\u00edt\u00e9s\u00e9re is a befektet\u00e9s r\u00e9v\u00e9n el\u00e9rhet\u0151 n\u00f6veked\u00e9s terv\u00e9ben.<\/p>\n<p align=\"justify\">Kiz\u00e1r\u00f3lag fejleszt\u00e9si, n\u00f6veked\u00e9si t\u0151k\u00e9t ig\u00e9nyelhet a c\u00e9g, melynek c\u00e9lja az eredm\u00e9nyess\u00e9g, \u00e9s vele a bev\u00e9telek fenntarthat\u00f3 n\u00f6veked\u00e9se. Fontos: a T\u0151kealap nem reorganiz\u00e1l, nem megment\u00e9si t\u0151k\u00e9t ny\u00fajt. Hitelkiv\u00e1lt\u00e1sra ez a t\u0151kebefektet\u00e9s szint\u00e9n nem alkalmas, de ha a v\u00e1llalkoz\u00e1s saj\u00e1t t\u0151k\u00e9je a fejleszt\u00e9si szakaszban meger\u0151s\u00edt\u00e9st ig\u00e9nyel, ez nem jelent akad\u00e1lyt. A t\u0151kebefektet\u00e9s, illetve az ehhez adhat\u00f3 tagi k\u00f6lcs\u00f6n &#8211; \u00e1tt\u00e9telesen &#8211; egyar\u00e1nt t\u00e1mogatja a c\u00e9g likvidit\u00e1s\u00e1t, ennek pozit\u00edv hat\u00e1sa pedig a k\u00e9s\u0151bbiekben is el\u0151nyt jelenthet.<\/p>\n<p align=\"justify\">A fenti krit\u00e9riumoknak t\u00f6rt\u00e9n\u0151 megfelel\u00e9s, illetve az eddigi tapasztalatok alapj\u00e1n jellemz\u0151, hogy a T\u0151kealap befektet\u00e9sei az els\u0151 teljes \u00e9vben ink\u00e1bb a hagyom\u00e1nyos ipar\u00e1gak, \u00e9s a termel\u0151 tev\u00e9kenys\u00e9gek fel\u00e9 ir\u00e1nyultak. Ez azonban egyfajta adotts\u00e1g, mely nem korl\u00e1tozza m\u00e1s v\u00e1llalkoz\u00e1sok lehet\u0151s\u00e9geit \u00e9s siker\u00e9t a t\u0151kebevon\u00e1s ter\u00e9n.<\/p>\n<p align=\"justify\"><strong>Milyen ipar\u00e1gakban, \u00e9s a hazai r\u00e9gi\u00f3kban milyen ar\u00e1nyban hozott eddig d\u00f6nt\u00e9st az Alap Befektet\u00e9si Bizotts\u00e1ga?<\/strong><\/p>\n<p style=\"text-align: center;\" align=\"justify\"><a href=\"https:\/\/szta.hu\/en\/?attachment_id=384\" rel=\"attachment wp-att-384\"><img decoding=\"async\" class=\"wp-image-384 aligncenter\" title=\"Sz\u00e9chenyi T\u0151kealap - az els\u0151 \u00e9v befektet\u00e9si d\u00f6nt\u00e9seinek ar\u00e1nya ipar\u00e1gank\u00e9nt\" alt=\"Szechenyi_Tokealap__befektetesi_dontesek_aranya_iparagankent_teljes\" src=\"https:\/\/szta.hu\/wp-content\/uploads\/2013\/03\/Szechenyi_Tokealap__befektetesi_dontesek_aranya_iparagankent_teljes.png\" width=\"589\" height=\"330\" \/><\/a><\/p>","protected":false},"featured_media":0,"template":"","class_list":["post-1291","blog","type-blog","status-publish","hentry"],"acf":[],"_links":{"self":[{"href":"https:\/\/szta.hu\/en\/wp-json\/wp\/v2\/blog\/1291","targetHints":{"allow":["GET"]}}],"collection":[{"href":"https:\/\/szta.hu\/en\/wp-json\/wp\/v2\/blog"}],"about":[{"href":"https:\/\/szta.hu\/en\/wp-json\/wp\/v2\/types\/blog"}],"wp:attachment":[{"href":"https:\/\/szta.hu\/en\/wp-json\/wp\/v2\/media?parent=1291"}],"curies":[{"name":"wp","href":"https:\/\/api.w.org\/{rel}","templated":true}]}}