{"id":13662,"date":"2019-12-12T09:47:50","date_gmt":"2019-12-12T08:47:50","guid":{"rendered":"https:\/\/www.blog.sztateszt.7digits.net\/?post_type=blog&amp;p=13662"},"modified":"2019-12-12T09:47:50","modified_gmt":"2019-12-12T08:47:50","slug":"mankot-kapnak-a-hazai-kis-es-kozepvallalatok-uj-strategiaval-rukkolt-elo-a-kormany","status":"publish","type":"blog","link":"https:\/\/szta.hu\/en\/blog\/mankot-kapnak-a-hazai-kis-es-kozepvallalatok-uj-strategiaval-rukkolt-elo-a-kormany\/","title":{"rendered":"Mank\u00f3t kapnak a hazai kis-\u00e9s k\u00f6z\u00e9pv\u00e1llalatok: \u00faj strat\u00e9gi\u00e1val rukkolt el\u0151 a korm\u00e1ny"},"content":{"rendered":"<p><strong><img fetchpriority=\"high\" decoding=\"async\" class=\"wp-image-13672 alignleft\" src=\"https:\/\/szta.hu\/wp-content\/uploads\/2019\/12\/GettyImages-157675638.jpg\" alt=\"\" width=\"320\" height=\"213\" \/>A hazai mikro-, kis- \u00e9s k\u00f6z\u00e9pv\u00e1llalatok meger\u0151s\u00edt\u00e9se a korm\u00e1ny gazdas\u00e1gpolitik\u00e1j\u00e1nak egyik legfontosabb f\u00f3kuszpontja: a v\u00e1llalatok hat\u00e9konys\u00e1g\u00e1nak n\u00f6vel\u00e9s\u00e9hez olyan m\u00f3don k\u00edv\u00e1n hozz\u00e1j\u00e1rulni, amely a piack\u00e9pess\u00e9g n\u00f6veked\u00e9s\u00e9t is eredm\u00e9nyezi a hazai \u00e9s nemzetk\u00f6zi piacon egyar\u00e1nt. A nemr\u00e9g meghirdetett \u201eA magyar mikro-, kis- \u00e9s k\u00f6zepes v\u00e1llalkoz\u00e1sok meger\u0151s\u00edt\u00e9s\u00e9nek strat\u00e9gi\u00e1ja (2019-2030)\u201d n\u00e9vre keresztelt programterv ezt a t\u00f6rekv\u00e9st hivatott megval\u00f3s\u00edtani.<\/strong><\/p>\n<p><strong>Kih\u00edv\u00e1sok el\u0151tt \u00e1ll\u00f3, de fejl\u0151d\u0151 kkv szektor<\/strong><\/p>\n<p>A strat\u00e9gia l\u00e9tjogosults\u00e1ga egy\u00e9rtelm\u0171, az Innov\u00e1ci\u00f3s \u00e9s Technol\u00f3giai Miniszt\u00e9rium (ITM) adatai szerint a hazai kkv-k a termel\u00e9kenys\u00e9g szempontj\u00e1b\u00f3l jelenleg nemcsak az uni\u00f3s, de a V4 orsz\u00e1gok \u00e1tlag\u00e1t\u00f3l is elmaradnak. Ugyanakkor az elm\u00falt \u00e9vek bizakod\u00e1sra adhatnak okot: 2010 \u00e9s 2018 k\u00f6z\u00f6tt a kkv szektorhoz k\u00f6t\u0151d\u0151 GDP 24 sz\u00e1zal\u00e9kkal, annak hozz\u00e1adott \u00e9rt\u00e9ke 27 sz\u00e1zal\u00e9kkal, exportj\u00e1nak \u00e9rt\u00e9ke pedig 45 sz\u00e1zal\u00e9kkal n\u0151tt. A foglalkoztatotts\u00e1got tekintve szint\u00e9n pozit\u00edv a tendencia, 2010-hez k\u00e9pest k\u00f6zel 1 milli\u00f3val t\u00f6bb munkav\u00e1llal\u00f3t tartanak sz\u00e1mon a szektorban.<\/p>\n<p>A tov\u00e1bbi fejl\u0151d\u00e9s \u00e9rdek\u00e9ben el\u0151rel\u00e9p\u00e9sre van sz\u00fcks\u00e9g olyan aktu\u00e1lis, a kis- \u00e9s k\u00f6z\u00e9pv\u00e1llalatok m\u0171k\u00f6d\u00e9s\u00e9t glob\u00e1lis szinten is \u00e9rint\u0151 kih\u00edv\u00e1sok ter\u00e9n, mint a digitaliz\u00e1ci\u00f3, a szakk\u00e9pz\u00e9s, a finansz\u00edroz\u00e1si lehet\u0151s\u00e9gek fejleszt\u00e9se, az \u00fczleti k\u00f6rnyezet jav\u00edt\u00e1sa, illetve a szab\u00e1lyoz\u00e1sok \u00e9s az ad\u00f3rendszer kedvez\u0151bb\u00e9 t\u00e9tele. A kih\u00edv\u00e1sok mellett a munkaer\u0151piac feszesed\u00e9se \u00e9s az a t\u00e9ny, hogy a rendszerv\u00e1lt\u00e1s idej\u00e9n v\u00e1llalkoz\u00f3i st\u00e1tuszba l\u00e9pett munkav\u00e1llal\u00f3k hamarosan el\u00e9rik a nyugd\u00edjkorhat\u00e1rt is, korszakv\u00e1lt\u00e1st vet\u00edt el\u0151re a kkv szektorban.<\/p>\n<p>A h\u00e9t pill\u00e9rre \u00e9p\u00fcl\u0151 strat\u00e9gia az Innov\u00e1ci\u00f3s \u00e9s Technol\u00f3giai Miniszt\u00e9rium tervei, a Magyar Nemzeti Bank 330 pontos versenyk\u00e9pess\u00e9gi programja, illetve egy sz\u00e9lesk\u00f6r\u0171 felm\u00e9r\u00e9s alapj\u00e1n k\u00e9sz\u00fclt el. Ut\u00f3bbit az ITM a Magyar Kereskedelmi \u00e9s Iparkamar\u00e1val k\u00f6z\u00f6sen k\u00e9sz\u00edtette el: a 19 megyesz\u00e9khelyen \u00e9s Budapesten lezajlott szakmai f\u00f3rumokon \u00f6sszesen mintegy 1000 v\u00e1llalkoz\u00f3t k\u00e9rdeztek meg a hazai kkv szektor jelenlegi helyzet\u00e9vel \u00e9s a c\u00e9geket \u00e9rint\u0151 legfontosabb kih\u00edv\u00e1sokkal kapcsolatban.<\/p>\n<p>[post_newsletter title=&#8221;Iratkozzon fel h\u00edrlevel\u00fcnkre!&#8221;][\/post_newsletter]<\/p>\n<p><strong>A strat\u00e9gia pill\u00e9rei<\/strong><\/p>\n<ul>\n<li>A v\u00e1llalkoz\u00f3i m\u0171k\u00f6d\u00e9shez sz\u00fcks\u00e9ges adminisztrat\u00edv terhek, azon bel\u00fcl is els\u0151dlegesen az ad\u00f3adminisztr\u00e1ci\u00f3 egyszer\u0171s\u00edt\u00e9se jelenti az els\u0151 pill\u00e9rt. Izer Norbert, a P\u00e9nz\u00fcgyminiszt\u00e9rium ad\u00f3\u00fcgyek\u00e9rt felel\u0151s \u00e1llamtitk\u00e1ra elmondta, a mikrov\u00e1llalkoz\u00e1sok \u00e9ves bev\u00e9tel\u00fck 2,5 sz\u00e1zal\u00e9k\u00e1t k\u00f6ltik erre a c\u00e9lra, \u00edgy a folyamat egyszer\u0171s\u00edt\u00e9se jelent\u0151s k\u00f6nny\u00edt\u00e9st fog biztos\u00edtani.<\/li>\n<li>A strat\u00e9gia az e-korm\u00e1nyzat \u00e9s az \u00fczleti k\u00f6rnyezet t\u00e9mak\u00f6r\u00e9t is kiemelten fontosan kezeli. El\u0151bbi a szolg\u00e1ltat\u00e1sokhoz val\u00f3 hozz\u00e1f\u00e9r\u00e9st \u00e9s az \u00fcgymenet egyszer\u0171s\u00edt\u00e9s\u00e9t, ut\u00f3bbi a v\u00e1llalkoz\u00e1sok k\u00f6zti tranzakci\u00f3k int\u00e9zm\u00e9nyi garanci\u00e1inak kedvez\u0151bb\u00e9 t\u00e9tel\u00e9t takarja.<\/li>\n<li>A <a href=\"https:\/\/szta.hu\/a-digitalizacio-utvesztoje-csapdak-es-kiutak\/\" target=\"_blank\" rel=\"noopener noreferrer\">digit\u00e1lis<\/a> \u00e9s <a href=\"https:\/\/szta.hu\/az-innovacio-harom-arca-mikor-mit-es-kinek-innovaljunk\/\" target=\"_blank\" rel=\"noopener noreferrer\">innov\u00e1ci\u00f3s<\/a> k\u00e9pess\u00e9gek er\u0151s\u00edt\u00e9se szint\u00e9n l\u00e9tfontoss\u00e1g\u00fa, mind az innov\u00e1ci\u00f3k alkalmaz\u00e1s\u00e1t, mind a digit\u00e1lis kompetenci\u00e1k er\u0151s\u00edt\u00e9s\u00e9t \u00e9s az immateri\u00e1lis t\u0151ke ar\u00e1ny\u00e1nak jav\u00edt\u00e1s\u00e1t tekintve.<\/li>\n<li>A szektor fejl\u0151d\u00e9s\u00e9nek egyik sarkalatos pontja a kkv-k finansz\u00edroz\u00e1shoz jut\u00e1s\u00e1nak \u00f6szt\u00f6nz\u00e9se. Ez mag\u00e1ban foglalja a v\u00e1llalkoz\u00e1sok hitelfelv\u00e9teli lehet\u0151s\u00e9geinek jav\u00edt\u00e1s\u00e1t, <a href=\"https:\/\/szta.hu\/tobb-tokeforrasra-van-szuksege-a-hazai-innovativ-vallalkozasoknak\/\" target=\"_blank\" rel=\"noopener noreferrer\">t\u0151keforr\u00e1sok<\/a> biztos\u00edt\u00e1s\u00e1t, illetve a v\u00e1llalkoz\u00f3k adotts\u00e1gaihoz \u00e9s lehet\u0151s\u00e9geihez legink\u00e1bb megfelel\u0151 finansz\u00edroz\u00e1shoz val\u00f3 hozz\u00e1jut\u00e1s felt\u00e9teleinek megteremt\u00e9s\u00e9t.<\/li>\n<li>A <a href=\"https:\/\/szta.hu\/nemzetkozi-baberokra-torve-a-sikeres-terjeszkedes-kulcsa\/\" target=\"_blank\" rel=\"noopener noreferrer\">nemzetk\u00f6ziesed\u00e9s<\/a> el\u0151seg\u00edt\u00e9s\u00e9vel is k\u00fcl\u00f6n foglalkozik a dokumentum. A c\u00e9lok k\u00f6z\u00e9 tartozik, hogy a v\u00e1llalkoz\u00e1sok a nemzetk\u00f6zi munkamegoszt\u00e1sba t\u00f6rt\u00e9n\u0151 csatlakoz\u00e1ssal val\u00f3s\u00edts\u00e1k meg n\u00f6veked\u00e9si c\u00e9ljaikat, olyan m\u00f3don, hogy a belf\u00f6ldi \u00e9rt\u00e9kes\u00edt\u00e9seik volumen\u00e9t is tartani tudj\u00e1k. Az export\u00e1l\u00e1ssal foglalkoz\u00f3 v\u00e1llalkoz\u00e1sok sz\u00e1m\u00e1nak n\u00f6vel\u00e9s\u00e9re szint\u00e9n hangs\u00falyt fektet a strat\u00e9gia.<\/li>\n<li>A hatodik pontot a k\u00e9pzett munkaer\u0151 biztos\u00edt\u00e1sa \u00e9s a <a href=\"https:\/\/szta.hu\/a-digitalis-atalakulas-nem-csak-a-technologia-fuggvenye\/\" target=\"_blank\" rel=\"noopener noreferrer\">v\u00e1llalkoz\u00f3i kult\u00fara<\/a> fejleszt\u00e9se jelenti, amely kiterjed a kkv-k k\u00e9pz\u00e9si ig\u00e9nyeinek k\u00e9pz\u0151helyek fel\u00e9 k\u00f6zvet\u00edt\u00e9s\u00e9re is.<\/li>\n<li>Utols\u00f3 pontk\u00e9nt a <a href=\"https:\/\/szta.hu\/atfogo-kutatas-a-csaladi-vallalkozasokrol\/\" target=\"_blank\" rel=\"noopener noreferrer\">gener\u00e1ci\u00f3v\u00e1lt\u00e1s<\/a> k\u00e9rd\u00e9sk\u00f6re ker\u00fcl ter\u00edt\u00e9kre: a strat\u00e9gia alapj\u00e1n a korm\u00e1ny seg\u00edts\u00e9get k\u00edv\u00e1n ny\u00fajtani a tulajdonosv\u00e1lt\u00e1shoz \u00e9rkezett v\u00e1llalatoknak, hogy c\u00e9ljaik szerint tudj\u00e1k \u00e1tadni, \u00f6r\u00f6k\u00f6lni tulajdonr\u00e9szeiket. A c\u00e9gek magyar k\u00e9zben val\u00f3 tart\u00e1sa is tov\u00e1bbi l\u00e9nyeges szempont.<\/li>\n<\/ul>\n<p><strong>Befektet\u0151i szerepv\u00e1llal\u00e1s<\/strong><\/p>\n<p>A strat\u00e9gia megval\u00f3s\u00edt\u00e1s\u00e1hoz k\u00f6zvetett m\u00f3don a befektet\u0151k, befektet\u00e9si alapok is hozz\u00e1j\u00e1rulnak. A Sz\u00e9chenyi T\u0151kealap-kezel\u0151 Zrt. n\u00e9gy t\u0151kealapja r\u00e9v\u00e9n eddig t\u00f6bb mint 100 tranzakci\u00f3val t\u00e1mogatta a hazai kis- \u00e9s k\u00f6z\u00e9pv\u00e1llalatok n\u00f6veked\u00e9s\u00e9t. A <a href=\"https:\/\/www.szechenyi.sztateszt.7digits.net\/\" target=\"_blank\" rel=\"noopener noreferrer nofollow\">Sz\u00e9chenyi T\u0151kebefektet\u00e9si Alap (SZTA)<\/a> a n\u00f6veked\u00e9si potenci\u00e1llal rendelkez\u0151 kkv-k sz\u00e1m\u00e1ra biztos\u00edt kock\u00e1zati t\u0151k\u00e9t, az <a href=\"https:\/\/www.irinyi.sztateszt.7digits.net\/\" target=\"_blank\" rel=\"noopener noreferrer nofollow\">Irinyi Kock\u00e1zati T\u0151kealapok<\/a> a nemzetgazdas\u00e1g iparfejleszt\u00e9si strat\u00e9gi\u00e1j\u00e1nak jegy\u00e9ben finansz\u00edrozz\u00e1k az Ipar 4.0-hoz k\u00f6t\u0151d\u0151 fejleszt\u00e9seket \u00e9s a digitaliz\u00e1ci\u00f3s t\u00f6rekv\u00e9seket, a <a href=\"https:\/\/www.kmva.sztateszt.7digits.net\/\" target=\"_blank\" rel=\"noopener noreferrer nofollow\">K\u00e1rp\u00e1t-medencei V\u00e1llalkoz\u00e1sfejleszt\u00e9si Kock\u00e1zati T\u0151kealap (KVMA)<\/a> a magyar v\u00e1llalkoz\u00e1sok hat\u00e1rokon \u00e1t\u00edvel\u0151 gazdas\u00e1gi n\u00f6veked\u00e9s\u00e9t \u00e9s fejleszt\u00e9s\u00e9t t\u00e1mogatja, m\u00edg a <a href=\"https:\/\/tozsde.sztateszt.7digits.net\/\" target=\"_blank\" rel=\"noopener noreferrer nofollow\">Nemzeti T\u0151zsdefejleszt\u00e9si Alap (NTfA)<\/a> a t\u0151zsde\u00e9rett k\u00f6z\u00e9pv\u00e1llalatok nyilv\u00e1nos piacra l\u00e9p\u00e9s\u00e9t seg\u00edti.<\/p>\n","protected":false},"featured_media":13672,"template":"","class_list":["post-13662","blog","type-blog","status-publish","has-post-thumbnail","hentry"],"acf":[],"_links":{"self":[{"href":"https:\/\/szta.hu\/en\/wp-json\/wp\/v2\/blog\/13662","targetHints":{"allow":["GET"]}}],"collection":[{"href":"https:\/\/szta.hu\/en\/wp-json\/wp\/v2\/blog"}],"about":[{"href":"https:\/\/szta.hu\/en\/wp-json\/wp\/v2\/types\/blog"}],"wp:featuredmedia":[{"embeddable":true,"href":"https:\/\/szta.hu\/en\/wp-json\/"}],"wp:attachment":[{"href":"https:\/\/szta.hu\/en\/wp-json\/wp\/v2\/media?parent=13662"}],"curies":[{"name":"wp","href":"https:\/\/api.w.org\/{rel}","templated":true}]}}