{"id":1431,"date":"2014-11-04T09:49:12","date_gmt":"2014-11-04T09:49:12","guid":{"rendered":"http:\/\/www.blog.sztateszt.7digits.net\/blog\/a-vallalkozasok-bovulesenek-egyik-motorja-az-innovacio\/"},"modified":"2014-11-04T09:49:12","modified_gmt":"2014-11-04T09:49:12","slug":"a-vallalkozasok-bovulesenek-egyik-motorja-az-innovacio","status":"publish","type":"blog","link":"https:\/\/szta.hu\/en\/blog\/a-vallalkozasok-bovulesenek-egyik-motorja-az-innovacio\/","title":{"rendered":"A v\u00e1llalkoz\u00e1sok b\u0151v\u00fcl\u00e9s\u00e9nek egyik motorja az innov\u00e1ci\u00f3"},"content":{"rendered":"<p style=\"text-align: justify;\"><strong><a href=\"https:\/\/szta.hu\/wp-content\/uploads\/2014\/11\/innovacio3.jpg\"><img fetchpriority=\"high\" decoding=\"async\" class=\"alignleft size-full wp-image-1935\" alt=\"innovacio3\" src=\"https:\/\/szta.hu\/wp-content\/uploads\/2014\/11\/innovacio3.jpg\" width=\"245\" height=\"228\" \/><\/a>Mintegy sz\u00e1z el\u0151ad\u00e1ssal \u00e9s 35 startup ki\u00e1ll\u00edt\u00f3val v\u00e1rta az \u00e9rdekl\u0151d\u0151ket a Nemzeti Innov\u00e1ci\u00f3s Hivatal (NIH) \u00e1ltal az id\u00e9n m\u00e1sodj\u00e1ra megrendezett Innotrends Hungary 2014 rendezv\u00e9ny okt\u00f3berben. A kutat\u00e1si int\u00e9zetek, neves k\u00fclf\u00f6ldi \u00e9s hazai szakemberek, el\u0151ad\u00f3k, a protot\u00edpusokat \u00e9s k\u00e9sz innovat\u00edv term\u00e9keket bemutat\u00f3 startup c\u00e9gek mellett a l\u00e1togat\u00f3k a hazai finansz\u00edroz\u00e1si piac meghat\u00e1roz\u00f3 szerepl\u0151ivel is tal\u00e1lkozhattak, k\u00f6zt\u00fck <a href=\"https:\/\/szta.hu\/en\/talalkozz-tokebefektetokkel-az-innotrends-hungary-2014-en\/\" target=\"_blank\" rel=\"noopener\">a Sz\u00e9chenyi T\u0151kealappal<\/a>.<\/strong><\/p>\n<p style=\"text-align: justify;\">A folyamatos fejleszt\u00e9sek jelent\u0151s \u00f6sszeg\u0171 forr\u00e1sig\u00e9nyt k\u00f6vetelnek meg, \u00edgy a finansz\u00edroz\u00e1si lehet\u0151s\u00e9gekr\u0151l sz\u00f3l\u00f3 szekci\u00f3k \u00e1ltal\u00e1ban rendk\u00edv\u00fcli \u00e9rdekl\u0151d\u00e9sre adnak okot az ilyen jelleg\u0171 rendezv\u00e9nyeken. B\u00e1r a sikeres, fiatal IT-c\u00e9gek egyre n\u00e9pesebb t\u00e1bor\u00e1nak k\u00f6sz\u00f6nhet\u0151en sokan hajlamosak azt gondolni, hogy az innov\u00e1ci\u00f3t manaps\u00e1g els\u0151sorban a startup c\u00e9gek k\u00e9pviselik, ez k\u00f6zel sincs \u00edgy. Az alapvet\u0151en t\u00f6bb mint k\u00e9t \u00e9ves m\u0171k\u00f6d\u00e9ssel b\u00edr\u00f3 v\u00e1llalatokba befektet\u0151 Sz\u00e9chenyi T\u0151kealap portf\u00f3li\u00f3c\u00e9geinek <a href=\"https:\/\/szta.hu\/en\/noveltek-beveteluket-es-uj-piacokat-hoditottak-meg-az-szta-portfoliocegei\/\" target=\"_blank\" rel=\"noopener\">k\u00f6zel h\u00e1romnegyede innovat\u00edv<\/a>. Nem meglep\u0151 teh\u00e1t, hogy az Innotrends Hungary 2014-en az \u00edg\u00e9retes \u00f6tletekkel rendelkez\u0151 v\u00e1llalkoz\u00f3kt\u00f3l kezdve a magvet\u0151 \u00e9s indul\u00f3 st\u00e1diumban l\u00e9v\u0151 fiatal c\u00e9geken kereszt\u00fcl a t\u00f6bb \u00e9ves tev\u00e9kenys\u00e9ggel rendelkez\u0151 v\u00e1llalatokig sokf\u00e9le \u00e9rdekl\u0151d\u0151 vett r\u00e9szt az esem\u00e9nyen.<!--more--><\/p>\n<p style=\"text-align: justify;\">Az innovat\u00edv term\u00e9keket el\u0151\u00e1ll\u00edt\u00f3 v\u00e1llalatok a folyamatok t\u00f6bb szakasz\u00e1ban is hasznos\u00edtani tudj\u00e1k a finansz\u00edroz\u00e1si forr\u00e1sokat. Az alapkutat\u00e1sok elv\u00e9gz\u00e9se, a protot\u00edpus elk\u00e9sz\u00edt\u00e9se, a sorozatgy\u00e1rt\u00e1s megkezd\u00e9se, vagy egy szolg\u00e1ltat\u00e1s elind\u00edt\u00e1sa, illetve a nemzetk\u00f6zi piacra val\u00f3 kil\u00e9p\u00e9s is elt\u00e9r\u0151, de komoly forr\u00e1sig\u00e9nnyel rendelkezik. B\u00e1r az id\u0151sebb v\u00e1llalatok eset\u00e9ben a tapasztalat, a sz\u00fcks\u00e9ges eszk\u00f6z\u00f6k megl\u00e9te, a rutin \u00e9s a megl\u00e9v\u0151 kapcsolatok k\u00f6lts\u00e9ghat\u00e9konyabb\u00e1 teszik a folyamat eg\u00e9sz\u00e9t, az egyes st\u00e1diumok n\u00e1luk is megk\u00f6vetelik a kell\u0151 mennyis\u00e9g\u0171 t\u0151ke megl\u00e9t\u00e9t.<\/p>\n<p style=\"text-align: justify;\">B\u00e1r m\u00e9g mind a t\u0151kebefektet\u0151i, mind az innov\u00e1ci\u00f3s piacon le vagyunk maradva az Eur\u00f3pai Uni\u00f3 kor\u00e1bban csatlakozott tag\u00e1llamaihoz k\u00e9pest, haz\u00e1nkban <a href=\"https:\/\/szta.hu\/en\/lecsusztunk-volna-europaban-erdemes-a-szamok-moge-nezni\/\" target=\"_blank\" rel=\"noopener\">a kock\u00e1zatit\u0151ke-piac<\/a> \u2013 az EU-s finansz\u00edroz\u00e1si h\u00e1tter\u0171 programoknak k\u00f6sz\u00f6nhet\u0151en \u2013 az ut\u00f3bbi \u00e9vekben jelent\u0151sen felpezsd\u00fclt. Ennek k\u00f6sz\u00f6nhet\u0151en egyre t\u00f6bb hazai v\u00e1llalkoz\u00e1s jut t\u0151keforr\u00e1shoz, \u00e9s k\u00e9pes b\u0151v\u00fclni, n\u00f6vekedni \u00e9s \u00faj\u00edtani.<\/p>\n<p style=\"text-align: justify;\">Az Innotrends Hungary k\u00e9t nagyon fontos szempontb\u00f3l is kiv\u00e1l\u00f3 lehet\u0151s\u00e9get jelent a tov\u00e1bbi innov\u00e1ci\u00f3s folyamatok el\u0151mozd\u00edt\u00e1s\u00e1ra. Egyr\u00e9szt megmutatkozhatnak azok a ki\u00e1ll\u00edt\u00f3 startupok, v\u00e1llalatok, kutat\u00e1si int\u00e9zm\u00e9nyek, amelyek m\u00e1r t\u00fal vannak egy innovat\u00edv term\u00e9k l\u00e9trehoz\u00e1s\u00e1n, \u00e9s hasznos tan\u00e1csokkal l\u00e1thatj\u00e1k el a c\u00e9l megval\u00f3s\u00edt\u00e1sa el\u0151tt \u00e1ll\u00f3 v\u00e1llalkoz\u00f3kat. M\u00e1sr\u00e9szt pedig a t\u0151kepiac azon szerepl\u0151i is k\u00e9pviseltetik magukat, akikhez a c\u00e9gek t\u0151keig\u00e9ny eset\u00e9n bizalommal fordulhatnak. Aki pedig nem b\u00edr v\u00e1rni az Innotrends Hungary 2015-ig, az az <a href=\"https:\/\/szta.hu\/en\/kapcsolat\/\" target=\"_blank\" rel=\"noopener\">sztateszt.7digits.net\/kapcsolat<\/a>\u00a0oldalon \u00e9rdekl\u0151dhet t\u0151kebefektet\u00e9si lehet\u0151s\u00e9gekr\u0151l, illetve havi h\u00edrlevel\u00fcnkre feliratkozva \u00e9rtes\u00fclhet az SZTA h\u00edreir\u0151l, \u00fajabb bejegyz\u00e9seir\u0151l, \u00e9rdekess\u00e9geir\u0151l.<\/p>","protected":false},"featured_media":0,"template":"","class_list":["post-1431","blog","type-blog","status-publish","hentry"],"acf":[],"_links":{"self":[{"href":"https:\/\/szta.hu\/en\/wp-json\/wp\/v2\/blog\/1431","targetHints":{"allow":["GET"]}}],"collection":[{"href":"https:\/\/szta.hu\/en\/wp-json\/wp\/v2\/blog"}],"about":[{"href":"https:\/\/szta.hu\/en\/wp-json\/wp\/v2\/types\/blog"}],"wp:attachment":[{"href":"https:\/\/szta.hu\/en\/wp-json\/wp\/v2\/media?parent=1431"}],"curies":[{"name":"wp","href":"https:\/\/api.w.org\/{rel}","templated":true}]}}