{"id":1433,"date":"2014-11-13T09:13:28","date_gmt":"2014-11-13T09:13:28","guid":{"rendered":"http:\/\/www.blog.sztateszt.7digits.net\/blog\/az-elso-tervtol-az-50-befektetesig-igy-lep-a-siker-utjara-egy-tokealap\/"},"modified":"2014-11-13T09:13:28","modified_gmt":"2014-11-13T09:13:28","slug":"az-elso-tervtol-az-50-befektetesig-igy-lep-a-siker-utjara-egy-tokealap","status":"publish","type":"blog","link":"https:\/\/szta.hu\/en\/blog\/az-elso-tervtol-az-50-befektetesig-igy-lep-a-siker-utjara-egy-tokealap\/","title":{"rendered":"Az els\u0151 tervt\u0151l az 50. befektet\u00e9sig \u2013 \u00cdgy l\u00e9p a siker \u00fatj\u00e1ra egy t\u0151kealap"},"content":{"rendered":"<p style=\"text-align: justify;\"><strong><a href=\"https:\/\/szta.hu\/wp-content\/uploads\/2014\/02\/szta.jpg\"><img decoding=\"async\" class=\"alignleft size-full wp-image-1360\" alt=\"szta\" src=\"https:\/\/szta.hu\/wp-content\/uploads\/2014\/02\/szta.jpg\" width=\"258\" height=\"189\" \/><\/a>M\u00e1r t\u00f6bb mint \u00f6tven hazai kis- \u00e9s k\u00f6z\u00e9pv\u00e1llalkoz\u00e1sban emelt t\u0151k\u00e9t az SZTA. Abban viszont, hogy m\u00e1ra a legnagyobb c\u00e9gportf\u00f3li\u00f3val rendelkez\u0151 hazai t\u0151kealapp\u00e1 v\u00e1lt, rengeteg energia \u00e9s munka van. Az elm\u00falt t\u00f6bb mint n\u00e9gy \u00e9vben minden \u00e9rintett az\u00e9rt dolgozott, hogy a sikeresen m\u0171k\u00f6d\u0151 alapra, sok-sok n\u00f6vekedni k\u00edv\u00e1n\u00f3 hazai c\u00e9g t\u00e1maszkodhasson. A hossz\u00fa utat m\u00e1r id\u00e1ig is t\u00f6bb fontos m\u00e9rf\u00f6ldk\u0151 szeg\u00e9lyezte, \u00e9s m\u00e9g k\u00f6zel sincs v\u00e9ge. Sok hazai v\u00e1llalatnak van m\u00e9g es\u00e9lye arra, hogy hozz\u00e1jusson a kihelyez\u00e9s el\u0151tt \u00e1ll\u00f3 k\u00f6zel 5 milli\u00e1rdnyi uni\u00f3s t\u0151keforr\u00e1shoz. De l\u00e1ssuk, milyen l\u00e9p\u00e9sek vezettek id\u00e1ig!<\/strong><\/p>\n<p style=\"text-align: justify;\">A t\u0151kealap eddigi t\u00f6rt\u00e9net\u00e9t h\u00e1rom \u00e9letszakaszra lehetne bontani. Mindh\u00e1rom szakasz elt\u00e9r\u0151 intenzit\u00e1s\u00fa, \u00e9s m\u00e1s-m\u00e1s feladatokat k\u00f6vetelt meg, de mindegyikre sz\u00fcks\u00e9g volt, hogy az alap ma m\u00e1r t\u00f6bb mint 50 befektet\u00e9sr\u0151l besz\u00e9lhessen.<!--more--><\/p>\n<p style=\"text-align: justify;\"><strong>A h\u00e1rom \u00e9letszakasz:<\/strong><br \/>\n1. El\u0151k\u00e9sz\u00fcleti szakasz<br \/>\n2. \u201eDe minimis\u201d szakasz<br \/>\n3. \u201eNotifik\u00e1ci\u00f3s\u201d szakasz<\/p>\n<p style=\"text-align: justify;\"><a href=\"https:\/\/szta.hu\/wp-content\/uploads\/2014\/11\/SZTA_eletszakaszai.jpg\"><img fetchpriority=\"high\" decoding=\"async\" class=\"aligncenter size-full wp-image-1951\" alt=\"SZTA_eletszakaszai\" src=\"https:\/\/szta.hu\/wp-content\/uploads\/2014\/11\/SZTA_eletszakaszai.jpg\" width=\"596\" height=\"254\" \/><\/a><\/p>\n<p><strong>Az el\u0151k\u00e9sz\u00fcleti szakasz<\/strong><\/p>\n<p style=\"text-align: justify;\">Az els\u0151 szakasz k\u00f6zel egy \u00e9ves id\u0151szakot fed le, amely alatt minden olyan felt\u00e9tel teljes\u00fclt, amely az elind\u00edt\u00e1shoz sz\u00fcks\u00e9ges volt. 2010 augusztus\u00e1ban ker\u00fclt kidolgoz\u00e1sra az Alap terve az \u00daj Sz\u00e9chenyi Terv r\u00e9szek\u00e9nt, n\u00e9gy h\u00f3nap m\u00falva ker\u00fclt sor bejegyz\u00e9s\u00e9re. A k\u00f6vetkez\u0151 \u00e9v janu\u00e1rj\u00e1ban meghirdet\u00e9sre ker\u00fclt a program, illetve elindult a prenotifik\u00e1ci\u00f3s elj\u00e1r\u00e1s az Eur\u00f3pai Bizotts\u00e1g Versenyjogi F\u0151igazgat\u00f3s\u00e1g\u00e1n. \u00c1prilisban elfogad\u00e1sra ker\u00fcltek az \u00fczleti szab\u00e1lyok, amelyek meg\u00e1gyaztak az \u00fczleti tev\u00e9kenys\u00e9g elind\u00edt\u00e1s\u00e1nak.<\/p>\n<p style=\"text-align: justify;\"><strong>A \u201ede minimis\u201d szakasz<\/strong><\/p>\n<p style=\"text-align: justify;\">A m\u00e1sodik, pontosan k\u00e9t \u00e9vig tart\u00f3 szakaszr\u00f3l 2011 j\u00fanius\u00e1t\u00f3l, az \u00fczleti tev\u00e9kenys\u00e9g elind\u00edt\u00e1s\u00e1t\u00f3l kezdve besz\u00e9lhet\u00fcnk. Ekkor m\u00e9g csak egy term\u00e9k \u00e1llt rendelkez\u00e9sre, a \u201ede minimis\u201d vagy csek\u00e9ly \u00f6sszeg\u0171 t\u0151kebefektet\u00e9s lehet\u0151s\u00e9ge. A legels\u0151 befektet\u00e9si szerz\u0151d\u00e9s al\u00e1\u00edr\u00e1s\u00e1ra 2012 m\u00e1rcius\u00e1ban ker\u00fclt sor, teh\u00e1t mondhatjuk, hogy az 50. befektet\u00e9s k\u00e9t \u00e9s f\u00e9l \u00e9v alatt val\u00f3sult meg. Az SZTA megk\u00f6zel\u00edt\u0151leg k\u00e9thavonta h\u00e1rom c\u00e9gben emelt t\u0151k\u00e9t, ami egy t\u0151kebefektet\u0151 \u00e9let\u00e9ben viszonylag gyors l\u00e9pt\u00e9k\u0171 temp\u00f3nak sz\u00e1m\u00edt. Id\u0151k\u00f6zben term\u00e9szetesen azon is dolgozott az alap, hogy nagyobb \u00f6sszeg\u0171 forr\u00e1s\u00e9rt is fordulhassanak hozz\u00e1 a v\u00e1llalatok, \u00edgy 2012 m\u00e1jus\u00e1ban beny\u00fajtotta a notifik\u00e1ci\u00f3s k\u00e9relm\u00e9t az Eur\u00f3pai Bizotts\u00e1g fel\u00e9, amely err\u0151l a k\u00f6vetkez\u0151 \u00e9v tavasz\u00e1n pozit\u00edv d\u00f6nt\u00e9st hozott. Az SZTA az els\u0151 olyan t\u0151keprogram Magyarorsz\u00e1gon a 2007-2013. programoz\u00e1si id\u0151szakban, amely saj\u00e1t kezdem\u00e9nyez\u00e9s alapj\u00e1n egyedi enged\u00e9lyt kapott programja megval\u00f3s\u00edt\u00e1s\u00e1ra az Eur\u00f3pai Bizotts\u00e1gt\u00f3l, \u00e9s programja egyed\u00fcl\u00e1ll\u00f3 az Eur\u00f3pai Uni\u00f3ban. 2013 j\u00fanius\u00e1t\u00f3l a kor\u00e1bbi egy helyett imm\u00e1r n\u00e9gy term\u00e9k \u00e1llt a hazai v\u00e1llalkoz\u00e1sok rendelkez\u00e9s\u00e9re, az SZTA befektet\u00e9si lehet\u0151s\u00e9gei \u00e9s m\u0171k\u00f6d\u00e9se egy \u00fajabb szakaszba l\u00e9pett. Ekkor m\u00e1r k\u00f6zel 20 t\u0151kebefektet\u00e9sen volt t\u00fal az alap.<\/p>\n<p>[insert_php]<br \/>\nkalkulator();<\/p>\n<p style=\"text-align: justify;\"><strong>A \u201eNotifik\u00e1ci\u00f3s\u201d szakasz<\/strong><\/p>\n<p style=\"text-align: justify;\">Az \u00fajabb term\u00e9keknek k\u00f6sz\u00f6nhet\u0151en a t\u0151kebefektet\u00e9sek \u00fcteme \u00e9s volumene jelent\u0151sen felgyorsult. 2013 november\u00e9ben megt\u00f6rt\u00e9nt a 20. befektet\u00e9s, ezzel egy id\u0151ben az els\u0151, egyedi enged\u00e9ly alapj\u00e1n t\u00f6rt\u00e9nt befektet\u00e9s is megsz\u00fcletett, \u00e9s a decemberi 30. befektet\u00e9shez csup\u00e1n egy h\u00f3napra volt sz\u00fcks\u00e9g. 2014 \u0151sz\u00e9re pedig \u00fajabb 20 c\u00e9g csatlakozott az alap portf\u00f3li\u00f3j\u00e1hoz, m\u00e1r a kerek 50-es sz\u00e1mot is elhagyva. Ez a peri\u00f3dus tart ma is, \u00e9s t\u00f6bb magyarorsz\u00e1gi r\u00e9gi\u00f3 kis- \u00e9s k\u00f6z\u00e9pv\u00e1llalkoz\u00e1saiba m\u00e9g 5 milli\u00e1rd forint t\u0151k\u00e9t k\u00edv\u00e1nunk hasznosan kihelyezni, amellyel e c\u00e9gek n\u00f6veked\u00e9se finansz\u00edrozhat\u00f3. 2011-ben azt mondtuk, hogy 4 \u00e9v alatt k\u00f6zel 100 hazai kis- \u00e9s k\u00f6z\u00e9pv\u00e1llalkoz\u00e1sba szeretn\u00e9nk t\u0151k\u00e9t fektetni. Ma azt mondjuk, hogy k\u00f6zel 100 hazai kis- \u00e9s k\u00f6z\u00e9pv\u00e1llalkoz\u00e1sba fogunk.<\/p>\n<p style=\"text-align: justify;\">Az alap term\u00e9kei itt \u00e9rhet\u0151k el: <a href=\"https:\/\/szta.hu\/termekeink\" target=\"_blank\" rel=\"noopener\">sztateszt.7digits.net\/termekeink<\/a>, \u00e9rdekl\u0151dni pedig a k\u00f6vetkez\u0151 linken el\u00e9rhet\u0151 mez\u0151k kit\u00f6lt\u00e9s\u00e9vel lehet:\u00a0<a href=\"https:\/\/szta.hu\/kapcsolat\" target=\"_blank\" rel=\"noopener\">sztateszt.7digits.net\/kapcsolat<\/a>.<\/p>\n","protected":false},"featured_media":0,"template":"","class_list":["post-1433","blog","type-blog","status-publish","hentry"],"acf":[],"_links":{"self":[{"href":"https:\/\/szta.hu\/en\/wp-json\/wp\/v2\/blog\/1433","targetHints":{"allow":["GET"]}}],"collection":[{"href":"https:\/\/szta.hu\/en\/wp-json\/wp\/v2\/blog"}],"about":[{"href":"https:\/\/szta.hu\/en\/wp-json\/wp\/v2\/types\/blog"}],"wp:attachment":[{"href":"https:\/\/szta.hu\/en\/wp-json\/wp\/v2\/media?parent=1433"}],"curies":[{"name":"wp","href":"https:\/\/api.w.org\/{rel}","templated":true}]}}