{"id":1434,"date":"2014-11-19T13:17:13","date_gmt":"2014-11-19T13:17:13","guid":{"rendered":"http:\/\/www.blog.sztateszt.7digits.net\/blog\/hogyan-novelheti-forgalmat-egy-vallalkozas-nyolc-het-alatt\/"},"modified":"2014-11-19T13:17:13","modified_gmt":"2014-11-19T13:17:13","slug":"hogyan-novelheti-forgalmat-egy-vallalkozas-nyolc-het-alatt","status":"publish","type":"blog","link":"https:\/\/szta.hu\/en\/blog\/hogyan-novelheti-forgalmat-egy-vallalkozas-nyolc-het-alatt\/","title":{"rendered":"Hogyan n\u00f6velheti forgalm\u00e1t egy v\u00e1llalkoz\u00e1s nyolc h\u00e9t alatt?"},"content":{"rendered":"<p style=\"text-align: justify;\"><strong><a href=\"https:\/\/szta.hu\/wp-content\/uploads\/2014\/11\/forgalomnovekedes_1.jpg\"><img fetchpriority=\"high\" decoding=\"async\" class=\"alignleft size-medium wp-image-1971\" src=\"https:\/\/szta.hu\/wp-content\/uploads\/2014\/11\/forgalomnovekedes_1-300x230.jpg\" alt=\"forgalomnovekedes_1\" width=\"300\" height=\"230\" \/><\/a>Az elm\u00falt \u00e9vekben nyugati mint\u00e1ra Magyarorsz\u00e1gon is megjelent \u00e9s elterjedt egy \u00faj \u00fczlett\u00edpus: a pop-up \u00fczlet, amely azzal tudott n\u00e9pszer\u0171v\u00e9 v\u00e1lni a v\u00e1s\u00e1rl\u00f3k k\u00f6r\u00e9ben, hogy exkluz\u00edv \u00e9s egyedi term\u00e9kekkel jelenik meg r\u00f6videbb id\u0151szakokra. B\u00e1r a kar\u00e1csonyi v\u00e1s\u00e1rok m\u00e1r hossz\u00fa id\u0151k \u00f3ta k\u00e9pviselik a pop-up \u00fczletek hagyom\u00e1nyos vonal\u00e1t, az ut\u00f3bbi \u00e9vtizedben term\u00e9kei elad\u00e1si volumen\u00e9nek n\u00f6vel\u00e9se \u00e9rdek\u00e9ben t\u00f6bb v\u00e1llalkoz\u00e1s is elkezdett \u00e9lni a lehet\u0151s\u00e9ggel. Id\u00e9n pedig az SZTA h\u00e1rom portf\u00f3li\u00f3c\u00e9ge is felbukkan nyolc h\u00e9tre a v\u00e1rosk\u00f6zpontban exkluz\u00edv term\u00e9keivel.<\/strong><\/p>\n<p style=\"text-align: justify;\">A pop-up bolt mint \u00fczleti forma minden \u00e9rintett f\u00e9l sz\u00e1m\u00e1ra t\u00f6bb el\u0151nnyel is szolg\u00e1l. A c\u00e9gnek nem sz\u00fcks\u00e9ges hossz\u00fa id\u0151re kib\u00e9relnie egy \u00fczlethelyis\u00e9get, illetve a korl\u00e1tozott sz\u00e1m\u00fa term\u00e9kek elad\u00e1s\u00e1ra is megfelel\u0151bb a m\u00f3dszer. A v\u00e1s\u00e1rl\u00f3k egyr\u00e9szt a megszokott \u201elel\u0151helyek\u201d mellett egy \u00fajabbal is tal\u00e1lkozhatnak, m\u00e1sr\u00e9szt olyan egyedi, exkluz\u00edv term\u00e9kekhez juthatnak hozz\u00e1, amelyek csak az adott id\u0151szakban hozz\u00e1f\u00e9rhet\u0151k.<!--more--><\/p>\n<p style=\"text-align: justify;\">A pop-up \u00fczletek felbukkan\u00e1s\u00e1nak egyik legn\u00e9pszer\u0171bb id\u0151szaka a kar\u00e1csony, amikor jelent\u0151sen megn\u0151 a forgalom. A boltok sz\u00e1m\u00e1ra ez a legnagyobb bev\u00e9tellel kecsegtet\u0151 id\u0151szak, amely ak\u00e1r a kev\u00e9sb\u00e9 forgalmas h\u00f3napokat is k\u00e9pes ellens\u00falyozni. Ebb\u0151l is k\u00f6vetkezik, hogy ha a pop-up \u00fczletek kiz\u00e1r\u00f3lag a mozgalmasabb id\u0151szakokban vannak nyitva, forgalmukat v\u00e9gig magasan tudj\u00e1k tartani. Emellett nincs arra sz\u00fcks\u00e9g, hogy hossz\u00fat\u00e1von kelljen b\u00e9rleti d\u00edjat fizetni\u00fck. Ez\u00e1ltal pedig forgalmukat k\u00f6lts\u00e9ghat\u00e9kony m\u00f3don tudj\u00e1k n\u00f6velni nyitva tart\u00e1suk idej\u00e9re.<\/p>\n<p style=\"text-align: justify;\"><a style=\"color: #ff4b33; line-height: 24px; font-size: 16px; text-align: justify;\" href=\"https:\/\/szta.hu\/wp-content\/uploads\/2014\/11\/Pop_up_Store_foto_RekaVago_DoraAbodi_Hamerli_Cako_KarmanJewelry_1.jpg\"><img decoding=\"async\" class=\"aligncenter size-full wp-image-1969\" src=\"https:\/\/szta.hu\/wp-content\/uploads\/2014\/11\/Pop_up_Store_foto_RekaVago_DoraAbodi_Hamerli_Cako_KarmanJewelry_1.jpg\" alt=\"Pop_up_Store_foto_RekaVago_DoraAbodi_Hamerli_Cako_KarmanJewelry_1\" width=\"601\" height=\"400\" \/><\/a><br \/>\n<span style=\"text-align: justify;\">Ebben az \u00fczleti form\u00e1ban olyan c\u00e9geknek \u00e9rdemes gondolkodni, amelyek id\u0151r\u0151l id\u0151re \u00faj term\u00e9ket fejlesztenek vagy az adott id\u0151szakra meg\u00fajult szolg\u00e1ltat\u00e1sokkal \u00e1llnak el\u0151. Ide tartozik p\u00e9ld\u00e1ul a kreat\u00edv ipar is, amelyet a divathull\u00e1moknak \u00e9s \u00e9vszakoknak, illetve a designerek \u00faj kollekci\u00f3inak k\u00f6sz\u00f6nhet\u0151en folyamatos meg\u00fajul\u00e1s jellemez. Ebben a szellemben \u00e1llt \u00f6ssze \u00f6t jeles magyar kreat\u00edvipari m\u00e1rka \u2013 a DORA ABODI, a REKAVAGO, a Hamerli, a CAKO \u00e9s a Karman Jewerly \u2013, hogy nyolc h\u00e9ten kereszt\u00fcl tegy\u00e9k el\u00e9rhet\u0151v\u00e9 exkluz\u00edv, limit\u00e1lt p\u00e9ld\u00e1nysz\u00e1m\u00fa kollekci\u00f3ikat a Fashion Streeten.<\/span><\/p>\n<p style=\"text-align: justify;\">\n<p style=\"text-align: justify;\">Az \u00f6t felsorolt divattervez\u0151 k\u00f6z\u00fcl a k\u00f6zelm\u00faltban h\u00e1rom is t\u0151keforr\u00e1shoz jutott a Sz\u00e9chenyi T\u0151kealap r\u00e9v\u00e9n. A t\u0151kejuttat\u00e1soknak k\u00f6sz\u00f6nhet\u0151en a <a href=\"https:\/\/szta.hu\/en\/abodi-dora-aki-a-nemzetkozi-divatszakma-es-lady-gaga-figyelmet-mar-felkeltette\/\" target=\"_blank\" rel=\"noopener\">DORA ABODI<\/a>, a <a href=\"https:\/\/szta.hu\/en\/vago-reka-a-cipotervezes-hazai-csillaganak-alkotasaival-hamarosan-egyre-tobb-helyen-talalkozhatunk\/\" target=\"_blank\" rel=\"noopener\">REKAVAGO<\/a> \u00e9s a Hamerli m\u00e1rk\u00e1k nemcsak a hazai piacon er\u0151s\u00edthetik tov\u00e1bb poz\u00edci\u00f3jukat, de lehet\u0151s\u00e9g\u00fck ny\u00edlik nemzetk\u00f6zi kapcsolatok ki\u00e9p\u00edt\u00e9s\u00e9re, illetve a <a href=\"https:\/\/szta.hu\/en\/igy-lep-elore-a-siker-utjan-az-szta-portfoliocege-londonban\/\" target=\"_blank\" rel=\"noopener\">k\u00fclf\u00f6ldi terjeszked\u00e9s<\/a>re is. A h\u00e1rom befektet\u00e9ssel az SZTA jelenleg a hazai kreat\u00edv ipar egyik legmeghat\u00e1roz\u00f3bb int\u00e9zm\u00e9nyi befektet\u0151je.<\/p>","protected":false},"featured_media":0,"template":"","class_list":["post-1434","blog","type-blog","status-publish","hentry"],"acf":[],"_links":{"self":[{"href":"https:\/\/szta.hu\/en\/wp-json\/wp\/v2\/blog\/1434","targetHints":{"allow":["GET"]}}],"collection":[{"href":"https:\/\/szta.hu\/en\/wp-json\/wp\/v2\/blog"}],"about":[{"href":"https:\/\/szta.hu\/en\/wp-json\/wp\/v2\/types\/blog"}],"wp:attachment":[{"href":"https:\/\/szta.hu\/en\/wp-json\/wp\/v2\/media?parent=1434"}],"curies":[{"name":"wp","href":"https:\/\/api.w.org\/{rel}","templated":true}]}}