{"id":1435,"date":"2014-11-21T12:38:20","date_gmt":"2014-11-21T12:38:20","guid":{"rendered":"http:\/\/www.blog.sztateszt.7digits.net\/blog\/exportban-is-gondolkodik-a-cege-igy-oldja-meg-a-finanszirozast\/"},"modified":"2014-11-21T12:38:20","modified_gmt":"2014-11-21T12:38:20","slug":"exportban-is-gondolkodik-a-cege-igy-oldja-meg-a-finanszirozast","status":"publish","type":"blog","link":"https:\/\/szta.hu\/en\/blog\/exportban-is-gondolkodik-a-cege-igy-oldja-meg-a-finanszirozast\/","title":{"rendered":"Exportban is gondolkodik a c\u00e9ge? \u00cdgy oldja meg a finansz\u00edroz\u00e1st!"},"content":{"rendered":"<p style=\"text-align: justify;\"><strong><a href=\"https:\/\/szta.hu\/wp-content\/uploads\/2014\/11\/export2.jpg\"><img fetchpriority=\"high\" decoding=\"async\" class=\"alignleft size-full wp-image-1992\" src=\"https:\/\/szta.hu\/wp-content\/uploads\/2014\/11\/export2.jpg\" alt=\"export2\" width=\"300\" height=\"194\" \/><\/a>A hazai kis- \u00e9s k\u00f6z\u00e9pv\u00e1llalkoz\u00e1sok k\u00f6r\u00e9ben viszonylag kev\u00e9s az exporttev\u00e9kenys\u00e9get folytat\u00f3k sz\u00e1ma, k\u00f6r\u00fclbel\u00fcl csak <a href=\"https:\/\/szta.hu\/en\/nem-mindenhol-alacsony-a-kulfoldre-exportalo-magyar-kkv-k-aranya\/\" target=\"_blank\" rel=\"noopener\">minden tizedik<\/a> hazai kkv-ra jellemz\u0151. Ennek t\u00f6bb oka is lehet. Egyr\u00e9szt a c\u00e9gek egy r\u00e9sz\u00e9nek nincs sz\u00fcks\u00e9ge a k\u00fclf\u00f6ldi piacokra, ugyanis els\u0151sorban Magyarorsz\u00e1gon keresik vev\u0151iket, \u00e9s ha terveznek egy\u00e1ltal\u00e1n n\u00f6veked\u00e9st, ehhez nem kell \u00e1tl\u00e9pni\u00fck az orsz\u00e1ghat\u00e1rokat. M\u00e1sr\u00e9szt az \u00faj piacok fel\u00e9 nyit\u00e1shoz nagyobb anyagi forr\u00e1sokra van sz\u00fcks\u00e9g, mint a m\u00e1r ismert hazai kapcsolatrendszeren kereszt\u00fcl t\u00f6rt\u00e9n\u0151 terjeszked\u00e9shez, azonban nem rendelkeznek a sz\u00fcks\u00e9ges \u00f6sszegekkel. Harmadr\u00e9szt pedig nem ismerik azokat a k\u00fclf\u00f6ldi csatorn\u00e1kat, amelyeken kereszt\u00fcl k\u00f6lts\u00e9ghat\u00e9konyan lehet stabilit\u00e1st el\u00e9rni \u00e9s n\u00f6vekedni.<\/strong><\/p>\n<p style=\"text-align: justify;\">Egy c\u00e9g sz\u00e1m\u00e1ra minden egyes \u00fajabb orsz\u00e1g piaca a forgalom megt\u00f6bbsz\u00f6r\u00f6z\u00e9s\u00e9nek lehet\u0151s\u00e9g\u00e9vel kecsegtet, azonban a n\u00f6veked\u0151 k\u00f6lts\u00e9gek sz\u00e1mos v\u00e1llalkoz\u00e1st t\u00e1ntor\u00edtanak el a lehet\u0151s\u00e9gt\u0151l. Azonban ha egy c\u00e9g tart\u00f3san n\u00f6vekedni k\u00edv\u00e1n, az egyik legmegfelel\u0151bb megold\u00e1s lehet a k\u00fclf\u00f6ldi jelenl\u00e9t. A kezdeti befektet\u00e9sek id\u0151vel ak\u00e1r olyan m\u00e9rt\u00e9kben is megt\u00e9r\u00fclhetnek, hogy a tov\u00e1bbi k\u00fclf\u00f6ldi piacokra m\u00e1r rutinosabban, kisebb r\u00e1ford\u00edt\u00e1ssal tudnak bel\u00e9pni.<!--more--><\/p>\n<p style=\"text-align: justify;\">A kis- \u00e9s k\u00f6z\u00e9pv\u00e1llalkoz\u00e1sok jelent\u0151s t\u00f6bbs\u00e9g\u00e9nek \u00e1ltal\u00e1ban nem \u00e1llnak rendelkez\u00e9s\u00e9re a nemzetk\u00f6zi terjeszked\u00e9shez sz\u00fcks\u00e9ges \u00f6sszegek, \u00edgy mag\u00e1t\u00f3l \u00e9rtet\u0151d\u0151 a k\u00fcls\u0151 forr\u00e1sok keres\u00e9se. Ahhoz azonban, hogy kopogtatni lehessen a v\u00e1llalkoz\u00e1sfinansz\u00edroz\u00f3 int\u00e9zm\u00e9nyekn\u00e9l \u00e9s mag\u00e1nszem\u00e9lyekn\u00e9l, nem \u00e1rt, ha a v\u00e1llalkoz\u00f3 legal\u00e1bb hozz\u00e1vet\u0151legesen meg tudja mondani az ig\u00e9nyelt forr\u00e1s m\u00e9rt\u00e9k\u00e9t. A becs\u00fclt sz\u00e1m pedig arra is v\u00e1laszt adhat, hogy kin\u00e9l \u00e9rdemes pr\u00f3b\u00e1lkozni: hitelint\u00e9zetekn\u00e9l, mag\u00e1nbefektet\u0151kn\u00e9l vagy t\u0151kealapokn\u00e1l. De milyen t\u00e9teleket \u00e9s t\u00e9nyez\u0151ket kell figyelembe venni az ig\u00e9nyelt forr\u00e1s meghat\u00e1roz\u00e1s\u00e1hoz?<\/p>\n<p style=\"text-align: justify;\">Vegy\u00fcnk p\u00e9ld\u00e1ul egy hagyom\u00e1nyos ipar\u00e1gban tev\u00e9kenyked\u0151, a hazai piacon jelen l\u00e9v\u0151 term\u00e9k k\u00fclf\u00f6ldi terjeszt\u00e9se mellett elk\u00f6telezett v\u00e1llalatot. El\u0151sz\u00f6r is sz\u00e1molnia kell a haszn\u00e1lni k\u00edv\u00e1nt k\u00fclf\u00f6ldi ingatlanok v\u00e9tel\u00e1r\u00e1val vagy b\u00e9rk\u00f6lts\u00e9g\u00e9vel, legyen az \u00fczlet, rakt\u00e1r vagy iroda. A megl\u00e9v\u0151 piacokra val\u00f3 gy\u00e1rt\u00e1s volumen\u00e9nek megtart\u00e1sa mellett a terjeszked\u00e9shez sz\u00fcks\u00e9ge van a megn\u00f6vekedett kapacit\u00e1st kiszolg\u00e1l\u00f3 eszk\u00f6z- \u00e9s munkaer\u0151-\u00e1llom\u00e1ny b\u0151v\u00edt\u00e9s\u00e9re, illetve a sz\u00e1ll\u00edt\u00e1si k\u00f6lts\u00e9geket is figyelembe kell vennie. Energi\u00e1t \u00e9s p\u00e9nzt kell fektetnie nemzetk\u00f6zi kapcsolatai ki\u00e9p\u00edt\u00e9s\u00e9be, \u00edgy k\u00fclf\u00f6ldi besz\u00e1ll\u00edt\u00f3kat \u00e9s viszontelad\u00f3kat kell tal\u00e1lnia.<\/p>\n<p style=\"text-align: justify;\">Tov\u00e1bb\u00e1 ha \u00faj piacokon is meg szeretn\u00e9 ismertetni k\u00edn\u00e1lat\u00e1t c\u00e9lk\u00f6z\u00f6ns\u00e9g\u00e9vel, piackutat\u00e1sokat kell elv\u00e9geznie, amellyel nem csak a vev\u0151k ig\u00e9nyeit m\u00e9ri fel, de a konkurencia tev\u00e9kenys\u00e9g\u00e9t is jobban megismeri. Az eredm\u00e9nyek alapj\u00e1n a gy\u00e1rt\u00e1si volument, az \u00e1rat \u00e9s a term\u00e9ket a piaci ig\u00e9nyekhez m\u00e9rten alak\u00edthatja, \u00e9s a megfelel\u0151 l\u00e1that\u00f3s\u00e1g \u00e9rdek\u00e9ben marketingre \u00e9s kommunik\u00e1ci\u00f3ra is k\u00f6lt. Ahogy a <a href=\"https:\/\/www.portfolio.hu\/finanszirozas\/kkv\/kockazati_toke_mint_exportfinanszirozasi_eszkoz.205999.html\" target=\"_blank\" rel=\"noopener nofollow\">Portfolio Export Konferenci\u00e1j\u00e1n<\/a> is elhangzott, azon t\u00fal, hogy a k\u00fclf\u00f6ldi \u00e9rt\u00e9kes\u00edt\u00e9shez sz\u00fcks\u00e9ges minden k\u00f6r\u00fclm\u00e9ny \u00e9s eszk\u00f6z adott, bizonyos t\u00e9nyez\u0151kben nem szabad a konkurens c\u00e9gek m\u00f6g\u00e9 ker\u00fclnie, p\u00e9ld\u00e1ul:<\/p>\n<ul>\n<li>Min\u0151s\u00e9gi, magas sz\u00ednvonal\u00fa term\u00e9keket kell gy\u00e1rtania \u00e9s\/vagy<\/li>\n<li>Gyorsabban kell teljes\u00edtenie a megrendel\u00e9seket, mint a versenyt\u00e1rsaknak \u00e9s\/vagy<\/li>\n<li>A t\u00f6bbiekn\u00e9l kedvez\u0151bb \u00e1ron kell biztos\u00edtani a term\u00e9ket a vev\u0151knek<\/li>\n<\/ul>\n<p style=\"text-align: justify;\">B\u00e1r a felsorolt t\u00e9telek egyben nagyon soknak t\u0171nhetnek, a megfelel\u0151 \u00f6sszeg\u0171, csak t\u00f6bb \u00e9v ut\u00e1n visszafizetend\u0151 t\u0151keforr\u00e1ssal teljes m\u00e9rt\u00e9kben finansz\u00edrozhat\u00f3k. A t\u0151kebefektet\u00e9sek \u00e1ltal\u00e1nos 5-7 \u00e9ves futamideje alatt a c\u00e9g nemcsak hogy ki\u00e9p\u00edtheti a k\u00fclf\u00f6ldi h\u00e1l\u00f3zat\u00e1t, de profitja ennyi id\u0151n bel\u00fcl k\u00f6nnyen el\u00e9rheti, de ak\u00e1r jelent\u0151sen meg is haladhatja a befektet\u0151 \u00e1ltal elv\u00e1rt \u00e9vi 12-15 vagy ak\u00e1r 20 sz\u00e1zal\u00e9kos hozam m\u00e9rt\u00e9k\u00e9t is. Arr\u00f3l nem is besz\u00e9lve, hogy egy k\u00fclf\u00f6ldi piacokat j\u00f3l ismer\u0151 befektet\u0151 a kapcsolati h\u00e1l\u00f3 ki\u00e9p\u00edt\u00e9s\u00e9hez jelent\u0151s seg\u00edts\u00e9get is ny\u00fajthat. Teh\u00e1t nem szabad tartani a k\u00fclf\u00f6ldi terjeszked\u00e9st\u0151l, a megfelel\u0151 t\u0151keforr\u00e1s er\u0151s anyagi \u00e9s ak\u00e1r kapcsolati t\u00e1maszt is ny\u00fajthat a v\u00e1llalatnak.<\/p>","protected":false},"featured_media":0,"template":"","class_list":["post-1435","blog","type-blog","status-publish","hentry"],"acf":[],"_links":{"self":[{"href":"https:\/\/szta.hu\/en\/wp-json\/wp\/v2\/blog\/1435","targetHints":{"allow":["GET"]}}],"collection":[{"href":"https:\/\/szta.hu\/en\/wp-json\/wp\/v2\/blog"}],"about":[{"href":"https:\/\/szta.hu\/en\/wp-json\/wp\/v2\/types\/blog"}],"wp:attachment":[{"href":"https:\/\/szta.hu\/en\/wp-json\/wp\/v2\/media?parent=1435"}],"curies":[{"name":"wp","href":"https:\/\/api.w.org\/{rel}","templated":true}]}}