{"id":1444,"date":"2014-12-29T09:00:40","date_gmt":"2014-12-29T09:00:40","guid":{"rendered":"http:\/\/www.blog.sztateszt.7digits.net\/blog\/az-szta-eddigi-legnagyobb-rendezvenyen-50-ceggel-unnepelt-beszamolo\/"},"modified":"2014-12-29T09:00:40","modified_gmt":"2014-12-29T09:00:40","slug":"az-szta-eddigi-legnagyobb-rendezvenyen-50-ceggel-unnepelt-beszamolo","status":"publish","type":"blog","link":"https:\/\/szta.hu\/en\/blog\/az-szta-eddigi-legnagyobb-rendezvenyen-50-ceggel-unnepelt-beszamolo\/","title":{"rendered":"Az SZTA eddigi legnagyobb rendezv\u00e9ny\u00e9n 50 c\u00e9ggel \u00fcnnepelt \u2013 besz\u00e1mol\u00f3"},"content":{"rendered":"<figure id=\"attachment_3661\" aria-describedby=\"caption-attachment-3661\" style=\"width: 300px\" class=\"wp-caption alignleft\"><img fetchpriority=\"high\" decoding=\"async\" class=\"size-medium wp-image-3661\" src=\"https:\/\/szta.hu\/wp-content\/uploads\/2014\/12\/SZTA_partneri_nap2-300x200.jpg\" alt=\"A Sz\u00e9chenyi T\u0151kealap-kezel\u0151 ZRt. konferenci\u00e1ja a Nemzetgazdas\u00e1gi Miniszt\u00e9riumban.\" width=\"300\" height=\"200\" \/><figcaption id=\"caption-attachment-3661\" class=\"wp-caption-text\">A Sz\u00e9chenyi T\u0151kealap-kezel\u0151 ZRt. konferenci\u00e1ja a Nemzetgazdas\u00e1gi Miniszt\u00e9riumban.<\/figcaption><\/figure>\n<p style=\"text-align: justify;\"><strong>2014 t\u00f6bb szempontb\u00f3l is a Sz\u00e9chenyi T\u0151kealap eddigi legjobb \u00e9ve volt. Ebben az \u00e9vben val\u00f3sult meg a legt\u00f6bb befektet\u00e9s, portf\u00f3li\u00f3c\u00e9geink sz\u00e1ma meghaladta az <a href=\"https:\/\/szta.hu\/a-magyar-gepipar-jol-ismert-gyori-cege-lett-az-szta-otvenedik-befektetese\/\" target=\"_blank\" rel=\"noopener\">\u00f6tvenet<\/a>, megvolt az els\u0151 k\u00e9t sikeres exit, \u00e9s siker\u00fclt egy id\u0151ben, egy helyre \u00f6sszegy\u0171jteni n\u00e9pes portf\u00f3li\u00f3nk valamennyi c\u00e9g\u00e9t egy partneri nap alkalm\u00e1b\u00f3l. Term\u00e9szetesen az \u00f6tvenedik befektet\u00e9s meg\u00fcnnepl\u00e9s\u00e9n t\u00fal az eddigi eredm\u00e9nyekr\u0151l, tapasztalatokr\u00f3l, \u00e9s a tov\u00e1bbi lehet\u0151s\u00e9gekr\u0151l, \u00fczleti partners\u00e9gekr\u0151l is sz\u00f3 esett.<\/strong><\/p>\n<p style=\"text-align: justify;\">A szakmai nap el\u0151ad\u00f3ja volt a Nemzetgazdas\u00e1gi Miniszt\u00e9rium k\u00e9t helyettes \u00e1llamtitk\u00e1ra, Dr. Csuhaj V. Imre, a Sz\u00e9chenyi T\u0151kealap-kezel\u0151 Zrt. vez\u00e9rigazgat\u00f3ja \u00e9s T\u00f6r\u00f6k J\u00f3zsef \u00fczletfejleszt\u00e9si igazgat\u00f3, illetve akt\u00edv szerepl\u0151k\u00e9nt jelen volt a portf\u00f3li\u00f3 \u00f6tven v\u00e1llalkoz\u00e1sa. B\u00e1r valamennyi vend\u00e9g elt\u00e9r\u0151 k\u00f6rnyezetb\u0151l, tapasztalattal \u00e9s j\u00f6v\u0151k\u00e9ppel \u00e9rkezett a helysz\u00ednre, a c\u00e9l, mondhatni, k\u00f6z\u00f6s volt: tov\u00e1bbi lehet\u0151s\u00e9geket nyitni v\u00e1llalkoz\u00e1suk el\u0151tt, ak\u00e1r \u00fczleti, ak\u00e1r kapcsolati szinten. \u00c9s erre ny\u00edlt is alkalom.<!--more--><\/p>\n<p style=\"text-align: justify;\">M\u00edg a vend\u00e9gek az el\u0151ad\u00f3kt\u00f3l t\u00f6bbet megtudhattak a 2020-as id\u0151szak k\u00fcsz\u00f6b\u00f6n \u00e1ll\u00f3 uni\u00f3s forr\u00e1sainak felhaszn\u00e1l\u00e1si priorit\u00e1sair\u00f3l, a finansz\u00edroz\u00e1si \u00e9s t\u0151keprogramok eredm\u00e9nyess\u00e9g\u00e9r\u0151l, a Sz\u00e9chenyi T\u0151kealap t\u00f6rt\u00e9net\u00e9r\u0151l, sikereir\u0151l \u00e9s tov\u00e1bbi terveir\u0151l, addig a sz\u00fcnetekben a v\u00e1llalatvezet\u0151k megismerhett\u00e9k egym\u00e1st \u00e9s egym\u00e1s term\u00e9keit, illetve t\u00f6bb\u00fck term\u00e9k\u00e9t \u00e9s szolg\u00e1ltat\u00e1s\u00e1t is <a href=\"https:\/\/szta.hu\/toket-perecet-befektetes-reven-jutnak-egyedi-pekaruhoz-budapest-lakoi\/\" target=\"_blank\" rel=\"noopener\">kipr\u00f3b\u00e1lhatt\u00e1k<\/a>. A rendezv\u00e9ny remek lehet\u0151s\u00e9get adott azon el\u0151ny\u00f6k megmutatkoz\u00e1s\u00e1ra, amelyekr\u0151l m\u00e1r <a href=\"https:\/\/szta.hu\/miert-jo-egy-tokealap-cegportfoliojaba-tartozni\/\" target=\"_blank\" rel=\"noopener\">kor\u00e1bban is \u00edrtunk<\/a>: a k\u00f6z\u00f6s bizalmi alap, az el\u00e9rhet\u0151 kapcsolatrendszer \u00e9s a szakmai t\u00e1mogat\u00e1s.<\/p>\n<p style=\"text-align: justify;\">Annak ellen\u00e9re, hogy az SZTA portf\u00f3li\u00f3c\u00e9geinek Sopront\u00f3l Debrecenig, P\u00e9cst\u0151l Ny\u00edregyh\u00e1z\u00e1ig <a href=\"https:\/\/szta.hu\/befekteteseink\" target=\"_blank\" rel=\"noopener\">az orsz\u00e1g \u00f6sszes r\u00e9gi\u00f3j\u00e1b\u00f3l<\/a> hossz\u00fa utat kellett megtennie a f\u0151v\u00e1rosig, valamennyien r\u00e9szt vettek a tal\u00e1lkoz\u00f3n. Ebb\u0151l lesz\u0171rhet\u0151, hogy a kis- \u00e9s k\u00f6z\u00e9pv\u00e1llalkoz\u00e1sok nyitottak az \u00fczleti lehet\u0151s\u00e9gekre, \u00e9s k\u00edv\u00e1ncsiak arra, mik\u00e9nt megy a hozz\u00e1juk hasonl\u00f3 helyzetben l\u00e9v\u0151 v\u00e1llalatok szekere.<\/p>\n<p style=\"text-align: justify;\">A legt\u00f6bb c\u00e9gvezet\u0151 az el\u0151ad\u00e1sok el\u0151tti, k\u00f6z\u00f6tti \u00e9s ut\u00e1ni id\u0151ben pr\u00f3b\u00e1lta megtal\u00e1lni c\u00e9ge \u00fczleti ig\u00e9nyeihez \u00e9s c\u00e9ljaihoz legjobban illeszked\u0151 szakmai \u00e9s \u00fczleti partnert, de voltak, akik saj\u00e1t tev\u00e9kenys\u00e9g\u00fckr\u0151l, \u00fczleti lehet\u0151s\u00e9geir\u0151l el\u0151ad\u00e1st tartottak, illetve t\u00f6bb b\u00fcszke tulajdonos ki\u00e1ll\u00edtotta, bemutatta term\u00e9keit.<\/p>\n<p style=\"text-align: justify;\">A rendezv\u00e9ny mindenki sz\u00e1m\u00e1ra \u00e9rt\u00e9kes tapasztalatokkal szolg\u00e1lt. Az\u00e1ltal, hogy ennyi el\u00e9gedett c\u00e9gvezet\u0151i arccal tal\u00e1lkozhattak, a v\u00e1llalatok meger\u0151s\u00edt\u00e9st kaphattak arr\u00f3l, hogy j\u00f3 d\u00f6nt\u00e9s volt egy t\u0151kealaphoz fordulni finansz\u00edroz\u00e1si forr\u00e1s\u00e9rt. Term\u00e9szetesen a nagyfok\u00fa \u00e9rdekl\u0151d\u00e9s az SZTA sz\u00e1m\u00e1ra is er\u0151s visszajelz\u00e9ssel b\u00edrt tev\u00e9kenys\u00e9ge \u00e9rt\u00e9k\u00e9r\u0151l \u00e9s haszn\u00e1r\u00f3l.<\/p>\n<p>[post_newsletter title=&#8221;Iratkozzon fel h\u00edrlevel\u00fcnkre!&#8221;][\/post_newsletter]<\/p>\n<p style=\"text-align: justify;\">Az Alap 2015-ben is a lehet\u0151 legt\u00f6bb hazai v\u00e1llalat b\u0151v\u00fcl\u00e9s\u00e9t k\u00edv\u00e1nja finansz\u00edrozni a m\u00e9g kihelyezend\u0151 uni\u00f3s forr\u00e1sokb\u00f3l. Term\u00e9szetesen ennek \u00e9rdek\u00e9ben az SZTA j\u00f6v\u0151re is legal\u00e1bb olyan kem\u00e9nyen \u00e9s odaad\u00e1ssal fog dolgozni, mint id\u00e9n. Ez vehet\u0151 ak\u00e1r \u00faj\u00e9vi fogadalomnak is. Aki egy er\u0151s t\u00e1mogat\u00f3i rendszerben szeretn\u00e9 b\u0151v\u00edteni v\u00e1llalkoz\u00e1s\u00e1t, illetve szeretne r\u00e9szese lenni a legdinamikusabban n\u00f6vekv\u0151 hazai befektet\u0151i c\u00e9gportf\u00f3li\u00f3nak, a k\u00f6vetkez\u0151 linken veheti fel vel\u00fcnk a kapcsolatot: <a href=\"https:\/\/szta.hu\/kapcsolat\" target=\"_blank\" rel=\"noopener\">https:\/\/szta.hu\/kapcsolat<\/a>.<\/p>\n<p><img decoding=\"async\" class=\"size-medium wp-image-3751 aligncenter\" src=\"https:\/\/szta.hu\/wp-content\/uploads\/2014\/12\/SZTA_partneri_nap9-300x200.jpg\" alt=\"A Sz\u00e9chenyi T\u0151kealap-kezel\u0151 ZRt. konferenci\u00e1ja a Nemzetgazdas\u00e1gi Miniszt\u00e9riumban.\" width=\"300\" height=\"200\" \/><\/p>\n<p style=\"text-align: center;\"><img decoding=\"async\" class=\"size-medium wp-image-3741 alignleft\" src=\"https:\/\/szta.hu\/wp-content\/uploads\/2014\/12\/SZTA_partneri_nap8-300x200.jpg\" alt=\"A Sz\u00e9chenyi T\u0151kealap-kezel\u0151 ZRt. konferenci\u00e1ja a Nemzetgazdas\u00e1gi Miniszt\u00e9riumban.\" width=\"300\" height=\"200\" \/><\/p>\n<p><img loading=\"lazy\" decoding=\"async\" class=\"size-medium wp-image-3731 alignright\" src=\"https:\/\/szta.hu\/wp-content\/uploads\/2014\/12\/SZTA_partneri_nap7-300x200.jpg\" alt=\"A Sz\u00e9chenyi T\u0151kealap-kezel\u0151 ZRt. konferenci\u00e1ja a Nemzetgazdas\u00e1gi Miniszt\u00e9riumban.\" width=\"300\" height=\"200\" \/><\/p>\n<p><img loading=\"lazy\" decoding=\"async\" class=\"alignleft size-medium wp-image-3721\" src=\"https:\/\/szta.hu\/wp-content\/uploads\/2014\/12\/SZTA_partneri_nap6-300x200.jpg\" alt=\" \" width=\"300\" height=\"200\" \/><img loading=\"lazy\" decoding=\"async\" class=\"size-medium wp-image-3671 alignright\" src=\"https:\/\/szta.hu\/wp-content\/uploads\/2014\/12\/SZTA_partneri_nap1-300x200.jpg\" alt=\" \" width=\"300\" height=\"200\" \/><\/p>\n","protected":false},"featured_media":0,"template":"","class_list":["post-1444","blog","type-blog","status-publish","hentry"],"acf":[],"_links":{"self":[{"href":"https:\/\/szta.hu\/en\/wp-json\/wp\/v2\/blog\/1444","targetHints":{"allow":["GET"]}}],"collection":[{"href":"https:\/\/szta.hu\/en\/wp-json\/wp\/v2\/blog"}],"about":[{"href":"https:\/\/szta.hu\/en\/wp-json\/wp\/v2\/types\/blog"}],"wp:attachment":[{"href":"https:\/\/szta.hu\/en\/wp-json\/wp\/v2\/media?parent=1444"}],"curies":[{"name":"wp","href":"https:\/\/api.w.org\/{rel}","templated":true}]}}