{"id":1462,"date":"2015-03-05T10:19:31","date_gmt":"2015-03-05T10:19:31","guid":{"rendered":"http:\/\/www.blog.sztateszt.7digits.net\/blog\/az-szta-befektetesen-a-divatvilag-szeme\/"},"modified":"2015-03-05T10:19:31","modified_gmt":"2015-03-05T10:19:31","slug":"az-szta-befektetesen-a-divatvilag-szeme","status":"publish","type":"blog","link":"https:\/\/szta.hu\/en\/blog\/az-szta-befektetesen-a-divatvilag-szeme\/","title":{"rendered":"Az SZTA befektet\u00e9s\u00e9n a divatvil\u00e1g szeme"},"content":{"rendered":"<p style=\"text-align: justify;\"><strong><a href=\"https:\/\/szta.hu\/wp-content\/uploads\/2015\/03\/Abodi_Dora_Londonban.jpg\"><img fetchpriority=\"high\" decoding=\"async\" class=\"alignleft size-medium wp-image-2340\" src=\"https:\/\/szta.hu\/wp-content\/uploads\/2015\/03\/Abodi_Dora_Londonban-201x300.jpg\" alt=\"Abodi_Dora_Londonban\" width=\"201\" height=\"300\" \/><\/a>Alig telt el f\u00e9l \u00e9v az SZTA befektet\u00e9s\u00e9nek kirobban\u00f3 nemzetk\u00f6zi <a href=\"https:\/\/szta.hu\/igy-lep-elore-a-siker-utjan-az-szta-portfoliocege-londonban\/\" target=\"_blank\" rel=\"noopener\">sikere<\/a> \u00f3ta, m\u00e1ris egy \u00fajabb m\u00e9rf\u00f6ldk\u0151r\u0151l sz\u00e1molhatunk be. Abodi D\u00f3ra, a hazai divatszektor egyik leg\u00edg\u00e9retesebb tervez\u0151je ugyanis \u00fajabb megh\u00edv\u00e1st kapott a London Fashion Weekre. A tavaly szeptemberben bemutatott tavaszi\/ny\u00e1ri kollekci\u00f3 ut\u00e1n D\u00f3ra leg\u00fajabb \u0151szi\/t\u00e9li kollekci\u00f3ja is saj\u00e1t show-t kapott Londonban. A DORA ABODI m\u00e1rka modelljei a rendezv\u00e9ny negyedik napj\u00e1n, febru\u00e1r 23-\u00e1n l\u00e9ptek a kifut\u00f3ra.<\/strong><\/p>\n<p style=\"text-align: justify;\"><a href=\"https:\/\/szta.hu\/abodi-dora-aki-a-nemzetkozi-divatszakma-es-lady-gaga-figyelmet-mar-felkeltette\/\" target=\"_blank\" rel=\"noopener\">Abodi D\u00f3ra<\/a> c\u00e9ge a legjobb bizony\u00edt\u00e9k arra, mi\u00e9rt \u00e9rdemes t\u0151k\u00e9t fektetni a <a href=\"https:\/\/szta.hu\/a-kreativipar-magyarorszagi-lehetosegeirol-beszelgettunk-tusvanyoson\/\" target=\"_blank\" rel=\"noopener\">kreat\u00edv szektorba<\/a>. B\u00e1r a m\u00e1rka m\u00e1r a k\u00e9t \u00e9vvel ezel\u0151tti kihelyez\u00e9s el\u0151tt is ismert \u00e9s elismert volt k\u00fclf\u00f6ld\u00f6n, a partners\u00e9g sosem l\u00e1tott \u00faj lehet\u0151s\u00e9geket nyitott az Artabo Kft. el\u0151tt. A ruhak\u00f6ltem\u00e9nyeir\u0151l, t\u00e1sk\u00e1ir\u00f3l \u00e9s kieg\u00e9sz\u00edt\u0151ir\u0151l ismert tervez\u0151 tavaly els\u0151 magyark\u00e9nt kapott saj\u00e1t bemutat\u00f3t a n\u00e9gy nagy divath\u00e9t (New York-i, p\u00e1rizsi, mil\u00e1n\u00f3i \u00e9s londoni) egyik\u00e9n. A deb\u00fct\u00e1l\u00e1s rendk\u00edv\u00fcl sikeres volt, amit mi sem bizony\u00edt jobban, mint hogy m\u00e1r a k\u00f6vetkez\u0151 divath\u00e9ten is sz\u00e1m\u00edtottak jelenl\u00e9t\u00e9re.<!--more--><\/p>\n<p style=\"text-align: justify;\">A nemzetk\u00f6zi sajt\u00f3 visszajelz\u00e9sei alapj\u00e1n pedig \u00fajabb kollekci\u00f3ja is rendk\u00edv\u00fcl pozit\u00edv fogadtat\u00e1sban r\u00e9szes\u00fclt. Term\u00e9szetesen a sikert ezent\u00fal sem szabad adottnak tekinteni. S\u0151t, ink\u00e1bb tov\u00e1bbi lehet\u0151s\u00e9geket \u00e9s munk\u00e1t r\u00f3 mind a tervez\u0151re, mind az \u00fczleti partnerk\u00e9nt jelen l\u00e9v\u0151 befektet\u0151re. A londoni divath\u00e9t rendk\u00edv\u00fcli figyelmet biztos\u00edt a tervez\u0151 term\u00e9keinek, a profit realiz\u00e1l\u00e1s\u00e1hoz azonban a megfelel\u0151 \u00fczleti d\u00f6nt\u00e9sek \u00e9s a pontos tervez\u00e9s is elengedhetetlen. Ahogy t\u00f6bbsz\u00f6r is hangs\u00falyoztuk m\u00e1r: az egyedi tervez\u00e9s, a k\u00fcl\u00f6nleges ruh\u00e1k \u00e9s a l\u00e1tv\u00e1nyos show-k m\u00f6g\u00f6tt komoly \u00fczleti munka folyik, an\u00e9lk\u00fcl a siker \u00e1ltal\u00e1ban ideiglenes.<\/p>\n<p>[insert_php]<br \/>\nkalkulator();<\/p>\n","protected":false},"featured_media":0,"template":"","class_list":["post-1462","blog","type-blog","status-publish","hentry"],"acf":[],"_links":{"self":[{"href":"https:\/\/szta.hu\/en\/wp-json\/wp\/v2\/blog\/1462","targetHints":{"allow":["GET"]}}],"collection":[{"href":"https:\/\/szta.hu\/en\/wp-json\/wp\/v2\/blog"}],"about":[{"href":"https:\/\/szta.hu\/en\/wp-json\/wp\/v2\/types\/blog"}],"wp:attachment":[{"href":"https:\/\/szta.hu\/en\/wp-json\/wp\/v2\/media?parent=1462"}],"curies":[{"name":"wp","href":"https:\/\/api.w.org\/{rel}","templated":true}]}}