{"id":1485,"date":"2015-06-09T08:31:22","date_gmt":"2015-06-09T08:31:22","guid":{"rendered":"http:\/\/www.blog.sztateszt.7digits.net\/blog\/rekordmennyisegu-befektetes-uj-modszerek-bevezetesevel-jar\/"},"modified":"2015-06-09T08:31:22","modified_gmt":"2015-06-09T08:31:22","slug":"rekordmennyisegu-befektetes-uj-modszerek-bevezetesevel-jar","status":"publish","type":"blog","link":"https:\/\/szta.hu\/en\/blog\/rekordmennyisegu-befektetes-uj-modszerek-bevezetesevel-jar\/","title":{"rendered":"Rekordmennyis\u00e9g\u0171 befektet\u00e9s \u00faj m\u00f3dszerek bevezet\u00e9s\u00e9vel j\u00e1r"},"content":{"rendered":"<p style=\"text-align: justify;\"><strong><br \/>\n<img fetchpriority=\"high\" decoding=\"async\" class=\"alignleft size-medium wp-image-6741\" src=\"https:\/\/szta.hu\/wp-content\/uploads\/2015\/06\/2015-06-09-300x186.jpg\" alt=\"rekord\" width=\"300\" height=\"186\" \/>Magyarorsz\u00e1g egyik legjelent\u0151sebb p\u00e9nz\u00fcgyi, befektet\u0151i cs\u00facstal\u00e1lkoz\u00f3j\u00e1n, a Venture Capital Summiton sz\u00e1mos neves piaci szerepl\u0151 mellett a Sz\u00e9chenyi T\u0151kealap is k\u00e9pviseltette mag\u00e1t. A konferencia remek lehet\u0151s\u00e9get biztos\u00edtott arra, hogy az Alap megmutassa a 2015 v\u00e9g\u00e9n lej\u00e1r\u00f3 t\u0151kekihelyez\u00e9si id\u0151szakban megval\u00f3s\u00edtott strat\u00e9gi\u00e1j\u00e1t, r\u00e1mutatva arra, hogy kisebbs\u00e9gi tulajdonosk\u00e9nt, illetve csendest\u00e1rsk\u00e9nt is van lehet\u0151s\u00e9g egy m\u00e1r t\u00f6bb mint 70 tag\u00fa c\u00e9gportf\u00f3li\u00f3 kezel\u00e9s\u00e9re.<\/strong><\/p>\n<p style=\"text-align: justify;\">A hazai befektet\u0151i piacon egyed\u00fcl\u00e1ll\u00f3 m\u00e9ret\u0171 portf\u00f3li\u00f3 Magyarorsz\u00e1gon sokr\u00e9t\u0171 feladatok \u00e9s d\u00f6nt\u00e9sek el\u00e9 \u00e1ll\u00edtja a Sz\u00e9chenyi T\u0151kealapot, kik\u00f6vezve az utat a k\u00f6vetkez\u0151, hasonl\u00f3 fel\u00e9p\u00edt\u00e9s\u0171 t\u0151kealapok m\u0171k\u00f6dtet\u00e9s\u00e9hez. Jelenleg a napi feladatok k\u00f6z\u00e9 t\u00f6bb mint <a href=\"https:\/\/szta.hu\/mi-tortenik-miutan-a-befekteto-beszallt-ot-tucat-vallalatba\/\" target=\"_blank\" rel=\"noopener\">60 c\u00e9g vagyonkezel\u00e9se<\/a>, illetve tov\u00e1bbi 30 \u00faj tranzakci\u00f3 realiz\u00e1l\u00e1sa tartozik, amely feladatok az \u00f6sszes idei kihelyez\u00e9s ut\u00e1n csak b\u0151v\u00fclni fognak. A feladatok kiterjedts\u00e9ge \u00e9s komplexit\u00e1sa folyamatos akt\u00edv jelenl\u00e9tet, illetve a portf\u00f3li\u00f3 teljes ismeret\u00e9t, illetve \u00e1tl\u00e1t\u00e1s\u00e1t k\u00f6veteli meg, ami nehezen teljes\u00edthet\u0151 erre a c\u00e9lra kifejlesztett, a vagyonkezel\u00e9st t\u00e1mogat\u00f3 rendszerek n\u00e9lk\u00fcl. A befektet\u00e9si d\u00f6nt\u00e9sek mennyis\u00e9g\u00e9t az al\u00e1bbi sz\u00e1mok j\u00f3l kifejezik:<!--more--><\/p>\n<ul>\n<li style=\"text-align: justify;\">532 db \u00e9rdemi tranzakci\u00f3s megkeres\u00e9s vizsg\u00e1lata<\/li>\n<li style=\"text-align: justify;\">149 db \u00fcgyletet \u00e9rint\u0151 el\u0151k\u00e9sz\u00edt\u00e9s \u00e9s d\u00f6nt\u00e9s<\/li>\n<li style=\"text-align: justify;\">71 db szerz\u0151d\u00e9sk\u00f6t\u00e9s t\u00f6bb mint 9 milli\u00e1rd Ft \u00f6ssz\u00e9rt\u00e9kben<\/li>\n<li style=\"text-align: justify;\">18 db \u00fcgylet d\u00f6nt\u00e9si szakaszban, kb. 2 milli\u00e1rd Ft \u00f6ssz\u00e9rt\u00e9kben<\/li>\n<li style=\"text-align: justify;\">8 db kil\u00e9p\u00e9s t\u00f6rt\u00e9nt, 2 db pedig el\u0151k\u00e9sz\u00fcletben<\/li>\n<\/ul>\n<p style=\"text-align: justify;\">A vagyonkezel\u00e9si strat\u00e9gia megalkot\u00e1sa sor\u00e1n t\u00f6bb szempontot is figyelembe kell venni. Az SZTA c\u00e9lj\u00e1b\u00f3l, term\u00e9keib\u0151l kifoly\u00f3lag a strat\u00e9gia kisebbs\u00e9gi tulajdonosi szerepre \u00e9p\u00fcl. Els\u0151sorban a befektet\u00e9si c\u00e9lv\u00e1llalat priv\u00e1t tulajdonosait \u00e9s menedzsmentj\u00e9t tartja az els\u0151sz\u00e1m\u00fa kiv\u00e1s\u00e1rl\u00f3knak, amihez n\u00f6veked\u00e9si tartal\u00e9kot k\u00e9pez a c\u00e9g sz\u00e1m\u00e1ra. Tov\u00e1bb\u00e1 nagyon fontos, hogy transzparens \u00e9s szab\u00e1lyk\u00f6vet\u0151 legyen.<\/p>\n<p style=\"text-align: justify;\">Amellett, hogy a vagyonkezel\u00e9s hat\u00e9konys\u00e1ga \u00e9rdek\u00e9ben egys\u00e9gesen kell meghat\u00e1rozni a strat\u00e9gi\u00e1t, nem szabad elfeledkezni arr\u00f3l, hogy valamennyi c\u00e9g k\u00fcl\u00f6nb\u00f6z\u0151 fel\u00e9p\u00edt\u00e9s\u0171, elt\u00e9r\u0151 helyzetben van \u00e9s a kit\u0171z\u00f6tt c\u00e9ljai sem ugyanazok, teh\u00e1t minden egyes v\u00e1llalatn\u00e1l elt\u00e9r\u0151 d\u00f6nt\u00e9si helyzetek mer\u00fclhetnek fel. \u00c9ppen ez\u00e9rt kiemelt fontoss\u00e1g\u00fa, hogy az Alap valamennyi portf\u00f3li\u00f3c\u00e9g\u00e9r\u0151l folyamatosan inform\u00e1ci\u00f3kat kapjon, hogy a strat\u00e9giai fontoss\u00e1g\u00fa d\u00f6nt\u00e9sekben gyorsan tudjon l\u00e9pni. Ehhez term\u00e9szetesen a tulajdonost\u00e1rsak, alap\u00edt\u00f3k k\u00f6zrem\u0171k\u00f6d\u00e9se is elengedhetetlen.<\/p>\n<p style=\"text-align: justify;\">Az SZTA 2015 v\u00e9g\u00e9ig kit\u0171z\u00f6tt \u00e9s teljes\u00edthet\u0151 c\u00e9ljai k\u00f6z\u00f6tt szerepel, hogy k\u00f6zel 100 v\u00e1llalkoz\u00e1s n\u00f6veked\u00e9s\u00e9t seg\u00edtse uni\u00f3s t\u0151keforr\u00e1ssal, amely az Alap rendelkez\u00e9s\u00e9re bocs\u00e1tott, kihelyezhet\u0151 \u00f6sszegek teljes felhaszn\u00e1l\u00e1s\u00e1t jelenten\u00e9.<\/p>\n<p style=\"text-align: justify;\">Amellett azonban, hogy nagy sz\u00e1moss\u00e1g\u00fa v\u00e1llalkoz\u00e1st k\u00edv\u00e1n felfel\u00e9 \u00edvel\u0151 p\u00e1ly\u00e1ra \u00e1ll\u00edtani, az SZTA sz\u00e1m\u00e1ra az is fontos, hogy a c\u00e9gek felismerj\u00e9k a befektet\u0151 <a href=\"https:\/\/szta.hu\/miert-jo-egy-tokealap-cegportfoliojaba-tartozni\/\" target=\"_blank\" rel=\"noopener\">portf\u00f3li\u00f3j\u00e1hoz val\u00f3 tartoz\u00e1s el\u0151nyeit<\/a>, \u00e9s kihaszn\u00e1lj\u00e1k az el\u0151tt\u00fck k\u00edn\u00e1lkoz\u00f3 lehet\u0151s\u00e9get. Mint a f\u00e9mipari v\u00e1llalkoz\u00e1sok \u00e9s a kreat\u00edv ipar legnagyobb hazai befektet\u0151je, c\u00e9ljak\u00e9nt kezeli, hogy az egyes v\u00e1llalkoz\u00e1sok eredm\u00e9ny\u00e9t az egy\u00fcttm\u0171k\u00f6d\u00e9s er\u0151s\u00edt\u00e9s\u00e9vel is seg\u00edtse. Ennek sor\u00e1n zajlik a portf\u00f3li\u00f3n bel\u00fcli kapacit\u00e1s \u00e9s komparat\u00edv el\u0151ny\u00f6k felm\u00e9r\u00e9se, valamint a k\u00f6z\u00f6s c\u00e9lok meghat\u00e1roz\u00e1sa. Az Alap ebben operat\u00edv szerepet v\u00e1llalva seg\u00edti c\u00e9geit.<\/p>\n<p>[post_newsletter title=&#8221;Iratkozzon fel h\u00edrlevel\u00fcnkre!&#8221;][\/post_newsletter]<\/p>\n","protected":false},"featured_media":6741,"template":"","class_list":["post-1485","blog","type-blog","status-publish","has-post-thumbnail","hentry"],"acf":[],"_links":{"self":[{"href":"https:\/\/szta.hu\/en\/wp-json\/wp\/v2\/blog\/1485","targetHints":{"allow":["GET"]}}],"collection":[{"href":"https:\/\/szta.hu\/en\/wp-json\/wp\/v2\/blog"}],"about":[{"href":"https:\/\/szta.hu\/en\/wp-json\/wp\/v2\/types\/blog"}],"wp:featuredmedia":[{"embeddable":true,"href":"https:\/\/szta.hu\/en\/wp-json\/"}],"wp:attachment":[{"href":"https:\/\/szta.hu\/en\/wp-json\/wp\/v2\/media?parent=1485"}],"curies":[{"name":"wp","href":"https:\/\/api.w.org\/{rel}","templated":true}]}}