{"id":1510,"date":"2015-09-22T09:55:13","date_gmt":"2015-09-22T09:55:13","guid":{"rendered":"http:\/\/www.blog.sztateszt.7digits.net\/blog\/kreativ-vallalkozasban-gondolkodsz-ez-a-ket-program-neked-szol\/"},"modified":"2015-09-22T09:55:13","modified_gmt":"2015-09-22T09:55:13","slug":"kreativ-vallalkozasban-gondolkodsz-ez-a-ket-program-neked-szol","status":"publish","type":"blog","link":"https:\/\/szta.hu\/en\/blog\/kreativ-vallalkozasban-gondolkodsz-ez-a-ket-program-neked-szol\/","title":{"rendered":"Kreat\u00edv v\u00e1llalkoz\u00e1sban gondolkodsz? Ez a k\u00e9t program neked sz\u00f3l!"},"content":{"rendered":"<p style=\"text-align: justify;\"><strong><br \/>\n<img fetchpriority=\"high\" decoding=\"async\" class=\"alignleft size-medium wp-image-6011\" src=\"https:\/\/szta.hu\/wp-content\/uploads\/2015\/12\/2015-12-03-300x300.png\" alt=\"Desing H\u00e9t\" width=\"300\" height=\"300\" \/>Id\u00e9n szeptember 25. \u00e9s okt\u00f3ber 4. k\u00f6z\u00f6tt 12. alkalommal rendezik meg a Design Hetet Budapesten, amely a v\u00e1ros sz\u00e1mos pontj\u00e1n k\u00edn\u00e1l \u00e9rdekes \u00e9s hasznos programokat, lehet\u0151s\u00e9geket els\u0151sorban a kreat\u00edv-, illetve designiparban \u00e9rdekeltek, divattervez\u0151k, designerek sz\u00e1m\u00e1ra. A szektor legnagyobb hazai rendezv\u00e9nye 2014-ben <a href=\"https:\/\/szta.hu\/tobben-keresnek-tokebefektetot-mint-gondolnank\/\" target=\"_blank\" rel=\"noopener\">rendk\u00edv\u00fcli \u00e9rdekl\u0151d\u00e9sre tartott sz\u00e1mot<\/a>, a Sz\u00e9chenyi T\u0151kealap r\u00e9szv\u00e9tel\u00e9vel. Az SZTA t\u00e1rsszervez\u0151k\u00e9nt id\u00e9n k\u00e9t izgalmas programra invit\u00e1l minden, v\u00e1llalkoz\u00e1s\u00e1t elind\u00edtani vagy \u00e9p\u00edteni k\u00edv\u00e1n\u00f3 designert, c\u00e9gvezet\u0151t.<\/strong><\/p>\n<p style=\"text-align: justify;\">Ha olyan v\u00e1llalkoz\u00f3, \u00f6tletgazda vagy, aki \u00fczleti tud\u00e1s\u00e1t szeretn\u00e9 b\u0151v\u00edteni, illetve p\u00e9nz\u00fcgyi lehet\u0151s\u00e9geket keres c\u00e9ljai megval\u00f3s\u00edt\u00e1sa \u00e9rdek\u00e9ben, \u00e9rdemes megjegyezned a k\u00f6vetkez\u0151 k\u00e9t id\u0151pontot A besz\u00e9des c\u00edm\u0171 <em>\u201eCsin\u00e1lj p\u00e9nzt a divatb\u00f3l!\u201d<\/em> \u00fczleti reggelin szeptember 30-\u00e1n, szerd\u00e1n reggel 9 \u00e9s 11 \u00f3ra k\u00f6z\u00f6tt, az els\u0151sorban kreat\u00edvipari c\u00e9geknek aj\u00e1nlott p\u00e9nz\u00fcgyi workshopon pedig m\u00e1snap, okt\u00f3ber 1-j\u00e9n, 10 \u00e9s 13 \u00f3ra k\u00f6z\u00f6tt v\u00e1runk minden, \u00fczleti tud\u00e1s\u00e1t gyarap\u00edtani k\u00edv\u00e1n\u00f3, illetve t\u0151kebevon\u00e1son gondolkod\u00f3 fiatal v\u00e1llalkoz\u00f3t. Al\u00e1bb r\u00f6viden olvashattok a k\u00e9t programr\u00f3l, tov\u00e1bbi r\u00e9szleteket pedig a k\u00f6vetkez\u0151 linken \u00e9rhettek el, illetve <a href=\"https:\/\/szta.hu\/design\" target=\"_blank\" rel=\"noopener\">a programra jelentkezni is ide kattintva\u00a0lehet<\/a>.<!--more--><\/p>\n<p style=\"text-align: justify;\"><strong>Csin\u00e1lj p\u00e9nzt a divatb\u00f3l! (\u00dczleti reggeli)<\/strong><\/p>\n<p style=\"text-align: justify;\">Ha fiatal tervez\u0151 vagy, \u00fczleti angyalokkal, az ipar\u00e1gban j\u00e1rtas \u00e9s tapasztalt c\u00e9gvezet\u0151kkel szeretn\u00e9l tal\u00e1lkozni, \u00e9s \u00e9rt\u00e9kes kapcsolatokra tenn\u00e9l szert, a <a href=\"https:\/\/www.designterminal.hu\/\" target=\"_blank\" rel=\"noopener nofollow\">Design Terminal <\/a>konferenciaterm\u00e9ben \u00e9s t\u00e1rsszervez\u00e9s\u00e9vel szeptember 30-\u00e1n megrendez\u00e9sre ker\u00fcl\u0151 program kiv\u00e1l\u00f3 lehet\u0151s\u00e9get k\u00edn\u00e1l erre. Most egy \u00fczleti reggeli keret\u00e9ben teheted fel valamennyi, v\u00e1llalkoz\u00e1sind\u00edt\u00e1ssal, kapcsolat\u00e9p\u00edt\u00e9ssel \u00e9s \u00fczletfejleszt\u00e9ssel kapcsolatos k\u00e9rd\u00e9sedet. A besz\u00e9lget\u00e9sen t\u00f6bbek k\u00f6z\u00f6tt tal\u00e1lkozhatsz Dr. Dura M\u00f3nik\u00e1val (AGNESKOVACS) \u00e9s Mart\u00e9nyi Zit\u00e1val (\u00c1ERON).<\/p>\n<p style=\"text-align: justify;\"><strong>P\u00e9nz\u00fcgyi workshop kreat\u00edvipari c\u00e9geknek<\/strong><\/p>\n<p style=\"text-align: justify;\">Okt\u00f3ber 1-j\u00e9n, az EMKE irodah\u00e1zban v\u00e1r minden \u00e9rdekl\u0151d\u0151t az SZTA a <a href=\"https:\/\/www.designterminal.hu\/\" target=\"_blank\" rel=\"noopener nofollow\">Design Terminal<\/a>lal k\u00f6z\u00f6sen rendezett szakmai workshopj\u00e1n. A programot els\u0151sorban startupperek, kreat\u00edv marketingesek \u00e9s profi designerek sz\u00e1m\u00e1ra aj\u00e1nljuk. A h\u00e1rom \u00f3r\u00e1s, sz\u00e1mos t\u00e9m\u00e1t fel\u00f6lel\u0151, els\u0151sorban gyakorlati tan\u00e1csokra \u00e9s hasznos p\u00e9ld\u00e1kra \u00e9p\u00edt\u0151 interakt\u00edv workshopon mindenki lehet\u0151s\u00e9get kap arra, hogy feltegye valamennyi olyan k\u00e9rd\u00e9s\u00e9t, amelyet kor\u00e1bban nem mert vagy nem volt r\u00e1 lehet\u0151s\u00e9ge. Az el\u0151ad\u00f3k \u00e9s t\u00e9m\u00e1k list\u00e1ja <a href=\"https:\/\/szta.hu\/design#workshop\" target=\"_blank\" rel=\"noopener\">ITT<\/a> el\u00e9rhet\u0151 el.<\/p>\n<p style=\"text-align: justify;\"><strong>Az esem\u00e9nyekre a <a href=\"https:\/\/szta.hu\/design\" target=\"_blank\" rel=\"noopener\">https:\/\/szta.hu\/design<\/a> oldalon, az egyes programok alatt, a \u201eJelentkezem az esem\u00e9nyre\u201d linkekre kattinva ny\u00edlik lehet\u0151s\u00e9g.<\/strong><\/p>\n<p>[post_newsletter title=&#8221;Iratkozzon fel h\u00edrlevel\u00fcnkre!&#8221;][\/post_newsletter]<\/p>\n","protected":false},"featured_media":6011,"template":"","class_list":["post-1510","blog","type-blog","status-publish","has-post-thumbnail","hentry"],"acf":[],"_links":{"self":[{"href":"https:\/\/szta.hu\/en\/wp-json\/wp\/v2\/blog\/1510","targetHints":{"allow":["GET"]}}],"collection":[{"href":"https:\/\/szta.hu\/en\/wp-json\/wp\/v2\/blog"}],"about":[{"href":"https:\/\/szta.hu\/en\/wp-json\/wp\/v2\/types\/blog"}],"wp:featuredmedia":[{"embeddable":true,"href":"https:\/\/szta.hu\/en\/wp-json\/"}],"wp:attachment":[{"href":"https:\/\/szta.hu\/en\/wp-json\/wp\/v2\/media?parent=1510"}],"curies":[{"name":"wp","href":"https:\/\/api.w.org\/{rel}","templated":true}]}}