{"id":1512,"date":"2015-10-02T08:18:24","date_gmt":"2015-10-02T08:18:24","guid":{"rendered":"http:\/\/www.blog.sztateszt.7digits.net\/blog\/design-het-az-szta-ujabb-fiatal-kreativipari-cegekbe-fektetne\/"},"modified":"2015-10-02T08:18:24","modified_gmt":"2015-10-02T08:18:24","slug":"design-het-az-szta-ujabb-fiatal-kreativipari-cegekbe-fektetne","status":"publish","type":"blog","link":"https:\/\/szta.hu\/en\/blog\/design-het-az-szta-ujabb-fiatal-kreativipari-cegekbe-fektetne\/","title":{"rendered":"Design H\u00e9t: Az SZTA \u00fajabb fiatal kreat\u00edvipari c\u00e9gekbe fektetne"},"content":{"rendered":"<p style=\"text-align: justify;\"><strong><br \/>\n<img fetchpriority=\"high\" decoding=\"async\" class=\"alignleft size-medium wp-image-6011\" src=\"https:\/\/szta.hu\/wp-content\/uploads\/2015\/12\/2015-12-03-300x300.png\" alt=\"Desing H\u00e9t\" width=\"300\" height=\"300\" \/>A Design H\u00e9t Budapesten a legnagyobb kreat\u00edvipari portf\u00f3li\u00f3val rendelkez\u0151 Sz\u00e9chenyi T\u0151kealap bejelentette: lehet\u0151s\u00e9get k\u00edv\u00e1n ny\u00fajtani fiatal designereknek, v\u00e1llalkoz\u00f3knak kock\u00e1zati t\u0151ke bevon\u00e1s\u00e1ra. Azon t\u00fal, hogy az \u00e9vente megrendezett <a href=\"https:\/\/designhet.hu\/2015\/\" target=\"_blank\" rel=\"noopener nofollow\">Design H\u00e9t<\/a> kiv\u00e1l\u00f3 lehet\u0151s\u00e9g m\u00e1r ismert vagy sikeres tervez\u0151knek, designereknek, hogy k\u00f6zszeml\u00e9re tegy\u00e9k term\u00e9keiket, azok sz\u00e1m\u00e1ra is tartogat hasznos \u00e9s \u00e9rdekes, els\u0151sorban \u00fczleti k\u00e9rd\u00e9seket boncolgat\u00f3 programokat, akik m\u00e1r a sz\u00e9lesebb k\u00f6r\u0171 \u00e9rt\u00e9kes\u00edt\u00e9st, \u00faj piacokra val\u00f3 kil\u00e9p\u00e9st, kapcsolati h\u00e1l\u00f3juk b\u0151v\u00edt\u00e9s\u00e9t tervezik, kezd\u0151 v\u00e1llalkoz\u00f3k, vagy esetleg m\u00e9g csak most tervezik a c\u00e9galap\u00edt\u00e1st. Erre adott lehet\u0151s\u00e9get <a href=\"https:\/\/szta.hu\/kreativ-vallalkozasban-gondolkodsz-ez-a-ket-program-neked-szol\/\" target=\"_blank\" rel=\"noopener\">a Sz\u00e9chenyi T\u0151kealap \u00e9s a Design Terminal k\u00f6z\u00f6s rendez\u00e9s\u0171<\/a>, szakmai kapcsolatok ki\u00e9p\u00edt\u00e9s\u00e9re lehet\u0151s\u00e9get ad\u00f3 \u00fczleti reggelije, illetve kimondottan kreat\u00edvipari, l\u00e9tez\u0151 \u00e9s j\u00f6v\u0151beni c\u00e9gek sz\u00e1m\u00e1ra tervezett p\u00e9nz\u00fcgyi workshopja<\/strong>.<!--more--><\/p>\n<p style=\"text-align: justify;\">Ahogy a <a href=\"https:\/\/szta.hu\/tobben-keresnek-tokebefektetot-mint-gondolnank\/\" target=\"_blank\" rel=\"noopener\">tavalyi Design H\u00e9t<\/a> \u00fczleti f\u00f3kusz\u00fa programjai, \u00fagy az ideiek is rendk\u00edv\u00fcl n\u00e9pszer\u0171ek voltak a c\u00e9lk\u00f6z\u00f6ns\u00e9g k\u00f6r\u00e9ben. Befektet\u0151k\u00e9nt mindig \u00f6r\u00f6mteli l\u00e1tni, hogy egyre b\u0151v\u00fcl az a v\u00e1llalkoz\u00f3i vagy tervez\u0151i k\u00f6r, amely komoly alternat\u00edvak\u00e9nt l\u00e1tja kock\u00e1zati t\u0151ke bevon\u00e1s\u00e1t c\u00e9ge fejleszt\u00e9s\u00e9h\u00e9hez. Ez egy\u00fattal azt is mutatja, hogy t\u00f6bben is ebben az ipar\u00e1gban k\u00e9pzelik el a j\u00f6v\u0151j\u00fcket, amit a szektorba \u00e1raml\u00f3, \u00e9vr\u0151l \u00e9vre b\u0151v\u00fcl\u0151 t\u0151keforr\u00e1s is egyre ink\u00e1bb biztos\u00edt.<\/p>\n<p style=\"text-align: justify;\">A <a href=\"https:\/\/www.designterminal.hu\/\" target=\"_blank\" rel=\"noopener nofollow\">Design Terminal<\/a> \u00e9s az SZTA els\u0151 sz\u00e1m\u00fa c\u00e9lja a k\u00e9t programmal az volt, hogy a c\u00e9galap\u00edt\u00e1s \u00e9s a c\u00e9g\u00e9p\u00edt\u00e9s t\u00e9mak\u00f6r\u00e9ben a lehet\u0151 legt\u00f6bb gyakorlati inform\u00e1ci\u00f3 jusson el k\u00f6zvetlen\u00fcl a c\u00e9lk\u00f6z\u00f6ns\u00e9ghez, illetve hogy mindenki lehet\u0151s\u00e9get kapjon k\u00e9rd\u00e9sei feltev\u00e9s\u00e9hez. A k\u00e9t rendezv\u00e9ny k\u00f6zel 150 hallgat\u00f3ja 10 szakember tan\u00e1csait hallgathatta meg. A besz\u00e9des c\u00edm\u0171 \u201eCsin\u00e1lj p\u00e9nzt a divatb\u00f3l!\u201d \u00fczleti reggelin az \u00e9rdekl\u0151d\u0151k k\u00f6zvetlen kapcsolatba ker\u00fclhettek olyan \u00fczleti angyal befektet\u0151kkel, akik mertek nagyot l\u00e9pni \u00e9s szakmai tud\u00e1sukat, valamint p\u00e9nz\u00fcket tett\u00e9k egy indul\u00f3 kreat\u00edvipari v\u00e1llalkoz\u00e1sba. Ma m\u00e1r t\u00fal vannak a kezd\u0151 l\u00e9p\u00e9seken, kidolgozott strat\u00e9gi\u00e1juk \u00e9s hat\u00e1rozott c\u00e9ljaik vannak, vagy m\u00e1r sikeresen t\u00fal is jutottak a t\u0151kebefektet\u00e9si folyamaton. Reggeli k\u00f6zben Dr. Dura M\u00f3nik\u00e1t (AGNESKOVACS), Mart\u00e9nyi Zit\u00e1t (\u00c1ERON) \u00e9s Tus-Dzsurb\u00e1n \u00c1gnest (KONSANSZKY) lehetett faggatni hasznos tan\u00e1csok\u00e9rt.<\/p>\n<p style=\"text-align: justify;\">Az els\u0151sorban kezd\u0151 \u00e9s az els\u0151 l\u00e9p\u00e9seken t\u00fal l\u00e9v\u0151 kreat\u00edvipari szakembereknek, leend\u0151 v\u00e1llalkoz\u00f3knak sz\u00f3l\u00f3 p\u00e9nz\u00fcgyi workshop a c\u00e9galap\u00edt\u00e1st\u00f3l \u00e9s a menedzsment \u00f6ssze\u00e1ll\u00edt\u00e1s\u00e1t\u00f3l kezdve v\u00e9gigvette a szabadalmi, mintaoltalmi elj\u00e1r\u00e1sokat, a term\u00e9k\u00e9rt\u00e9kes\u00edt\u00e9s \u00e9s az els\u0151 k\u00f6r\u00f6s befektet\u00e9sen \u00e1t a nemzetk\u00f6zi befektet\u0151 megjelen\u00e9s\u00e9ig sz\u00e1mos t\u00e9m\u00e1t k\u00f6r\u00fclj\u00e1rt. Az SZTA t\u00f6bb befektet\u00e9s\u00e9ben is akt\u00edvan k\u00f6zrem\u0171k\u00f6d\u0151 szak\u00e9rt\u0151k, \u00fagymint \u00c1cs Zolt\u00e1n, a Design Terminal inkub\u00e1ci\u00f3s program vezet\u0151je, Dr. G\u00e1rdonyi M\u00e1rk, a Hipavilon iparjogv\u00e9delmi igazgat\u00f3ja, Mosonyi Bal\u00e1zs, a CEIS \u00fcgyvezet\u0151 partnere, Dr. Feh\u00e9r Gy\u00f6rgy \u00e9s Sz\u00f3r\u00e1di Judit \u00fcgyv\u00e9dek (Sichenzia Ross Friedman Ference LLP), illetve a Sz\u00e9chenyi T\u0151kealapt\u00f3l Mogyor\u00f3si Elvira \u00e9s Dr. Csuhaj V. Imre vez\u00e9rigazgat\u00f3 interakt\u00edv el\u0151ad\u00e1saiban az els\u0151 l\u00e9p\u00e9st\u0151l az exitig minden t\u00e9ma sz\u00f3ba ker\u00fclt. A jelenl\u00e9v\u0151ket legink\u00e1bb az iparjogv\u00e9delmet, a menedzsment tagok \u00f6ssze\u00e1ll\u00edt\u00e1s\u00e1t, a t\u0151kebefektet\u00e9s felt\u00e9teleit \u00e9s lehet\u0151s\u00e9geit, illetve az exit k\u00f6r\u00fclm\u00e9nyeit \u00e9rint\u0151 t\u00e9m\u00e1k mozgatt\u00e1k meg. Az el\u0151ad\u00f3k t\u00e9m\u00e1inak r\u00e9szletesebb mondanival\u00f3j\u00e1t jelen blogon is hamarosan olvashatj\u00e1tok.<\/p>\n<p style=\"text-align: justify;\">A p\u00e9nz\u00fcgyi workshop keret\u00e9ben Dr. Csuhaj V. Imre bejelentette, hogy mint a hazai piac legnagyobb sz\u00e1m\u00fa kreat\u00edvipari befektet\u00e9s\u00e9vel, \u00e9s \u00edgy a legjelent\u0151sebb tapasztalattal rendelkez\u0151 t\u0151kebefektet\u0151je az alap tov\u00e1bbi kreat\u00edv- \u00e9s designipari v\u00e1llalkoz\u00e1soknak k\u00edv\u00e1nja megadni a lehet\u0151s\u00e9get arra, hogy az SZTA kock\u00e1zati t\u0151k\u00e9j\u00e9vel seg\u00edts\u00e9k c\u00e9gn\u00f6veked\u00e9s\u00fcket. A saj\u00e1t c\u00e9g t\u00f6rt\u00e9net\u00e9t, eredm\u00e9nyeit, c\u00e9ljait bemutat\u00f3 1-2 oldalas teasereket a Sz\u00e9chenyi T\u0151kealap az <a href=\"mailto:info@szta.hu\" target=\"_blank\" rel=\"noopener\">info@szta.hu<\/a> c\u00edmre v\u00e1rja 2015. okt\u00f3ber 19-ig. Az Alap a vend\u00e9gel\u0151ad\u00f3 partnerekkel k\u00f6z\u00f6sen \u00e9rt\u00e9keli ki a be\u00e9rkez\u0151 jelentkez\u00e9seket, \u00e9s a legnagyobb n\u00f6veked\u00e9si potenci\u00e1llal, legizgalmasabb strat\u00e9gi\u00e1val rendelkez\u0151 jelentkez\u0151kkel t\u00e1rgyal\u00e1sokat kezdem\u00e9nyez.<\/p>\n<p>[post_newsletter title=&#8221;Iratkozzon fel h\u00edrlevel\u00fcnkre!&#8221;][\/post_newsletter]<\/p>\n","protected":false},"featured_media":6011,"template":"","class_list":["post-1512","blog","type-blog","status-publish","has-post-thumbnail","hentry"],"acf":[],"_links":{"self":[{"href":"https:\/\/szta.hu\/en\/wp-json\/wp\/v2\/blog\/1512","targetHints":{"allow":["GET"]}}],"collection":[{"href":"https:\/\/szta.hu\/en\/wp-json\/wp\/v2\/blog"}],"about":[{"href":"https:\/\/szta.hu\/en\/wp-json\/wp\/v2\/types\/blog"}],"wp:featuredmedia":[{"embeddable":true,"href":"https:\/\/szta.hu\/en\/wp-json\/"}],"wp:attachment":[{"href":"https:\/\/szta.hu\/en\/wp-json\/wp\/v2\/media?parent=1512"}],"curies":[{"name":"wp","href":"https:\/\/api.w.org\/{rel}","templated":true}]}}