{"id":1513,"date":"2015-10-06T07:12:00","date_gmt":"2015-10-06T07:12:00","guid":{"rendered":"http:\/\/www.blog.sztateszt.7digits.net\/blog\/a-siker-receptjet-fozi-az-szta-legfrissebb-befektetese\/"},"modified":"2015-10-06T07:12:00","modified_gmt":"2015-10-06T07:12:00","slug":"a-siker-receptjet-fozi-az-szta-legfrissebb-befektetese","status":"publish","type":"blog","link":"https:\/\/szta.hu\/en\/blog\/a-siker-receptjet-fozi-az-szta-legfrissebb-befektetese\/","title":{"rendered":"A siker receptj\u00e9t f\u0151zi az SZTA legfrissebb befektet\u00e9se"},"content":{"rendered":"<p style=\"text-align: justify;\"><strong><img fetchpriority=\"high\" decoding=\"async\" class=\"alignleft size-medium wp-image-6241\" src=\"https:\/\/szta.hu\/wp-content\/uploads\/2015\/10\/2015-10-06-300x225.jpg\" alt=\"Bereznay Tam\u00e1s- Cookbook\" width=\"300\" height=\"225\" \/>A nemzetk\u00f6zi piacon is n\u00e9pszer\u0171, sz\u00e1mos d\u00edjat \u00e9s elismer\u00e9st szerzett k\u00f6nyvek kiad\u00f3j\u00e1ba fektet kock\u00e1zati t\u0151k\u00e9t a Sz\u00e9chenyi T\u0151kealap. A Boook Kft. az ut\u00f3bbi \u00e9vekben \u00f6sszess\u00e9g\u00e9ben cs\u00f6kken\u0151 forgalm\u00fa k\u00f6nyvkiad\u00e1s piac\u00e1n tudott stabil t\u00f6rzsk\u00f6z\u00f6ns\u00e9get kialak\u00edtani, r\u00e1ad\u00e1sul \u00e1rbev\u00e9tele \u00e9s eredm\u00e9nye is n\u00f6veked\u0151 tendenci\u00e1t mutatott. A 2009-es alap\u00edt\u00e1s\u00fa magyar c\u00e9g tudatosan \u00e9p\u00edti \u00fczleti strat\u00e9gi\u00e1j\u00e1t, amelynek k\u00f6sz\u00f6nhet\u0151en t\u00f6bb k\u00f6nyv\u00e9t nem csup\u00e1n Magyarorsz\u00e1gon, de a nemzetk\u00f6zi piacokon is sikeresen tudta \u00e9rt\u00e9kes\u00edteni. Els\u0151sorban neves s\u00e9fek \u00e1ltal \u00edrt szak\u00e1csk\u00f6nyvek jelentik a f\u0151 f\u00f3kuszt, de az SZTA befektet\u00e9s\u00e9nek seg\u00edts\u00e9g\u00e9vel tov\u00e1bbi szegmensekben is tervezik a megjelen\u00e9st. Ennek egyik kiemelt l\u00e9p\u00e9se egy az okt\u00f3ber 6-i budapesti <a href=\"https:\/\/excellenceconference.hu\/\" target=\"_blank\" rel=\"noopener nofollow\">Excellence Konferenci\u00e1n<\/a> bemutatkoz\u00f3 nemzetk\u00f6zi coaching sikerk\u00f6nyv magyar kiad\u00e1sa.<\/strong><\/p>\n<p style=\"text-align: justify;\">A Boook Kft. tudatos, hat\u00e1rozott strat\u00e9gi\u00e1t k\u00f6vet\u0151 \u00e9s megval\u00f3s\u00edt\u00f3 szerepl\u0151je a piacnak. Sz\u00e1mos karaktert, els\u0151sorban hazai \u00e9s nemzetk\u00f6zi szinten elismert s\u00e9feket, gasztron\u00f3miai szakembereket fedezett fel szerz\u0151k\u00e9nt, akik k\u00f6r\u00e9 szem\u00e9lyes m\u00e1rk\u00e1t is tudott \u00e9p\u00edteni. aminek k\u00f6sz\u00f6nhet\u0151en a kiad\u00f3 jelent\u0151s n\u00e9pszer\u0171s\u00e9gre tett szert a gasztron\u00f3mia ir\u00e1nt \u00e9rdekl\u0151d\u0151 k\u00f6z\u00f6ns\u00e9g k\u00f6r\u00e9ben, \u00e9s a szakma megbecs\u00fcl\u00e9s\u00e9t is kiv\u00edvta. A gasztron\u00f3miai vonalat er\u0151s\u00edti, hogy az alap\u00edt\u00f3 tulajdonosok k\u00f6z\u00f6tt foglal helyet Bereznay Tam\u00e1s, aki sz\u00e1mos neves budapesti \u00e9tterem vezet\u0151 s\u00e9fje (pl. a M\u00e1ty\u00e1s Pince \u00e9tterem, a Pesti Diszn\u00f3 gasztrob\u00e1r, SonkaArcok, illetve jelenleg a Metro Gasztroakad\u00e9mia szakmai vezet\u0151je), \u00e9s sz\u00e1mos n\u00e9pszer\u0171 telev\u00edzi\u00f3s gasztroshow m\u0171sorvezet\u0151je. (TV2 &#8211; A konyha \u00f6rd\u00f6ge) A kiad\u00f3 egyik legsikeresebb, t\u00f6bb elismer\u00e9st is begy\u0171jt\u0151 kiadv\u00e1nya, a \u201eMai magyar konyha\u201d sikere megmutatta, hogy hogyan lehet olyan r\u00e9st megc\u00e9lozni a magyar szak\u00e1csk\u00f6nyvpiacon, amely val\u00f3s v\u00e1s\u00e1rl\u00f3i ig\u00e9nnyel b\u00edr. A c\u00e9g ezut\u00e1n ezt a vonalat k\u00f6vetve dolgozta ki strat\u00e9gi\u00e1j\u00e1t.<!--more--><\/p>\n<p style=\"text-align: justify;\">A hossz\u00fa t\u00e1v\u00fa, tudatos \u00e9p\u00edtkez\u00e9s r\u00e9sze, hogy a c\u00e9g a j\u00f3l bev\u00e1lt receptet \u00fajabb tematik\u00e1j\u00fa k\u00f6nyvek (pl. gyerekk\u00f6nyvek, design, divat, aut\u00f3 \u00e9s turisztikai t\u00e9m\u00e1j\u00fa albumok), e-k\u00f6nyvek, kiadv\u00e1nyok ter\u00e9n is alkalmazni k\u00edv\u00e1nja. Az \u00fajszer\u0171 gazdas\u00e1gi koncepci\u00f3 l\u00e9tfontoss\u00e1g\u00fa elem a c\u00e9g n\u00f6veked\u00e9s\u00e9ben. Amellett ugyanis, hogy jelent\u0151s m\u00e9rt\u00e9kben \u00e9p\u00edt a jelent\u0151s ar\u00e1ny\u00fa elad\u00e1st biztos\u00edt\u00f3 business to business piacra, a kiadv\u00e1nyok el\u0151k\u00e9sz\u00edt\u00e9s\u00e9ben, tartalmi fejleszt\u00e9s\u00e9ben nagy szerepet v\u00e1llaltak t\u00f6bbek k\u00f6z\u00f6tt \u00e9lelmiszergy\u00e1rt\u00f3k \u00e9s egy\u00e9b szakmai partnerek \u00e9s szponzorok.<\/p>\n<p style=\"text-align: justify;\">Ma kevesen mondhatj\u00e1k el magukr\u00f3l a magyar k\u00f6nyvkiad\u00f3i piacon, hogy a sz\u00e1mos versenyt\u00e1rs ellen\u00e9re is \u00fctemesen tudnak fejl\u0151dni. A Boook Kiad\u00f3 a n\u00f6veked\u00e9snek arra a szintj\u00e9re jutott el, hogy a saj\u00e1t maga \u00e1ltal megtermelt nyeres\u00e9g m\u00e1r nem el\u00e9g a fejl\u0151d\u00e9s finansz\u00edroz\u00e1s\u00e1hoz, ugyanis a t\u0151kehi\u00e1ny megg\u00e1tolja a n\u00f6veked\u00e9st, ez\u00e9rt is d\u00f6nt\u00f6ttek a t\u0151kebevon\u00e1s mellett. A Sz\u00e9chenyi T\u0151kealap 50 milli\u00f3 forintos t\u0151kebefektet\u00e9s\u00e9b\u0151l a kiad\u00f3 els\u0151sorban k\u00f6nyvkiad\u00e1si tev\u00e9kenys\u00e9g\u00e9nek b\u0151v\u00edt\u00e9s\u00e9t, \u00fajabb kiadv\u00e1nyok megjelen\u00e9s\u00e9t, illetve a kor\u00e1bbi legn\u00e9pszer\u0171bb k\u00f6nyvek \u00fajranyom\u00e1s\u00e1t, online fel\u00fcletek fejleszt\u00e9s\u00e9t, kiadv\u00e1nyaik digitaliz\u00e1l\u00e1s\u00e1t \u00e9s a nemzetk\u00f6zi piacokon val\u00f3 megjelen\u00e9st \u00e9s terjeszked\u00e9st k\u00edv\u00e1nj\u00e1k finansz\u00edrozni.<\/p>\n<p style=\"text-align: justify;\">A Boook Kft. leg\u00fajabb, okt\u00f3ber 6-\u00e1n, magyar nyelven megjelent, menedzsment \u00e9s coaching t\u00e9m\u00e1j\u00fa kiadv\u00e1ny\u00e1val, az Aviad Goz \u00e1ltal \u00edrt,\u00a0<em>Ir\u00e1ny\u00edtsd az \u00e9leted!<\/em> c\u00edm\u0171 k\u00f6nyvvel jelenik meg az Excellence Conference-en, amelyen sz\u00e1mos emberi \u00e9s szakmai kiv\u00e1l\u00f3s\u00e1g \u00e9s szak\u00e9rt\u0151 \u2013 t\u00f6bbek k\u00f6z\u00f6tt maga a szerz\u0151 \u2013 ad el\u0151.<\/p>\n<p>[post_newsletter title=&#8221;Iratkozzon fel h\u00edrlevel\u00fcnkre!&#8221;][\/post_newsletter]<\/p>\n","protected":false},"featured_media":6241,"template":"","class_list":["post-1513","blog","type-blog","status-publish","has-post-thumbnail","hentry"],"acf":[],"_links":{"self":[{"href":"https:\/\/szta.hu\/en\/wp-json\/wp\/v2\/blog\/1513","targetHints":{"allow":["GET"]}}],"collection":[{"href":"https:\/\/szta.hu\/en\/wp-json\/wp\/v2\/blog"}],"about":[{"href":"https:\/\/szta.hu\/en\/wp-json\/wp\/v2\/types\/blog"}],"wp:featuredmedia":[{"embeddable":true,"href":"https:\/\/szta.hu\/en\/wp-json\/"}],"wp:attachment":[{"href":"https:\/\/szta.hu\/en\/wp-json\/wp\/v2\/media?parent=1513"}],"curies":[{"name":"wp","href":"https:\/\/api.w.org\/{rel}","templated":true}]}}