{"id":1535,"date":"2015-12-31T08:00:48","date_gmt":"2015-12-31T08:00:48","guid":{"rendered":"http:\/\/www.blog.sztateszt.7digits.net\/blog\/ezek-voltak-a-legizgalmasabb-2015-os-hazai-cegeladasok\/"},"modified":"2015-12-31T08:00:48","modified_gmt":"2015-12-31T08:00:48","slug":"ezek-voltak-a-legizgalmasabb-2015-os-hazai-cegeladasok","status":"publish","type":"blog","link":"https:\/\/szta.hu\/en\/blog\/ezek-voltak-a-legizgalmasabb-2015-os-hazai-cegeladasok\/","title":{"rendered":"Ezek voltak a legizgalmasabb 2015-\u00f6s hazai c\u00e9gelad\u00e1sok"},"content":{"rendered":"<p style=\"text-align: justify;\"><strong><br \/>\n<img fetchpriority=\"high\" decoding=\"async\" class=\"alignleft size-medium wp-image-5911\" src=\"https:\/\/szta.hu\/wp-content\/uploads\/2015\/12\/2015-12-31-300x200.jpg\" alt=\"Elad\u00e1s\" width=\"300\" height=\"200\" \/>A Sz\u00e9chenyi T\u0151kealap tev\u00e9kenys\u00e9g\u00e9b\u0151l kifoly\u00f3lag a blogon t\u00falnyom\u00f3r\u00e9szt a magyar kis- \u00e9s k\u00f6z\u00e9pv\u00e1llalkoz\u00e1sokhoz \u00e9s startupokhoz kapcsol\u00f3d\u00f3, illetve nekik sz\u00f3l\u00f3, els\u0151sorban finansz\u00edroz\u00e1si forr\u00e1sokkal kapcsolatos h\u00edrekr\u0151l, lehet\u0151s\u00e9gekr\u0151l \u00edrunk. Emellett viszont a nagyobb \u00f6sszeg\u0171, jellemz\u0151en priv\u00e1t forr\u00e1s\u00fa t\u0151ke\u00fcgyleteket is figyelemmel k\u00eds\u00e9rj\u00fck, ugyanis a nemzetk\u00f6zi c\u00e9lokat kit\u0171z\u0151 v\u00e1llalkoz\u00e1sok sz\u00e1m\u00e1ra hasznos lehet l\u00e1tni, pontosan mi k\u00e9pes megmozgatni a strat\u00e9giai befektet\u0151ket. Ezekben a tranzakci\u00f3kban jellemz\u0151en olyan startupok vagy c\u00e9gek \u00e9rdekeltek, amelyek tev\u00e9kenys\u00e9g\u00fck r\u00e9v\u00e9n jelent\u0151s m\u00e9rt\u00e9k\u0171 n\u00f6veked\u00e9sre k\u00e9pesek, ahogy p\u00e9ld\u00e1ul az SZTA egy kor\u00e1bbi portf\u00f3li\u00f3c\u00e9ge, a <a href=\"https:\/\/szta.hu\/epp-ilyen-korai-exitrol-almodnak-a-tokebefektetok\/\" target=\"_blank\" rel=\"noopener\">Mobile Engine<\/a> is ezen a p\u00e1ly\u00e1n fejl\u0151dik tov\u00e1bb az exit ut\u00e1n. Az elm\u00falt \u00e9vek h\u00edrei, k\u00f6zlem\u00e9nyei alapj\u00e1n megn\u00e9zt\u00fck teh\u00e1t, mely hazai befektet\u00e9sekre volt \u00e9rdemes odafigyelni az elm\u00falt \u00e9v sor\u00e1n.<\/strong><\/p>\n<p style=\"text-align: justify;\">2015-ben a legnagyobb visszhangot minden bizonnyal a budapesti sz\u00e9khely\u0171 <strong>TriGranit<\/strong> r\u00e9szleges \u00e9rt\u00e9kes\u00edt\u00e9se keltette. Az 1997-ben alap\u00edtott v\u00e1llalat Kelet-K\u00f6z\u00e9p-Eur\u00f3pa egyik legnagyobb, mag\u00e1n tulajdonban l\u00e9v\u0151 ingatlanbefektet\u00e9si, -fejleszt\u00e9si \u00e9s -\u00fczemeltet\u00e9si v\u00e1llalata, amely \u00f6sszesen 9 orsz\u00e1gban van jelen. Az augusztusban bejelentett felv\u00e1s\u00e1rl\u00e1s el\u0151k\u00e9sz\u00edt\u00e9se csaknem egy \u00e9vig tartott, v\u00e9g\u00fcl a tulajdonosok a vil\u00e1g egyik legnagyobb, k\u00f6zel 75 milli\u00e1rd doll\u00e1r \u00e9rt\u00e9k\u0171 vagyont kezel\u0151 mag\u00e1nt\u0151ke-befektet\u00e9si v\u00e1llalat\u00e1nak, a TPG Real Estate-nek adt\u00e1k el a c\u00e9g jelent\u0151s r\u00e9sz\u00e9t, egyes becsl\u00e9sek szerint f\u00e9lmilli\u00e1rd eur\u00f3\u00e9rt, azaz mintegy 150 milli\u00e1rd forint\u00e9rt.<!--more--><\/p>\n<p style=\"text-align: justify;\">A befektet\u0151 az elm\u00falt hat \u00e9vben 3 milli\u00e1rd doll\u00e1rt fektetett be \u00e9szak-amerikai \u00e9s eur\u00f3pai ingatlanalapokba \u00e9s t\u00e1rsas\u00e1gokba, \u00e9s a TriGranitban is jelent\u0151s potenci\u00e1lt l\u00e1ttak, ugyanis a r\u00e9gi\u00f3 legnagyobb ingatlanbefektet\u00e9si, -fejleszt\u00e9si \u00e9s \u00fczemeltet\u0151 v\u00e1llalat\u00e1t k\u00edv\u00e1nj\u00e1k l\u00e9trehozni a befektet\u00e9s nyom\u00e1n. \u00dagy l\u00e1tt\u00e1k, hogy a kor\u00e1bbi tulajdonosi szerkezettel nem tudt\u00e1k volna a c\u00e9l el\u00e9r\u00e9s\u00e9hez sz\u00fcks\u00e9ges dinamikus n\u00f6veked\u00e9st produk\u00e1lni. A c\u00e9galap\u00edt\u00f3 <a href=\"https:\/\/www.vg.hu\/vallalatok\/eladtak-a-trigranit-nagy-reszet-455371\" target=\"_blank\" rel=\"noopener nofollow\">elmondta<\/a>, hogy \u201ealap\u00edt\u00e1sa \u00f3ta a csoport t\u00f6bb mint sz\u00e1zszoros profitot termelt az alap\u00edt\u00f3knak, \u00e9s mik\u00f6zben a v\u00e1ls\u00e1g a fejleszt\u0151k 80-90 sz\u00e1zal\u00e9k\u00e1t elsodorta, olyan magasra jutott, mint magyar v\u00e1llalkoz\u00e1s m\u00e9g soha: 2011-ben p\u00e9ld\u00e1ul a harmadik legnagyobb fejleszt\u0151k\u00e9nt tartott\u00e1k nyilv\u00e1n Eur\u00f3p\u00e1ban\u201d.<\/p>\n<p style=\"text-align: justify;\">Ugyancsak nagy \u00e9rdekl\u0151d\u00e9sre tartott sz\u00e1mot a szint\u00e9n 1997-ben alap\u00edtott magyar <strong>Fornetti<\/strong> elad\u00e1sa. A fagyasztott p\u00e9k\u00e1rut gy\u00e1rt\u00f3 \u00e9s forgalmaz\u00f3 c\u00e9get a vil\u00e1g harmadik legnagyobb, Eur\u00f3p\u00e1ban piacvezet\u0151 sv\u00e1jci p\u00e9k\u00e1rugy\u00e1rt\u00f3 Aryzta AG v\u00e1s\u00e1rolta fel. A Fornetti itthon 800 alkalmazottat foglalkoztat, k\u00fclf\u00f6ld\u00f6n tov\u00e1bbi 500 dolgoz\u00f3juk van, a c\u00e9g 2014-es \u00e1rbev\u00e9tele megk\u00f6zel\u00edtette a 20 milli\u00e1rd forintot. Az alap\u00edt\u00f3 tulajdonos szerint a c\u00e9g el\u00e9rte n\u00f6veked\u00e9s\u00e9nek hat\u00e1r\u00e1t, ez\u00e9rt d\u00f6nt\u00f6ttek az elad\u00e1s mellett, a befektet\u0151 pedig a kelet-k\u00f6z\u00e9p-eur\u00f3pai r\u00e9gi\u00f3s c\u00e9ljait (2020-ra 12-13 orsz\u00e1gban piacra l\u00e9pni) egy \u00faj v\u00e1llalat \u00e9p\u00edt\u00e9se helyett a nemzetk\u00f6zi sz\u00ednvonalon termel\u0151 magyar Fornetti felv\u00e1s\u00e1rl\u00e1s\u00e1val k\u00edv\u00e1nja el\u00e9rni. Az elad\u00e1s hamar \u00e9reztette hat\u00e1s\u00e1t, a tranzakci\u00f3t k\u00f6vet\u0151en az \u00e9rt\u00e9kes\u00edt\u00e9s volumene m\u00e1ris 10 sz\u00e1zal\u00e9kkal n\u00f6vekedett, \u00e9s az \u00faj tulajdonos egy k\u00e9tmilli\u00f3 eur\u00f3s (600 milli\u00f3 forintos) fejleszt\u00e9si programot is elind\u00edtott a c\u00e9gcsoport tov\u00e1bbi n\u00f6veked\u00e9s\u00e9nek biztos\u00edt\u00e1s\u00e1ra, amelynek els\u0151 eleme \u2013 egy \u00faj b\u00fator\u00fczem \u2013 m\u00e1r meg is val\u00f3sult.<\/p>\n<p>[post_newsletter title=&#8221;Iratkozzon fel h\u00edrlevel\u00fcnkre!&#8221;][\/post_newsletter]<\/p>\n<p style=\"text-align: justify;\">A <strong>Szallas.hu<\/strong> online sz\u00e1ll\u00e1sk\u00f6zvet\u00edt\u00e9ssel foglalkoz\u00f3 t\u00e1rsas\u00e1g piacvezet\u0151 poz\u00edci\u00f3t \u00e9rt el Magyarorsz\u00e1gon, 2014-re k\u00f6zel 10 milli\u00e1rd forintos forgalmat bonyol\u00edtott, a sikerek pedig a r\u00e9gi\u00f3s terjeszked\u00e9sre \u00e9s meger\u0151s\u00f6d\u00e9sre \u00f6szt\u00f6n\u00f6zt\u00e9k a c\u00e9gvezet\u00e9st. A vev\u0151 egy hazai mag\u00e1nt\u0151kealap, illetve egy hazai bank volt, ez ut\u00f3bbi a c\u00e9g szolg\u00e1ltat\u00e1s\u00e1t saj\u00e1t term\u00e9kportf\u00f3li\u00f3j\u00e1hoz k\u00edv\u00e1nja illeszteni. Egy\u00e9rtelm\u0171 c\u00e9l az \u00e9rett, kiemelked\u0151 n\u00f6veked\u00e9si potenci\u00e1llal rendelkez\u0151 c\u00e9g hazai sikert\u00f6rt\u00e9net\u00e9t region\u00e1liss\u00e1 b\u0151v\u00edteni. A v\u00e1llalkoz\u00e1sfejleszt\u00e9s sor\u00e1n a befektet\u0151 szakmai tapasztalataira \u00e9s a c\u00e9g profi menedzsmentj\u00e9re \u00e9s \u00fcgyvezet\u0151j\u00e9re k\u00edv\u00e1nnak t\u00e1maszkodni.<\/p>\n<p style=\"text-align: justify;\">A fenti tranzakci\u00f3khoz hasonl\u00f3an a legnagyobb forgalm\u00fa magyar internetes bolt, az <strong>Extreme Digital<\/strong> is eur\u00f3pai terjeszked\u00e9st tervez. A c\u00e9g strat\u00e9giai befektet\u0151je a legnagyobb t\u0151zsd\u00e9n jegyzett eur\u00f3pai v\u00e1llalat, a Steinhoff International, amely t\u00f6bbs\u00e9gi tulajdont szerzett a v\u00e1llalatban. A c\u00e9gvezet\u00e9s elmond\u00e1sa szerint a nemzetk\u00f6zi piaci b\u0151v\u00edt\u00e9shez sz\u00fcks\u00e9g volt egy tapasztalt strat\u00e9giai partner szakmai tud\u00e1s\u00e1ra is. A magyar menedzsment folytathatja munk\u00e1j\u00e1t a c\u00e9gben, r\u00e1ad\u00e1sul a befektet\u0151 a c\u00e9g \u00e1ltal megszerzett online kereskedelmi tapasztalatait a t\u00f6bbi piac\u00e1n is tudja majd hasznos\u00edtani. A Steinhoff International emellett t\u0151k\u00e9t is emel a v\u00e1llalkoz\u00e1sban, aminek k\u00f6sz\u00f6nhet\u0151en \u00fczleth\u00e1l\u00f3zata \u00e9s alkalmazottainak sz\u00e1ma is b\u0151v\u00fclni fog mind Magyarorsz\u00e1gon, mind Eur\u00f3p\u00e1ban.<\/p>\n<p style=\"text-align: justify;\">A fenti esetekb\u0151l t\u00f6bb k\u00f6vetkeztet\u00e9st is le lehet vonni:<\/p>\n<ol>\n<li style=\"text-align: justify;\">Az eur\u00f3pai \u00e9s amerikai befektet\u0151k is <a href=\"https:\/\/szta.hu\/magyarorszagon-vagy-a-regio-tobbi-orszagaban-kockazatosabb-startupba-toket-fektetni\/\" target=\"_blank\" rel=\"noopener\">fontos szerepet sz\u00e1nnak<\/a> a kelet-k\u00f6z\u00e9p-eur\u00f3pai r\u00e9gi\u00f3nak<\/li>\n<li style=\"text-align: justify;\">Az egyedi tud\u00e1st r\u00e9gi\u00f3t\u00f3l vagy orsz\u00e1gt\u00f3l f\u00fcggetlen\u00fcl \u00e9rt\u00e9kelik a befektet\u0151k, a hi\u00e1nyp\u00f3tl\u00f3 term\u00e9kek \u00e9s szolg\u00e1ltat\u00e1sok jelent\u0151s \u00e9rt\u00e9kteremt\u0151 hat\u00e1ssal is b\u00edrhatnak ak\u00e1r megl\u00e9v\u0151 portf\u00f3li\u00f3jukra is.<\/li>\n<li style=\"text-align: justify;\">Azon c\u00e9geknek, amelyek saj\u00e1t er\u0151forr\u00e1sokb\u00f3l nem tudj\u00e1k tov\u00e1bbi n\u00f6veked\u00e9s\u00fcket megoldani, \u00e9rdemes jelent\u0151s m\u00e9rt\u00e9k\u0171 energi\u00e1t fektetni k\u00fcls\u0151 forr\u00e1sok keres\u00e9s\u00e9be, m\u00e9rett\u0151l \u00e9s c\u00e9lokt\u00f3l f\u00fcgg\u0151en ak\u00e1r t\u0151kealapokt\u00f3l, ak\u00e1r mag\u00e1nbefektet\u0151kt\u0151l vonna be t\u0151k\u00e9t.<\/li>\n<li style=\"text-align: justify;\">B\u00e1r a strat\u00e9giai befektet\u0151k d\u00f6nthetnek \u00fagy, hogy a teljes eddigi <a href=\"https:\/\/szta.hu\/3-eros-mondas-a-budapesti-design-heten\/\" target=\"_blank\" rel=\"noopener\">menedzsmentet lecser\u00e9li<\/a>, egy er\u0151s vezet\u0151i csapat elnyerheti az \u00faj t\u00f6bbs\u00e9gi tulajdonos bizalm\u00e1t.<\/li>\n<li style=\"text-align: justify;\">A befektet\u00e9s pozit\u00edv hat\u00e1sa ak\u00e1r r\u00f6vid id\u0151n bel\u00fcl is kimutathat\u00f3 a c\u00e9g eredm\u00e9nyeiben.<\/li>\n<\/ol>\n","protected":false},"featured_media":5911,"template":"","class_list":["post-1535","blog","type-blog","status-publish","has-post-thumbnail","hentry"],"acf":[],"_links":{"self":[{"href":"https:\/\/szta.hu\/en\/wp-json\/wp\/v2\/blog\/1535","targetHints":{"allow":["GET"]}}],"collection":[{"href":"https:\/\/szta.hu\/en\/wp-json\/wp\/v2\/blog"}],"about":[{"href":"https:\/\/szta.hu\/en\/wp-json\/wp\/v2\/types\/blog"}],"wp:featuredmedia":[{"embeddable":true,"href":"https:\/\/szta.hu\/en\/wp-json\/"}],"wp:attachment":[{"href":"https:\/\/szta.hu\/en\/wp-json\/wp\/v2\/media?parent=1535"}],"curies":[{"name":"wp","href":"https:\/\/api.w.org\/{rel}","templated":true}]}}