{"id":15667,"date":"2017-06-22T00:00:00","date_gmt":"2017-06-22T00:00:00","guid":{"rendered":"http:\/\/www.blog.sztateszt.7digits.net\/mit-var-el-a-tokebefekteto-egy-divatipari-vallalkozastol\/"},"modified":"2017-06-22T00:00:00","modified_gmt":"2017-06-22T00:00:00","slug":"mit-var-el-a-tokebefekteto-egy-divatipari-vallalkozastol","status":"publish","type":"blog","link":"https:\/\/szta.hu\/en\/blog\/mit-var-el-a-tokebefekteto-egy-divatipari-vallalkozastol\/","title":{"rendered":"Mit v\u00e1r el a t\u0151kebefektet\u0151 egy divatipari v\u00e1llalkoz\u00e1st\u00f3l?"},"content":{"rendered":"<p><strong><img fetchpriority=\"high\" decoding=\"async\" class=\"alignleft size-medium wp-image-11601\" src=\"https:\/\/szta.hu\/wp-content\/uploads\/2017\/06\/divatipar_targyalas-300x200.jpg\" alt=\"\" width=\"300\" height=\"200\" \/>Egy olyan kis piacnak sz\u00e1m\u00edt\u00f3 orsz\u00e1gban, mint Magyarorsz\u00e1g, a divatipari v\u00e1llalkoz\u00e1soknak meglehet\u0151sen korl\u00e1tozott a lehet\u0151s\u00e9g\u00fck a n\u00f6veked\u00e9sre. A kiugr\u00e1shoz elengedhetetlen a k\u00fclf\u00f6ldi \u2013 jobb esetben a kelet-k\u00f6z\u00e9p-eur\u00f3pai r\u00e9gi\u00f3n k\u00edv\u00fcli \u2013 terjeszked\u00e9s \u00e9s a vil\u00e1g legfontosabb divatesem\u00e9nyein val\u00f3 r\u00e9szv\u00e9tel, ami megval\u00f3s\u00edthatatlan jelent\u0151sebb <a href=\"https:\/\/szta.hu\/blog\/a-magyar-divatmarkak-szamara-a-tokebevonas-az-egyetlen-kiugrasi-lehetoseg\/\" target=\"_blank\" rel=\"noopener\">t\u0151keforr\u00e1s<\/a> n\u00e9lk\u00fcl<\/strong><strong>. A nemzetk\u00f6zi c\u00e9lokat d\u00e9delget\u0151 divatm\u00e1rk\u00e1knak teh\u00e1t \u00e9rdemes felk\u00e9sz\u00fclni\u00fck arra, hogy egy ponton el kell kezdeni\u00fck t\u0151kebefektet\u0151kkel t\u00e1rgyalniuk. <\/strong>  Kor\u00e1bban <a href=\"https:\/\/szta.hu\/blog\/mikor-forduljon-tokebefektetohoz-egy-fiatal-divatmarka\/\" target=\"_blank\" rel=\"noopener\">\u00edrtunk<\/a> arr\u00f3l, hogy a t\u0151keig\u00e9nyt\u0151l \u00e9s a v\u00e1llalkoz\u00e1s \u00e9letszakasz\u00e1t\u00f3l f\u00fcgg\u0151en milyen t\u0151kebefektet\u0151kn\u00e9l \u00e9rdemes kopogtatni, most pedig megn\u00e9zz\u00fck, hogyan \u00e9rdemes felk\u00e9sz\u00fclni egy t\u0151kebefektet\u0151vel val\u00f3 t\u00e1rgyal\u00e1sra.  <strong>Mit kell el\u0151zetesen \u00e1tgondolni?<\/strong>  Mivel a t\u0151kebefektet\u0151 k\u00f6z\u00e9p- \u00e9s hossz\u00fa t\u00e1v\u00fa projektekbe, m\u0171k\u00f6d\u0151 \u00fczleti tervekbe fektet, nem pedig egy-egy term\u00e9kbe, mindenk\u00e9pp tiszt\u00e1ban kell lenni a v\u00e1llalkoz\u00e1s 3-5 \u00e9ves id\u0151t\u00e1v\u00fa c\u00e9ljaival. Azt is \u00e9rdemes \u00e1tgondolni, hogy e c\u00e9lok el\u00e9r\u00e9s\u00e9hez mire van sz\u00fcks\u00e9ge a c\u00e9gnek, milyen \u00e9s mekkora er\u0151forr\u00e1sok hi\u00e1nyoznak a megval\u00f3s\u00edt\u00e1shoz. Fontos k\u00e9rd\u00e9s tov\u00e1bb\u00e1, hogy a v\u00e1llalkoz\u00e1s mit v\u00e1r el a t\u0151kebefektet\u0151t\u0151l, de az is legal\u00e1bb ugyanannyira, hogy mit tud neki \u00edg\u00e9rni.  Amellett, hogy a t\u0151kebefektet\u00e9snek mint finansz\u00edroz\u00e1si forr\u00e1snak sz\u00e1mos k\u00e9zzel foghat\u00f3 el\u0151nye van (nem sz\u00fcks\u00e9ges fedezet, nem kell folyamatosan t\u00f6rleszteni, a tulajdonost\u00e1rs mentork\u00e9nt, szakmai t\u00e1mogat\u00f3k\u00e9nt van jelen), az alap\u00edt\u00f3nak egy\u00fattal fel kell k\u00e9sz\u00fclnie n\u00e9h\u00e1ny komoly, c\u00e9gstrukt\u00far\u00e1t \u00e9rint\u0151 v\u00e1ltoz\u00e1sra is.  A t\u00e1rsas\u00e1g, a brand k\u00f6z\u00f6s tulajdonn\u00e1 v\u00e1lik. A befektet\u0151 mint a befektet\u00e9sb\u0151l szint\u00e9n profitot rem\u00e9l\u0151 tulajdonost\u00e1rs eredm\u00e9nyeket v\u00e1r el, \u00edgy fel kell k\u00e9sz\u00fclni arra, hogy belesz\u00f3lhat a strat\u00e9giai d\u00f6nt\u00e9sekbe. B\u00e1r ez a ritk\u00e1bb eset, de ha hosszabb t\u00e1von sem az \u00fczleti terv szerint alakulnak az eredm\u00e9nyek, a t\u0151kebefektet\u0151 sz\u00fcks\u00e9gk\u00e9ppen ak\u00e1r a c\u00e9gvezet\u00e9sben is kezdem\u00e9nyezhet \u00e1talak\u00edt\u00e1sokat. Emellett pedig a v\u00e1llalkoz\u00e1snak a teljes transzparenci\u00e1t is v\u00e1llalnia kell, teh\u00e1t el kell fogadnia, hogy a t\u0151kebefektet\u0151 rendszeresen figyelemmel k\u00f6veti a t\u00e1rsas\u00e1g gazd\u00e1lkod\u00e1s\u00e1t \u00e9s az operat\u00edv m\u0171k\u00f6d\u00e9st.  Term\u00e9szetesen nagyon sok c\u00e9g ezekkel a k\u00f6vetelm\u00e9nyekkel \u00e9s lehets\u00e9ges k\u00f6vetkezm\u00e9nyekkel teljesen tiszt\u00e1ban van, \u00e9s a hossz\u00fa t\u00e1v\u00fa siker \u00e9rdek\u00e9ben probl\u00e9ma n\u00e9lk\u00fcl elfogadja az \u00faj helyzetet. Aki ezzel nem tud egy\u00fctt \u00e9lni, annak nem a t\u0151kebefektet\u00e9s a megold\u00e1s.  <strong>Mire k\u00edv\u00e1ncsi a t\u0151kebefektet\u0151?<\/strong>  Els\u0151sorban a v\u00e1llalkoz\u00e1s lelk\u00e9t alkot\u00f3 szem\u00e9lyekre, csapatra, m\u00e1sodsorban pedig a c\u00e9lok megval\u00f3s\u00edthat\u00f3s\u00e1g\u00e1ra, \u00e9letk\u00e9pess\u00e9g\u00e9re. Nagyon fontos k\u00e9rd\u00e9s p\u00e9ld\u00e1ul, hogy a divattervez\u0151 mellett van-e olyan v\u00e1llalkoz\u00f3 szellemis\u00e9g\u0171 szem\u00e9ly a csapatban, aki az \u00fczleti, p\u00e9nz\u00fcgyi d\u00f6nt\u00e9sekhez rendelkezik k\u00e9pzetts\u00e9ggel \u00e9s tapasztalattal, vagy egyetlen szem\u00e9ly kez\u00e9ben \u00f6sszpontosul a k\u00e9t feladat. Tal\u00e1n nem szorul magyar\u00e1zatra, hogy el\u0151bbit sokkal jobban szeretik a befektet\u0151k, ugyanis egy szakmai vezet\u0151i csapat k\u00f6nnyebben megbirk\u00f3zik a n\u00f6veked\u00e9s jelentette kih\u00edv\u00e1sokkal \u00e9s feladatn\u00f6veked\u00e9ssel, mint a c\u00e9g egyetlen \u201emindenese\u201d.  A t\u0151kebefektet\u0151 tov\u00e1bb\u00e1 tudni szeretn\u00e9, hogy a tulajdonos val\u00f3di piaci ismeretekkel rendelkezik vagy csak elk\u00e9pzel\u00e9se van a megc\u00e9lzott piacr\u00f3l. Az is elv\u00e1r\u00e1s, hogy a v\u00e1llalkoz\u00f3 el tudja magyar\u00e1zni a c\u00e9lpiac\u00e1nak folyamatait, tiszt\u00e1ban legyen vele, hogy mit mi\u00e9rt tesz vagy tenne, \u00e9s hogyan k\u00fcl\u00f6nb\u00f6zteti meg a brandet a versenyt\u00e1rsakt\u00f3l. Emellett a befektet\u0151 term\u00e9szetesen az eddigi relev\u00e1ns referenci\u00e1kra, piaci tapasztalatokra is r\u00e1k\u00e9rdez, \u00e9s a brand szellemi tulajdon\u00e1nak t\u00e9mak\u00f6re is el\u0151 fog j\u00f6nni.  <strong>Milyen anyagokat k\u00e9r a t\u0151kebefektet\u0151?<\/strong>  A legjobb sales k\u00e9pess\u00e9gekkel rendelkez\u0151 v\u00e1llalkoz\u00f3nak sem fog igent mondani a t\u0151kebefektet\u0151, ha az nem tud megalapozott sz\u00e1m\u00edt\u00e1sokat, becsl\u00e9seket felmutatni. \u00cdgy m\u00e1r az els\u0151 tal\u00e1lkoz\u00f3 el\u0151tt \u00e9rdemes el\u0151k\u00e9sz\u00edteni azokat a dokumentumokat, amelyek al\u00e1t\u00e1masztj\u00e1k, hogy \u00e9rdemes befektetni a v\u00e1llalkoz\u00e1sba. Ezek jellemz\u0151en a k\u00f6vetkez\u0151k: <\/p>\n<ul>\n<li>Egyoldalas bemutatkoz\u00f3 anyag (one pager)<\/li>\n<li>V\u00e1zlatos, majd r\u00e9szletes sz\u00e1mszaki \u00e9s sz\u00f6veges \u00fczleti terv<\/li>\n<li>Marketing- \u00e9s sales strat\u00e9gia<\/li>\n<li>Cselekv\u00e9si terv a k\u00f6vetkez\u0151 1-2 \u00e9vre<\/li>\n<li>Terv a befektetett \u00f6sszeg felhaszn\u00e1l\u00e1s\u00e1r\u00f3l<\/li>\n<\/ul>\n<p> [post_newsletter title=&#8221;Iratkozzon fel h\u00edrlevel\u00fcnkre!&#8221;][\/post_newsletter] <strong>Milyen k\u00e9rd\u00e9sekben kell megegyeznie a v\u00e1llalkoz\u00e1snak a befektet\u0151vel?<\/strong>  V\u00e9g\u00fcl pedig \u00e9rdemes azzal is tiszt\u00e1ban lenni, hogy mely k\u00e9rd\u00e9sekben kell meg\u00e1llapodni a pozit\u00edv befektet\u0151i d\u00f6nt\u00e9s el\u0151tt, azaz milyen optim\u00e1lis \u00e9s minimumk\u00f6vetelm\u00e9nyeket \u00e9rdemes meghat\u00e1rozni a v\u00e1llalkoz\u00e1snak. A felek ugyanis a befektet\u00e9st\u0151l kezdve n\u00e9h\u00e1ny \u00e9vig tulajdonost\u00e1rsakk\u00e1 v\u00e1lnak, akiket k\u00f6z\u00f6s c\u00e9l vez\u00e9rel. Az egy\u00fcttm\u0171k\u00f6d\u00e9s valamennyi pontj\u00e1nak \u00edgy a win-win szitu\u00e1ci\u00f3 el\u00e9r\u00e9s\u00e9re kell t\u00f6rekednie.  A legfontosabb tiszt\u00e1zand\u00f3 k\u00e9rd\u00e9sek k\u00f6z\u00e9 tartozik a befektet\u00e9si folyamat menete \u00e9s id\u0151t\u00e1vja, a megval\u00f3s\u00edtani k\u00edv\u00e1nt \u00fczleti terv tartalma, az egy\u00fcttm\u0171k\u00f6d\u00e9st lez\u00e1r\u00f3 exitstrat\u00e9gia, a menedzsment \u00f6sszet\u00e9tele, a c\u00e9g\u00e9rt\u00e9k, a r\u00e9szesed\u00e9sek, az els\u0151bbs\u00e9gek egyes d\u00f6nt\u00e9si helyzetekben, illetve a szankci\u00f3s jogok. Mivel az egyes k\u00e9rd\u00e9sekben a t\u00e1rgyal\u00e1si kezd\u0151pontok nem biztos, hogy \u00e1tfed\u00e9sben vannak, fel kell k\u00e9sz\u00fclni arra, hogy a t\u00e1rgyal\u00e1si folyamat jellemz\u0151en t\u00f6bb h\u00f3napig is eltart.  Hogy ez a szakasz a lehet\u0151 legr\u00f6videbb id\u0151re reduk\u00e1l\u00f3djon, \u00e9rdemes vil\u00e1gos \u00e9s hat\u00e1rozott c\u00e9lokkal t\u00e1rgyal\u00f3asztalhoz \u00fclni, \u00e9s minden sz\u00fcks\u00e9ges dokumentumot el\u0151re elk\u00e9sz\u00edteni.<\/p>\n","protected":false},"featured_media":7433,"template":"","class_list":["post-15667","blog","type-blog","status-publish","has-post-thumbnail","hentry"],"acf":[],"_links":{"self":[{"href":"https:\/\/szta.hu\/en\/wp-json\/wp\/v2\/blog\/15667","targetHints":{"allow":["GET"]}}],"collection":[{"href":"https:\/\/szta.hu\/en\/wp-json\/wp\/v2\/blog"}],"about":[{"href":"https:\/\/szta.hu\/en\/wp-json\/wp\/v2\/types\/blog"}],"wp:featuredmedia":[{"embeddable":true,"href":"https:\/\/szta.hu\/en\/wp-json\/"}],"wp:attachment":[{"href":"https:\/\/szta.hu\/en\/wp-json\/wp\/v2\/media?parent=15667"}],"curies":[{"name":"wp","href":"https:\/\/api.w.org\/{rel}","templated":true}]}}