{"id":15674,"date":"2017-09-05T00:00:00","date_gmt":"2017-09-05T00:00:00","guid":{"rendered":"http:\/\/www.blog.sztateszt.7digits.net\/az-evtized-eddigi-legnagyobb-erteku-magan-es-kockazati-tokejet-fektettek-be-a-regionkban\/"},"modified":"2017-09-05T00:00:00","modified_gmt":"2017-09-05T00:00:00","slug":"az-evtized-eddigi-legnagyobb-erteku-magan-es-kockazati-tokejet-fektettek-be-a-regionkban","status":"publish","type":"blog","link":"https:\/\/szta.hu\/en\/blog\/az-evtized-eddigi-legnagyobb-erteku-magan-es-kockazati-tokejet-fektettek-be-a-regionkban\/","title":{"rendered":"Az \u00e9vtized eddigi legnagyobb \u00e9rt\u00e9k\u0171 mag\u00e1n- \u00e9s kock\u00e1zati t\u0151k\u00e9j\u00e9t fektett\u00e9k be a r\u00e9gi\u00f3nkban"},"content":{"rendered":"<p><strong><img fetchpriority=\"high\" decoding=\"async\" class=\"alignleft size-medium wp-image-12951\" src=\"https:\/\/szta.hu\/wp-content\/uploads\/2017\/09\/kelet_kozep_europa-300x229.jpg\" alt=\"\" width=\"300\" height=\"229\" \/>Eg\u00e9szen 2009 \u00f3ta nem fektettek be akkora t\u0151ke\u00f6sszeget a k\u00f6z\u00e9p- \u00e9s kelet-eur\u00f3pai r\u00e9gi\u00f3ban, mint tavaly. Az <a href=\"https:\/\/www.investeurope.eu\/news-opinion\/newsroom\/press-releases\/cee-report-2017\/\" target=\"_blank\" rel=\"noopener nofollow\">Invest Europe adatai <\/a><\/strong><strong>szerint 2016-ban a r\u00e9gi\u00f3ban befektetett mag\u00e1n- \u00e9s kock\u00e1zati t\u0151ke \u00f6ssz\u00e9rt\u00e9ke el\u00e9rte az 1,6 milli\u00e1rd eur\u00f3t. Igaz, nyolc \u00e9ve ez a sz\u00e1m m\u00e9g 2,5 milli\u00e1rd eur\u00f3hoz k\u00f6zel\u00edtett, de j\u00f3 h\u00edr, hogy a 2013-as m\u00e9lypont \u00f3ta folyamatos a befektetett t\u0151ke\u00f6sszegek n\u00f6veked\u00e9se. Ugyanakkor az \u00f6sszeg a teljes eur\u00f3pai befektet\u00e9si aktivit\u00e1snak egyel\u0151re csup\u00e1n a h\u00e1rom sz\u00e1zal\u00e9k\u00e1t teszi ki.<\/strong>  <strong>A r\u00e9gi\u00f3 t\u0151keoldalr\u00f3l t\u00e1mogatott v\u00e1llalkoz\u00e1sainak 24 sz\u00e1zal\u00e9ka magyar<\/strong>  A befektetett 1,6 milli\u00e1rd eur\u00f3 45 sz\u00e1zal\u00e9ka Lengyelorsz\u00e1gban, 11 sz\u00e1zal\u00e9ka Csehorsz\u00e1gban, 10 sz\u00e1zal\u00e9ka Litv\u00e1ni\u00e1ban, 9 sz\u00e1zal\u00e9ka Rom\u00e1ni\u00e1ban \u00e9s 6 sz\u00e1zal\u00e9ka (mintegy 89 milli\u00f3 eur\u00f3) Magyarorsz\u00e1gon val\u00f3sult meg. \u00cdgy ez az \u00f6t orsz\u00e1g tette ki a r\u00e9gi\u00f3 \u00f6sszes mag\u00e1nt\u0151ke- \u00e9s kock\u00e1zati t\u0151kebefektet\u00e9seinek 81 sz\u00e1zal\u00e9k\u00e1t, emellett a befektet\u00e9st kap\u00f3 v\u00e1llalatok (\u00f6sszesen 337) k\u00e9tharmada is itt tal\u00e1lhat\u00f3, illetve az exitek 86 sz\u00e1zal\u00e9ka is ezekben az orsz\u00e1gokban t\u00f6rt\u00e9nt.  B\u00e1r a befektetett t\u0151ke \u00e9rt\u00e9k\u00e9t tekintve Magyarorsz\u00e1got n\u00e9gy orsz\u00e1g megel\u0151zi a sorban, a v\u00e1llalkoz\u00e1sok sz\u00e1ma ter\u00e9n m\u00e1r a sokkal el\u0151kel\u0151bb m\u00e1sodik helyen \u00e1ll, amellett, hogy Lengyelorsz\u00e1gban (82) mind\u00f6ssze eggyel t\u00f6bb v\u00e1llalkoz\u00e1s jutott t\u0151keforr\u00e1shoz, mint Magyarorsz\u00e1gon (81). Ez pedig azt is jelenti, hogy a t\u0151k\u00e9vel t\u00e1mogatott c\u00e9gek k\u00f6zel fele lengyel, illetve magyar. A harmadik orsz\u00e1g a rangsorban 32-vel b\u00fcszk\u00e9lkedhet, h\u00fasz t\u00e1mogatott c\u00e9g f\u00f6l\u00e9 pedig csak a h\u00e1rom balti orsz\u00e1g, illetve Szlov\u00e1kia tudott ker\u00fclni.  A r\u00e9gi\u00f3ban befektetett t\u0151ke legnagyobb r\u00e9sze (23 sz\u00e1zal\u00e9k) a fogyaszt\u00f3i szolg\u00e1ltat\u00e1sokkal foglalkoz\u00f3 v\u00e1llalkoz\u00e1sokba ir\u00e1nyult, 22 sz\u00e1zal\u00e9kkal m\u00e1sodik helyen az informatikai \u00e9s elektronikai szektor \u00e1ll. A Magyar Kock\u00e1zati- \u00e9s Mag\u00e1nt\u0151ke Egyes\u00fclet (HVCA) <a href=\"https:\/\/szta.hu\/blog\/2016-volt-az-utolso-ev-amikor-leult-kockazatitoke-piac\/\" target=\"_blank\" rel=\"noopener\">adatai alapj\u00e1n<\/a> Magyarorsz\u00e1gon ehhez k\u00e9pest tavaly az \u00f6sszes t\u0151kebefektet\u00e9s 36 sz\u00e1zal\u00e9ka ir\u00e1nyult az \u00fczleti \u00e9s ipari szolg\u00e1ltat\u00e1sokba, 17 sz\u00e1zal\u00e9kot az informatika \u00e9s elektronika-, m\u00edg 13 sz\u00e1zal\u00e9kot a fogyaszt\u00f3i szolg\u00e1ltat\u00e1sokkal foglalkoz\u00f3 v\u00e1llalkoz\u00e1sokba fektettek be.  A r\u00e9gi\u00f3 t\u0151kebefektet\u00e9seinek t\u00edpus\u00e1t n\u00e9zve a kiv\u00e1s\u00e1rl\u00e1sok domin\u00e1ltak, a 2016-os befektet\u00e9sek k\u00f6zel h\u00e1romnegyede tartozik ebbe a csoportba. Emellett a n\u00f6veked\u00e9si t\u0151ke \u00e9rt\u00e9k\u00e9t tekintve t\u00f6bb mint 18 sz\u00e1zal\u00e9kot tett ki, a k\u00e9s\u0151i f\u00e1zis\u00fa \u00e9s startup befektet\u00e9sek 3 \u00e9s 4 sz\u00e1zal\u00e9kos ar\u00e1ny k\u00f6z\u00f6tt mozogtak. Igaz, az ut\u00f3bbi befektet\u00e9st\u00edpusba a 337 v\u00e1llalkoz\u00e1s k\u00f6zel fele tartozik. Magyarorsz\u00e1gon ezzel szemben \u00e9rt\u00e9k\u00fcket tekintve a n\u00f6veked\u00e9si (57 milli\u00f3 eur\u00f3) \u00e9s a startup (26 milli\u00f3 eur\u00f3) f\u00e1zis\u00fa befektet\u00e9sek domin\u00e1ltak. A 2015-\u00f6s, 95 milli\u00f3 eur\u00f3 \u00e9rt\u00e9k\u0171 kiv\u00e1s\u00e1rl\u00e1sokhoz k\u00e9pest tavaly mind\u00f6ssze 365 ezer eur\u00f3 \u00e9rt\u00e9kben val\u00f3sultak meg ilyen t\u00edpus\u00fa befektet\u00e9sek.  [post_newsletter title=&#8221;Iratkozzon fel h\u00edrlevel\u00fcnkre!&#8221;][\/post_newsletter]  <strong>Rekordsz\u00e1m\u00fa exit a r\u00e9gi\u00f3ban<\/strong>  A kil\u00e9p\u00e9seket tekintve is n\u00f6veked\u00e9st hozott a 2016-os \u00e9v, rekordsz\u00e1m\u00fa, \u00f6sszesen 122 t\u00e1rsas\u00e1g eset\u00e9ben ker\u00fclt sor exitre, vagyis a p\u00e9nz\u00fcgyi befektet\u0151k kisz\u00e1ll\u00e1s\u00e1ra. Ebb\u0151l 26 teljes vagy r\u00e9szleges exit Magyarorsz\u00e1gon val\u00f3sult meg. <a href=\"https:\/\/szta.hu\/blog\/2016-volt-az-utolso-ev-amikor-leult-kockazatitoke-piac\/\" target=\"_blank\" rel=\"noopener\">Ahogy kor\u00e1bban is eml\u00edtett\u00fck<\/a>, ebb\u0151l tizenegy a Sz\u00e9chenyi T\u0151kebefektet\u00e9si Alaphoz kapcsol\u00f3dik. Ezzel Magyarorsz\u00e1g ebben a tekintetben is Lengyelorsz\u00e1got (29 exit) k\u00f6veti, a harmadik helyre pedig Rom\u00e1nia ker\u00fclt 18 kil\u00e9p\u00e9ssel.  M\u00edg 2015-ben a KKE r\u00e9gi\u00f3ban gy\u0171jt\u00f6tt mag\u00e1nt\u0151ke \u00e9rt\u00e9ke alig 418 milli\u00f3 eur\u00f3 volt \u2013 az alapkezel\u0151k nagyobb hangs\u00falyt helyeztek a befektet\u00e9sekre \u00e9s kisz\u00e1ll\u00e1sokra \u2013, addig 2016-ban ez az \u00e9rt\u00e9k 621 milli\u00f3 eur\u00f3t tett ki. Ez 49 sz\u00e1zal\u00e9kos n\u00f6veked\u00e9st jelent, ami \u00f6sszhangban van az \u00f6sszeur\u00f3pai trenddel; ahol 32 sz\u00e1zal\u00e9kkal t\u00f6bb t\u0151kegy\u0171jt\u00e9s volt tavaly, mint 2015-ben. Ez els\u0151sorban annak k\u00f6sz\u00f6nhet\u0151, hogy a nagyobb alapkezel\u0151k visszat\u00e9rtek a piacra.  Zsembery Levente, a HVCA eln\u00f6ke a k\u00f6vetkez\u0151k\u00e9pp <a href=\"https:\/\/insiderblog.hu\/blogzine\/2017\/08\/29\/2016-16-milliard-euro-magan-es-kockazati-toke-a-regioban\/\" target=\"_blank\" rel=\"noopener nofollow\">komment\u00e1lta<\/a> a h\u00edrt: \u201eA tranzakci\u00f3k sz\u00e1m\u00e1t tekintve Magyarorsz\u00e1g Lengyelorsz\u00e1g ut\u00e1n a m\u00e1sodik, azaz tov\u00e1bbra is igaz, hogy idehaza a kisebb \u00e9rt\u00e9k\u0171ek, de nagyobb sz\u00e1moss\u00e1g\u00faak a befektet\u00e9sek, azaz idehaza a venture capital t\u00edpus\u00fa befektet\u00e9sek domin\u00e1lnak szemben pl. a csehek jellemz\u0151en private equity f\u00f3kusz\u00fa piac\u00e1val. \u00c9rdekes az is, hogy m\u00edg a r\u00e9gi\u00f3 eg\u00e9sz\u00e9ben az \u00e1llam mint befektet\u0151 r\u00e9szesed\u00e9se az \u00fajonnan indult alapokban cs\u00f6kkent, idehaza a tavalyi \u00e9vben a HVCA statisztik\u00e1i szerint csak \u00e1llami alapok indultak.\u201d  Az \u00e9v elej\u00e9n <a href=\"https:\/\/szta.hu\/blog\/2016-volt-az-utolso-ev-amikor-leult-kockazatitoke-piac\/\" target=\"_blank\" rel=\"noopener\">ebben a bejegyz\u00e9sben<\/a> foglaltuk \u00f6ssze Magyarorsz\u00e1g kock\u00e1zatit\u0151ke-piac\u00e1nak tavalyi \u00e9v\u00e9r\u0151l k\u00e9sz\u00edtett HVCA-jelent\u00e9s meg\u00e1llap\u00edt\u00e1sait. Az Invest Europe \u00e9s a HVCA jelent\u00e9s\u00e9nek adatai k\u00f6z\u00f6tti elt\u00e9r\u00e9s az adatgy\u0171jt\u00e9s \u00e9s -feldolgoz\u00e1s elt\u00e9r\u0151 m\u00f3dszer\u00e9b\u0151l ered, a trendek azonban megegyeznek. Ahogy \u00edrtuk, a 2017-es, illetve m\u00e9g ink\u00e1bb a 2018-as magyarorsz\u00e1gi adatok m\u00e9g \u00e9rdekesebb\u00e9 v\u00e1lnak, miut\u00e1n <a href=\"https:\/\/szta.hu\/blog\/ezt-lehetoseget-egyetlen-feltorekvo-cegnek-sem-szabad-elszalasztania\/\" target=\"_blank\" rel=\"noopener\">a Sz\u00e9chenyi T\u0151kealap-kezel\u0151 szeptemberben indul\u00f3, imm\u00e1ron h\u00e1rom t\u0151kealapja<\/a> megkezdi a t\u0151kekihelyez\u00e9seket, illetve az \u00fajabban megjelen\u0151, t\u00f6bbek k\u00f6z\u00f6tt uni\u00f3s forr\u00e1sokb\u00f3l is m\u0171k\u00f6d\u0151 t\u0151kealapok elindulnak.<\/p>\n","protected":false},"featured_media":7468,"template":"","class_list":["post-15674","blog","type-blog","status-publish","has-post-thumbnail","hentry"],"acf":[],"_links":{"self":[{"href":"https:\/\/szta.hu\/en\/wp-json\/wp\/v2\/blog\/15674","targetHints":{"allow":["GET"]}}],"collection":[{"href":"https:\/\/szta.hu\/en\/wp-json\/wp\/v2\/blog"}],"about":[{"href":"https:\/\/szta.hu\/en\/wp-json\/wp\/v2\/types\/blog"}],"wp:featuredmedia":[{"embeddable":true,"href":"https:\/\/szta.hu\/en\/wp-json\/"}],"wp:attachment":[{"href":"https:\/\/szta.hu\/en\/wp-json\/wp\/v2\/media?parent=15674"}],"curies":[{"name":"wp","href":"https:\/\/api.w.org\/{rel}","templated":true}]}}