{"id":15693,"date":"2017-12-24T00:00:00","date_gmt":"2017-12-24T00:00:00","guid":{"rendered":"http:\/\/www.blog.sztateszt.7digits.net\/mindenkinek-kellemes-unnepeket-kivan-a-szechenyi-tokealap-kezelo-zrt\/"},"modified":"2017-12-24T00:00:00","modified_gmt":"2017-12-24T00:00:00","slug":"mindenkinek-kellemes-unnepeket-kivan-a-szechenyi-tokealap-kezelo-zrt","status":"publish","type":"blog","link":"https:\/\/szta.hu\/en\/blog\/mindenkinek-kellemes-unnepeket-kivan-a-szechenyi-tokealap-kezelo-zrt\/","title":{"rendered":"MINDENKINEK KELLEMES \u00dcNNEPEKET K\u00cdV\u00c1N A SZ\u00c9CHENYI T\u0150KEALAP-KEZEL\u0150 ZRT.!"},"content":{"rendered":"<p><img fetchpriority=\"high\" decoding=\"async\" class=\"aligncenter wp-image-15881 size-full\" src=\"https:\/\/szta.hu\/wp-content\/uploads\/2017\/12\/SZTA_Karacsony_udvozlet.jpg\" alt=\"SZTA Kar\u00e1csonyi \u00fcdv\u00f6zlet\" width=\"720\" height=\"960\" \/><\/p>","protected":false},"featured_media":7524,"template":"","class_list":["post-15693","blog","type-blog","status-publish","has-post-thumbnail","hentry"],"acf":[],"_links":{"self":[{"href":"https:\/\/szta.hu\/en\/wp-json\/wp\/v2\/blog\/15693","targetHints":{"allow":["GET"]}}],"collection":[{"href":"https:\/\/szta.hu\/en\/wp-json\/wp\/v2\/blog"}],"about":[{"href":"https:\/\/szta.hu\/en\/wp-json\/wp\/v2\/types\/blog"}],"wp:featuredmedia":[{"embeddable":true,"href":"https:\/\/szta.hu\/en\/wp-json\/"}],"wp:attachment":[{"href":"https:\/\/szta.hu\/en\/wp-json\/wp\/v2\/media?parent=15693"}],"curies":[{"name":"wp","href":"https:\/\/api.w.org\/{rel}","templated":true}]}}