{"id":1571,"date":"2016-06-02T09:04:02","date_gmt":"2016-06-02T09:04:02","guid":{"rendered":"http:\/\/www.blog.sztateszt.7digits.net\/blog\/iden-ismet-varja-a-bator-gondolkodokat-europa-jovofesztivalja-a-brain-bar-budapest\/"},"modified":"2016-06-02T09:04:02","modified_gmt":"2016-06-02T09:04:02","slug":"iden-ismet-varja-a-bator-gondolkodokat-europa-jovofesztivalja-a-brain-bar-budapest","status":"publish","type":"blog","link":"https:\/\/szta.hu\/en\/blog\/iden-ismet-varja-a-bator-gondolkodokat-europa-jovofesztivalja-a-brain-bar-budapest\/","title":{"rendered":"Id\u00e9n ism\u00e9t v\u00e1rja a b\u00e1tor gondolkod\u00f3kat Eur\u00f3pa j\u00f6v\u0151fesztiv\u00e1lja, a Brain Bar Budapest"},"content":{"rendered":"<p style=\"text-align: justify;\"><strong><img fetchpriority=\"high\" decoding=\"async\" class=\"alignleft size-medium wp-image-1866\" src=\"https:\/\/szta.hu\/wp-content\/uploads\/2016\/12\/BrainBarBudapest-300x300.jpg\" alt=\"Brain Bar Budapest\" width=\"300\" height=\"300\" \/>A tavalyi sikerre val\u00f3 tekintettel id\u00e9n is megrendezik a <a href=\"https:\/\/brainbarbudapest.hu\/\" target=\"_blank\" rel=\"noopener nofollow\">Brain Bar Budapest<\/a> programsorozatot. A 2016-os Eur\u00f3pa j\u00f6v\u0151fesztiv\u00e1lja mai napt\u00f3l szombatig v\u00e1rja azokat az \u00e9rdekl\u0151d\u0151ket, akik a v\u00e1ros k\u00fcl\u00f6nb\u00f6z\u0151 helysz\u00ednein, sz\u00e1mos megh\u00edvott vend\u00e9g k\u00f6zrem\u0171k\u00f6d\u00e9s\u00e9vel k\u00edv\u00e1nnak a j\u00f6v\u0151nkkel kapcsolatos v\u00edzi\u00f3kr\u00f3l gondolkodni, vit\u00e1zni.<\/strong><\/p>\n<p style=\"text-align: justify;\">A rendezv\u00e9ny k\u00f6zpontj\u00e1nak sz\u00e1m\u00edt\u00f3 Akv\u00e1rium Klubban vil\u00e1gh\u00edr\u0171 v\u00e9lem\u00e9nyvez\u00e9rek \u00e9s szakemberek \u00e9rtekeznek majd olyan t\u00e9m\u00e1kban, mint a technol\u00f3giai innov\u00e1ci\u00f3k hat\u00e1sa a politikai, a t\u00e1rsadalmi \u00e9s a gazdas\u00e1gi \u00e9letre, vagy ak\u00e1r a F\u00f6ld \u00e9s az ember, a robotika \u00e9s a kreativit\u00e1s kapcsolata. A fesztiv\u00e1l vend\u00e9gei k\u00f6z\u00f6tt ott lesz t\u00f6bbek k\u00f6z\u00f6tt Sir Martin Sorrell, a vil\u00e1g legnagyobb marketing holdingj\u00e1nak alap\u00edt\u00f3ja, Chris Hadfield, a Nemzetk\u00f6zi \u0170r\u00e1llom\u00e1s egykori parancsnoka; Santieri Koivisto, a Minecraft for Education oktat\u00e1si eszk\u00f6z megalkot\u00f3ja; Ugron Zsolna, korunk egyik legn\u00e9pszer\u0171bb \u00edr\u00f3ja; Kenyeres Istv\u00e1n, az \u00e9l\u0151 v\u00e1rosokkal foglalkoz\u00f3 Biopolus Int\u00e9zet alap\u00edt\u00f3ja, Feh\u00e9r Gyula, a <a href=\"https:\/\/szta.hu\/ezek-voltak-a-siker-kulcsai-a-vilaghiru-magyar-startupoknal-1-resz\/\" target=\"_blank\" rel=\"noopener\">Ustream<\/a> megalap\u00edt\u00f3ja vagy Margaret Ann Dowling m\u00e9diav\u00e1llalkoz\u00f3, aki a divatipar j\u00f6v\u0151j\u00e9r\u0151l fog besz\u00e9lni.<!--more--><\/p>\n<p style=\"text-align: justify;\">A vend\u00e9gekkel kapcsolatban B\u00f6sz\u00f6rm\u00e9nyi-Nagy Gergely, a Brain Bar Budapest t\u00e1rsalap\u00edt\u00f3ja, \u00e9s a Design Termin\u00e1l vezet\u0151je <a href=\"https:\/\/medium.com\/@brainbarbudapest\/the-brain-behind-brain-bar-q-a-with-gergely-b%C3%B6sz%C3%B6rm%C3%A9nyi-4c1acba7943b#.cxi9px1v6\" target=\"_blank\" rel=\"noopener nofollow\">egy interj\u00faban<\/a> \u00e1rulta el, hogy a megh\u00edv\u00e1sn\u00e1l a legfontosabb szempont nem m\u00e1s, mint a b\u00e1tors\u00e1g. A szervez\u0151k id\u00e9n is olyan embereket kerestek fel, akik nem f\u00e9lnek megosztani gondolataikat, \u00e9s ha kell, b\u00e1tran megv\u00e9dik \u00e1ll\u00e1spontjukat egy ki\u00e9lezett vitahelyzet sor\u00e1n is. Ahogy <a href=\"https:\/\/brainbarbudapest.hu\/agenda.html\" target=\"_blank\" rel=\"noopener nofollow\">a programon<\/a> is l\u00e1tszik, az \u00e9rdekl\u0151d\u0151k a legk\u00fcl\u00f6nf\u00e9l\u00e9bb t\u00e9m\u00e1kban hallgathatnak v\u00e9gig izgalmasnak \u00edg\u00e9rkez\u0151 vit\u00e1kat \u00e9s \u201ecsat\u00e1kat\u201d, t\u00f6bbek k\u00f6z\u00f6tt sz\u00f3 lesz a v\u00e1llalkoz\u00f3k sz\u00fcks\u00e9gess\u00e9g\u00e9r\u0151l, a j\u00f6v\u0151 v\u00e1rosainak ir\u00e1ny\u00edt\u00e1s\u00e1r\u00f3l, a kreativit\u00e1s \u00e9s a robotok k\u00e9rd\u00e9s\u00e9r\u0151l vagy az emberek \u00e9s az ipar\u00e1gak k\u00f6z\u00f6tti falak lebont\u00e1s\u00e1r\u00f3l.<\/p>\n<p align=\"center\"><iframe src=\"https:\/\/www.youtube.com\/embed\/CwmgKVEuaRQ\" width=\"560\" height=\"315\" frameborder=\"0\" allowfullscreen=\"allowfullscreen\"><\/iframe><\/p>\n<p style=\"text-align: justify;\">A rendezv\u00e9nysorozat h\u00e1rom napon kereszt\u00fcl olyan f\u00f3rumot biztos\u00edt az \u00e9rdekl\u0151d\u0151k sz\u00e1m\u00e1ra, ahol a vil\u00e1g k\u00fcl\u00f6nb\u00f6z\u0151 pontjair\u00f3l \u00e9rkez\u0151 int\u00e9zm\u00e9nyek, multinacion\u00e1lis v\u00e1llalatok, vagy ak\u00e1r rohamos temp\u00f3ban felt\u00f6rekv\u0151 startup c\u00e9gek vezet\u0151i besz\u00e9lnek majd tapasztalataikr\u00f3l, fejtik ki v\u00e9lem\u00e9ny\u00fcket az eg\u00e9sz emberis\u00e9get \u00e9rint\u0151 k\u00e9rd\u00e9sekr\u0151l, \u00e9s adnak hasznos tippeket a hallgat\u00f3s\u00e1g tagjainak.<\/p>\n<p style=\"text-align: justify;\">Ahhoz, hogy valaki \u00e9rdemben jelen lehessen a piacon, \u00e9s folyamatosan er\u0151s\u00edtse versenyk\u00e9pess\u00e9g\u00e9t, folyamatosan nyitottnak kell lenni az \u00faj \u00f6tletekre. \u00dagy gondoljuk, hogy a Brain Bar Budapest programj\u00e1ban minden tud\u00e1sra szomjas egy\u00e9n \u00e9s szervezet meg tudja tal\u00e1lni az \u0151t \u00e9rdekl\u0151 vagy \u00e9rint\u0151 el\u0151ad\u00e1st vagy besz\u00e9lget\u00e9st. Mivel az SZTA kiemelt fontoss\u00e1got tulajdon\u00edt az innov\u00e1ci\u00f3nak, a fejl\u0151d\u00e9si lehet\u0151s\u00e9gek kihaszn\u00e1l\u00e1s\u00e1nak \u00e9s a kreat\u00edv megold\u00e1soknak, ez\u00e9rt csapatunk t\u00f6bb k\u00e9pvisel\u0151je is r\u00e9szt vesz a Brain Bar Budapest legizgalmasabbnak \u00edg\u00e9rkez\u0151 el\u0151ad\u00e1sain \u00e9s vit\u00e1in. Mi azt javasoljuk, hogy aki teheti, vegyen r\u00e9szt egy-k\u00e9t el\u0151ad\u00e1son, ugyanis ritka alkalom, hogy ennyi neves nemzetk\u00f6zi \u00e9s hazai el\u0151ad\u00f3 k\u00e9pviselteti mag\u00e1t a f\u0151v\u00e1rosunkban.<\/p>\n<p>[post_newsletter title=&#8221;Iratkozzon fel h\u00edrlevel\u00fcnkre!&#8221;][\/post_newsletter]<\/p>\n","protected":false},"featured_media":1866,"template":"","class_list":["post-1571","blog","type-blog","status-publish","has-post-thumbnail","hentry"],"acf":[],"_links":{"self":[{"href":"https:\/\/szta.hu\/en\/wp-json\/wp\/v2\/blog\/1571","targetHints":{"allow":["GET"]}}],"collection":[{"href":"https:\/\/szta.hu\/en\/wp-json\/wp\/v2\/blog"}],"about":[{"href":"https:\/\/szta.hu\/en\/wp-json\/wp\/v2\/types\/blog"}],"wp:featuredmedia":[{"embeddable":true,"href":"https:\/\/szta.hu\/en\/wp-json\/"}],"wp:attachment":[{"href":"https:\/\/szta.hu\/en\/wp-json\/wp\/v2\/media?parent=1571"}],"curies":[{"name":"wp","href":"https:\/\/api.w.org\/{rel}","templated":true}]}}