{"id":1578,"date":"2016-06-22T08:05:53","date_gmt":"2016-06-22T08:05:53","guid":{"rendered":"http:\/\/www.blog.sztateszt.7digits.net\/blog\/startupja-innovativ-vallalkozasa-van-ezeket-a-datumokat-jegyezze-fel\/"},"modified":"2016-06-22T08:05:53","modified_gmt":"2016-06-22T08:05:53","slug":"startupja-innovativ-vallalkozasa-van-ezeket-a-datumokat-jegyezze-fel","status":"publish","type":"blog","link":"https:\/\/szta.hu\/en\/blog\/startupja-innovativ-vallalkozasa-van-ezeket-a-datumokat-jegyezze-fel\/","title":{"rendered":"Startupja, innovat\u00edv v\u00e1llalkoz\u00e1sa van? Ezeket a d\u00e1tumokat jegyezze fel!"},"content":{"rendered":"<p style=\"text-align: justify;\"><strong><img fetchpriority=\"high\" decoding=\"async\" class=\"size-medium wp-image-1853 alignleft\" src=\"https:\/\/szta.hu\/wp-content\/uploads\/2016\/12\/2016-06-22-300x200.jpg\" alt=\"network\" width=\"280\" height=\"200\" \/>Budapest egyike az eur\u00f3pai felt\u00f6rekv\u0151 <a href=\"https:\/\/szta.hu\/ha-budapest-startup-fovaros-a-videk-micsoda\/\" target=\"_blank\" rel=\"noopener\">startup-k\u00f6zpontjainak<\/a><\/strong><strong>, az elm\u00falt \u00e9vekben t\u00f6k\u00e9letes rajthely\u00e9\u00fcl szolg\u00e1lt k\u00fcl\u00f6nf\u00e9le ipar\u00e1gak indul\u00f3i v\u00e1llalkoz\u00e1sainak. F\u0151v\u00e1rosunk gyors \u00fctemben v\u00e1lt a friss \u00e9s kreat\u00edv \u00f6tletek otthon\u00e1v\u00e1, ahol versenyek, workshopok \u00e9s egy\u00e9b rendezv\u00e9nyek biztos\u00edtanak fejl\u0151d\u00e9si \u00e9s kiugr\u00e1si lehet\u0151s\u00e9get a startupoknak. Ebben a bejegyz\u00e9sben \u00f6sszegy\u0171jt\u00f6tt\u00fck azokat a szakmai esem\u00e9nyeket, amelyek amellett, hogy hasznos inform\u00e1ci\u00f3kkal szolg\u00e1lhatnak egy startup v\u00e1llalkoz\u00f3nak, ak\u00e1r hossz\u00fa t\u00e1v\u00fa \u00fczleti kapcsolatok ki\u00e9p\u00edt\u00e9s\u00e9re is remek\u00fcl szolg\u00e1lnak.<\/strong><\/p>\n<p style=\"text-align: justify;\">Hogy mennyire gazdag a esem\u00e9nynapt\u00e1r, azt j\u00f3l mutatja, hogy szinte minden h\u00f3napban akad egy-k\u00e9t olyan rendezv\u00e9ny, amely megmozgatja a hazai startup-szf\u00e9r\u00e1t, csak az elm\u00falt p\u00e1r h\u00f3napb\u00f3l t\u00f6bb kiemelked\u0151, nemzetk\u00f6zi szinten is \u00e9rdekl\u0151d\u00e9sre tart\u00f3 esem\u00e9nyt lehet felsorolni.<!--more--><\/p>\n<p style=\"text-align: justify;\">A mobiltechnol\u00f3gi\u00e1t \u00e9s a startupokat f\u00f3kuszba \u00e1ll\u00edt\u00f3, m\u00e1jusi SMART konferencia-sorozat nagy m\u00faltra tekint vissza, amely a kor\u00e1bbiakhoz hasonl\u00f3an id\u00e9n is sz\u00ednvonalas el\u0151ad\u00e1sokkal v\u00e1rta az \u00e9rdekl\u0151d\u0151ket, el\u00e9g csak az el\u0151ad\u00f3k <a href=\"https:\/\/smconf.hu\/Presenters\" target=\"_blank\" rel=\"noopener nofollow\">hossz\u00fa list\u00e1j\u00e1t<\/a>\u00a0vagy a <a href=\"https:\/\/smconf.hu\/#topics\" target=\"_blank\" rel=\"noopener nofollow\">f\u0151bb t\u00e9mak\u00f6r\u00f6ket<\/a>\u00a0megn\u00e9zni.<\/p>\n<p style=\"text-align: justify;\">Az \u00e9v egyik legfontosabb esem\u00e9nye a j\u00faniusban megrendezett <a href=\"https:\/\/szta.hu\/iden-ismet-varja-a-bator-gondolkodokat-europa-jovofesztivalja-a-brain-bar-budapest\/\" target=\"_blank\" rel=\"noopener\"><strong>Brain Bar Budapest<\/strong><\/a>\u00a0volt, amelyet 2015 ut\u00e1n m\u00e1sodszorra szerveztek meg <a href=\"https:\/\/brainbarbudapest.hu\/agenda.html\" target=\"_blank\" rel=\"noopener nofollow\">neves nemzetk\u00f6zi vend\u00e9gek<\/a> r\u00e9szv\u00e9tel\u00e9vel. A h\u00e1romnapos rendezv\u00e9nysorozat keret\u00e9n bel\u00fcl d\u0151lt el a <strong>CEE Lift Off!<\/strong> verseny v\u00e9geredm\u00e9nye, amelyre 23 orsz\u00e1gb\u00f3l 148 jelentkez\u0151 sz\u00e1llt ringbe a 150 ezer eur\u00f3s f\u0151d\u00edj\u00e9rt, amelyet v\u00e9g\u00fcl a BOOKR Kids nyert meg. Szint\u00e9n a Brain Bar Budapesten rendezt\u00e9k meg a n\u0151i v\u00e1llalkoz\u00f3knak lehet\u0151s\u00e9get teremt\u0151 eur\u00f3pai versenyt, a <strong>Women Startup Competition<\/strong>t, amelynek f\u0151d\u00edj\u00e1t ugyancsak a magyar interakt\u00edv digit\u00e1lis mesek\u00f6nyvt\u00e1rt fejleszt\u0151 c\u00e9g hozta el. Az izgalmas megm\u00e9rettet\u00e9seken k\u00edv\u00fcl a r\u00e9sztvev\u0151k vil\u00e1gh\u00edr\u0171 szakemberek el\u0151ad\u00e1sait, vit\u00e1it is meghallgathatt\u00e1k.<\/p>\n<p style=\"text-align: justify;\">Nem ez volt azonban az egyetlen magyar siker a nemzetk\u00f6zi sz\u00ednt\u00e9ren, tavasszal ugyanis a Design Termin\u00e1l inkub\u00e1torprogramj\u00e1ban r\u00e9sztvev\u0151 hazai csapat a Route4U kerekessz\u00e9kesek navig\u00e1ci\u00f3j\u00e1t seg\u00edt\u0151 applik\u00e1ci\u00f3val region\u00e1lis gy\u0151ztesk\u00e9nt k\u00e9pviselte orsz\u00e1gunkat a m\u00e1rciusi <a href=\"https:\/\/vs.hu\/blog\/startup-nation\/magyar-startup-ert-el-nemzetkozi-sikert\" target=\"_blank\" rel=\"noopener nofollow\"><strong>Challenge Cup<\/strong><\/a> vil\u00e1gversenyen. Tov\u00e1bb\u00e1 a n\u00e9gy visegr\u00e1di orsz\u00e1g startup verseny\u00e9t, a V4 <strong>Start-ups &amp; Scale-ups 2016<\/strong>-ot is magyar csapat, a Mosaic Lights \u00e9rint\u00e9s-vez\u00e9relt modul\u00e1ris LED technol\u00f3gi\u00e1t fejleszt\u0151 <a href=\"https:\/\/haga.gov.hu\/a-magyar-mosaiclights-kezdo-vallalkozas-nyerte-el-a-legtobb-dijat-a-v4-startups-scale-ups-konferencian\" target=\"_blank\" rel=\"noopener nofollow\">v\u00e1llalkoz\u00e1s nyerte<\/a>.<\/p>\n<p style=\"text-align: justify;\">A sz\u00e1mos megm\u00e9rettet\u00e9s \u00e9s konferencia ut\u00e1n kor\u00e1ntsem csendesedik el a startup vil\u00e1g az \u00e9v m\u00e1sodik fel\u00e9re, sz\u00e1mos izgalmas rendezv\u00e9ny v\u00e1rja az \u00e9rdekl\u0151d\u0151 v\u00e1llalkoz\u00f3kat. Vegy\u00fck sorra, melyek ezek!<\/p>\n<p style=\"text-align: justify;\">J\u00fanius 24-\u00e9n Berlinben rendezik meg az idei <a href=\"https:\/\/www.eu-startups.com\/eu-startups-conference-2016\/\" target=\"_blank\" rel=\"noopener nofollow\"><strong>EU-Startups Conference<\/strong><\/a>-t. A rendezv\u00e9ny kiv\u00e1l\u00f3 kapcsolat\u00e9p\u00edt\u00e9si alkalom, hiszen mintegy 200 v\u00e1llalkoz\u00f3, startupper, c\u00e9g, \u00fczleti angyal \u00e9s t\u0151kebefektet\u0151 is jelen lesz, illetve a program r\u00e9szek\u00e9nt 15 startup csapat m\u00e9retteti meg saj\u00e1t pitcheit.<\/p>\n<p style=\"text-align: justify;\">Az inspir\u00e1ci\u00f3ra v\u00e1gy\u00f3 v\u00e1llalkoz\u00f3k sz\u00e1m\u00e1ra ide\u00e1lis esem\u00e9ny a k\u00e9thetente, legk\u00f6zelebb j\u00fanius 29-\u00e9re id\u0151z\u00edtett, ingyenes <a href=\"https:\/\/www.eventbrite.com\/e\/620chilinights-the-startup-inspirator-vol-iv-tickets-26114590443?aff=ebrowse\" target=\"_blank\" rel=\"noopener nofollow\"><strong>620ChiliNights<\/strong><\/a>, amelynek keret\u00e9ben a hallgat\u00f3s\u00e1g minden alkalommal k\u00e9t vend\u00e9gel\u0151ad\u00f3val tal\u00e1lkozhat, akik 6-6 percben besz\u00e9lnek v\u00e1llalkoz\u00e1sukr\u00f3l \u00e9s tapasztalataikr\u00f3l, majd 20-20 percben v\u00e1laszolnak az \u00e9rdekl\u0151d\u0151k k\u00e9rd\u00e9seire.<\/p>\n<p style=\"text-align: justify;\">J\u00falius 4-\u00e9n \u00e9s 5-\u00e9n Budapesten ismerhetj\u00fck meg az <a href=\"https:\/\/mosaik.space\/event\/the-atlantic-startup-model\" target=\"_blank\" rel=\"noopener nofollow\"><strong>Atlantic Startup Model<\/strong><\/a>t. A k\u00e9tnapos rendezv\u00e9ny c\u00e9lja, hogy megmutassa k\u00f6z\u00f6ns\u00e9g\u00e9nek, hogyan lehet fizikai \u00e9s kultur\u00e1lis hat\u00e1rokon \u00e1t\u00edvelve sikerre vinni egy v\u00e1llalkoz\u00e1st.<\/p>\n<p style=\"text-align: justify;\">A k\u00f6vetkez\u0151 versenyre sem kell sokat v\u00e1rni, hiszen az <a href=\"https:\/\/www.eitdigital.eu\/challenge\/\" target=\"_blank\" rel=\"noopener nofollow\"><strong>EIT Digital Challenge<\/strong><\/a>-re j\u00falius 15-ig v\u00e1rj\u00e1k a p\u00e1ly\u00e1z\u00f3k munk\u00e1it. A digit\u00e1lis technol\u00f3giai innov\u00e1ci\u00f3kat t\u00e1mogat\u00f3 program 250 ezer eur\u00f3s \u00f6sszd\u00edjaz\u00e1s\u00fa, a nevez\u0151k pedig \u00f6t k\u00fcl\u00f6nb\u00f6z\u0151 ter\u00fcleten vehetik fel egym\u00e1ssal a harcot.<\/p>\n<p style=\"text-align: justify;\">Szint\u00e9n a kreat\u00edv \u00f6tletgazd\u00e1kat, a startup v\u00e1llalkoz\u00f3kat \u00e9s a befektet\u0151ket k\u00edv\u00e1nja \u00f6sszehozni a j\u00falius 21-i <a href=\"https:\/\/www.eventbrite.com\/e\/startups-and-innovators-mobility-opportunity-budapest-2016-tickets-26139030544?aff=ebrowse\" target=\"_blank\" rel=\"noopener nofollow\"><strong>Startups and innovators \u2013 Mobility Opportunity Budapest 2016 <\/strong><\/a>esem\u00e9ny is, amelynek c\u00e9lja, hogy a r\u00e9sztvev\u0151k megmutathass\u00e1k magukat, esetleges befektet\u0151ket szerezzenek maguknak, valamint t\u00e1j\u00e9koz\u00f3djanak ipar\u00e1gukr\u00f3l \u00e9s annak piaci j\u00f6v\u0151j\u00e9r\u0151l.<\/p>\n<p style=\"text-align: justify;\">A startup \u00e9let ezut\u00e1n majd szeptemberben pezsd\u00fcl fel igaz\u00e1n, ekkor egym\u00e1st \u00e9rik majd a programok. A <a href=\"https:\/\/hu.bridgebudapest.org\/\" target=\"_blank\" rel=\"noopener nofollow\"><strong>Bridge Budapest Els\u0151 Milli\u00f3m<\/strong><\/a> kezdem\u00e9nyez\u00e9s\u00e9nek k\u00f6vetkez\u0151 Bridge V\u00e1llalkoz\u00f3i Reggelije \u0151sz elej\u00e9n v\u00e1rhat\u00f3.<\/p>\n<p style=\"text-align: justify;\">A <strong>Design Termin\u00e1l<\/strong> id\u00e9n is elind\u00edtja <strong>mentorprogramj\u00e1t<\/strong>, az \u0151szi indul\u00e1s el\u0151tt augusztus 15-ig v\u00e1rj\u00e1k azokat a jelentkez\u0151ket, akik v\u00e1llalkoz\u00e1sukhoz szeretn\u00e9k inkub\u00e1torok t\u00e1mogat\u00e1s\u00e1t k\u00e9rni. A program siker\u00e9t mutatja, hogy a kor\u00e1bbi r\u00e9sztvev\u0151k k\u00f6z\u00fcl t\u00f6bben is a nemzetk\u00f6zi \u00e9lvonalban bizony\u00edtottak.<\/p>\n<p style=\"text-align: justify;\">A Design Termin\u00e1l egy m\u00e1sik fontos, a designiparban imm\u00e1ron nagy hagyom\u00e1nnyal b\u00edr\u00f3 esem\u00e9nnyel is k\u00e9sz\u00fcl, ugyanis szeptember 23. \u00e9s okt\u00f3ber 2. k\u00f6z\u00f6tt lesz a 2016-os <a href=\"https:\/\/designhet.hu\/\" target=\"_blank\" rel=\"noopener nofollow\"><strong>Design H\u00e9t Budapest<\/strong><\/a>, ahol ism\u00e9t v\u00e1ltozatos programokkal v\u00e1rj\u00e1k az \u00e9rdekl\u0151d\u0151ket. <a href=\"https:\/\/szta.hu\/kreativ-vallalkozasban-gondolkodsz-ez-a-ket-program-neked-szol\/\" target=\"_blank\" rel=\"noopener\">Tavaly<\/a>\u00a0\u00e9s <a href=\"https:\/\/szta.hu\/talalj-befektetot-a-design-heten\/\" target=\"_blank\" rel=\"noopener\">tavalyel\u0151tt<\/a>\u00a0az SZTA t\u00f6bb izgalmas \u00e9s nagy \u00e9rdekl\u0151d\u00e9sre sz\u00e1mot tart\u00f3 programot is szervezett a kreat\u00edvipari v\u00e1llalkoz\u00f3knak.<\/p>\n<p style=\"text-align: justify;\">A startupokat megsz\u00f3l\u00edt\u00f3, de nem kifejezetten szakmai esem\u00e9ny, a <a href=\"https:\/\/techbikers.com\/\" target=\"_blank\" rel=\"noopener nofollow\"><strong>Tech Bikers<\/strong> <\/a>szeptember 15-\u00e9n indul. A j\u00f3t\u00e9konys\u00e1gi megmozdul\u00e1son r\u00e9sztvev\u0151k laptopjukat biciklire cser\u00e9lve indulnak el B\u00e9csb\u0151l Budapest fel\u00e9. A teker\u0151knek p\u00e9nzgy\u0171jt\u00e9s mellett alkalmuk ny\u00edlik kapcsolatok \u00e9p\u00edt\u00e9s\u00e9re \u00e9s kreat\u00edv \u00f6tleteik megoszt\u00e1s\u00e1ra is.<\/p>\n<p style=\"text-align: justify;\">Szeptember 20-\u00e1n pedig a <a href=\"https:\/\/nkfih.gov.hu\/hirek\/hazai-innovacios\/kickoff-startup\" target=\"_blank\" rel=\"noopener nofollow\"><strong>KICkoff Competition 2016<\/strong><\/a> eredm\u00e9nye is eld\u0151l, hiszen a j\u00fanius 27-i budapesti el\u0151d\u00f6nt\u0151 ut\u00e1n a legjobbak a vars\u00f3i d\u00f6nt\u0151n m\u00e9rik \u00f6ssze erej\u00fcket, \u00f6tleteiket.<\/p>\n<p style=\"text-align: justify;\">A programok, rendezv\u00e9nyek \u00e9s versenyek sora folyamatosan b\u0151v\u00fcl, ez\u00e9rt \u00e9rdemes nyitott szemmel j\u00e1rni Budapesten, mind a szakmai partnereket keres\u0151 v\u00e1llalkoz\u00f3knak, mind a befektet\u00e9si c\u00e9lpontokra vad\u00e1sz\u00f3 t\u0151kebefektet\u0151knek.<\/p>\n<p>[post_newsletter title=&#8221;Iratkozzon fel h\u00edrlevel\u00fcnkre!&#8221;][\/post_newsletter]<\/p>\n","protected":false},"featured_media":1853,"template":"","class_list":["post-1578","blog","type-blog","status-publish","has-post-thumbnail","hentry"],"acf":[],"_links":{"self":[{"href":"https:\/\/szta.hu\/en\/wp-json\/wp\/v2\/blog\/1578","targetHints":{"allow":["GET"]}}],"collection":[{"href":"https:\/\/szta.hu\/en\/wp-json\/wp\/v2\/blog"}],"about":[{"href":"https:\/\/szta.hu\/en\/wp-json\/wp\/v2\/types\/blog"}],"wp:featuredmedia":[{"embeddable":true,"href":"https:\/\/szta.hu\/en\/wp-json\/"}],"wp:attachment":[{"href":"https:\/\/szta.hu\/en\/wp-json\/wp\/v2\/media?parent=1578"}],"curies":[{"name":"wp","href":"https:\/\/api.w.org\/{rel}","templated":true}]}}