{"id":1600,"date":"2016-09-06T08:40:15","date_gmt":"2016-09-06T08:40:15","guid":{"rendered":"http:\/\/www.blog.sztateszt.7digits.net\/blog\/a-vallalkozok-es-a-befektetok-legkozelebbi-talalkahelye-investplacc\/"},"modified":"2016-09-06T08:40:15","modified_gmt":"2016-09-06T08:40:15","slug":"a-vallalkozok-es-a-befektetok-legkozelebbi-talalkahelye-investplacc","status":"publish","type":"blog","link":"https:\/\/szta.hu\/en\/blog\/a-vallalkozok-es-a-befektetok-legkozelebbi-talalkahelye-investplacc\/","title":{"rendered":"A v\u00e1llalkoz\u00f3k \u00e9s a befektet\u0151k legk\u00f6zelebbi tal\u00e1lkahelye: InvestPlacc"},"content":{"rendered":"<p style=\"text-align: justify;\"><strong><img decoding=\"async\" class=\"alignleft size-full wp-image-1999\" src=\"https:\/\/szta.hu\/wp-content\/uploads\/2016\/12\/2016-09-06-InvestPlacc.jpg\" alt=\"2016-09-06-investplacc\" width=\"226\" height=\"125\" \/>A szeptember 23. \u00e9s okt\u00f3ber 3. k\u00f6z\u00e9 es\u0151 Design H\u00e9t <a href=\"https:\/\/szta.hu\/3-eros-mondas-a-budapesti-design-heten\/\" target=\"_blank\" rel=\"noopener\">ism\u00e9t<\/a> lehet\u0151s\u00e9get k\u00edn\u00e1l a v\u00e1llalkoz\u00f3knak, hogy m\u00e1r megl\u00e9v\u0151 \u00f6tlet\u00fckh\u00f6z, v\u00e1llalkoz\u00e1suk fejleszt\u00e9s\u00e9hez befektet\u0151t tal\u00e1ljanak, ez\u00fattal az InvestPlacc elnevez\u00e9s\u0171 esem\u00e9nyen. A szeptember 29-i eg\u00e9sz napos rendezv\u00e9nyen az \u00e9rdekl\u0151d\u0151k k\u00fcl\u00f6nb\u00f6z\u0151 el\u0151ad\u00e1sokon t\u00e1j\u00e9koz\u00f3dhatnak az \u00fczleti angyalokr\u00f3l, a kock\u00e1zati t\u0151kebefektet\u0151kr\u0151l, megismerhetik a region\u00e1lis befektet\u0151i piacot, illetve a nap v\u00e9g\u00e9n szem\u00e9lyes konzult\u00e1ci\u00f3n is r\u00e9szt vehetnek, t\u00f6bbek k\u00f6z\u00f6tt az SZTA k\u00e9pvisel\u0151j\u00e9vel is.<\/strong><\/p>\n<p style=\"text-align: justify;\">A Sz\u00e9ph\u00e1rom K\u00f6z\u00f6ss\u00e9gi T\u00e9rben megrendez\u00e9sre ker\u00fcl\u0151 esem\u00e9nyt a HIPAVILON Magyar Szellemi Tulajdon \u00dcgyn\u00f6ks\u00e9g szervezi a Magyar Kock\u00e1zati- \u00e9s Mag\u00e1nt\u0151ke Egyes\u00fclettel\u00a0=(HVCA)\u00a0kar\u00f6ltve, c\u00e9lja pedig, hogy \u00f6sszehozza a v\u00e1llalkoz\u00f3kat \u00e9s a potenci\u00e1lis befektet\u0151ket. A program szeptember 29-\u00e9n reggel, az \u00fcgyn\u00f6ks\u00e9g k\u00e9pvisel\u0151j\u00e9nek bevezet\u0151 gondolataival kezd\u0151dik. Dr. Botos Viktor el\u0151ad\u00e1sa arra a k\u00e9rd\u00e9sre ad v\u00e1laszt, hogy mik\u00e9ppen lehet egy j\u00f3 \u00f6tletet, egy szellemi alkot\u00e1st vonz\u00f3v\u00e1 tenni \u00e9s a megval\u00f3s\u00edt\u00e1s \u00fatj\u00e1ra helyezni.<!--more--><\/p>\n<p style=\"text-align: justify;\">Ezt k\u00f6vet\u0151en az \u00fczleti angyalokat t\u00f6m\u00f6r\u00edt\u0151 szervezet, a Hungarian Business Angel Network (HBAN) is bemutatkozik, ismertetve az \u00fczleti angyalok szerep\u00e9t a kock\u00e1zati t\u0151kebefektet\u00e9sek \u00e1gazat\u00e1ban. A HBAN arra t\u00f6rekszik, hogy k\u00f6z\u00f6s platformot k\u00edn\u00e1ljon a projektjeik megval\u00f3s\u00edt\u00e1s\u00e1n dolgoz\u00f3 v\u00e1llalkoz\u00f3knak \u00e9s a potenci\u00e1lisan befektet\u0151, tapasztalt \u00fczletembereknek. B\u00e1r haz\u00e1nkban eddig nem volt magas az \u00fczleti angyalok \u00e9s az \u00e1ltaluk befektetett (a t\u0151kepiacon jellemz\u0151en alacsonyabb) p\u00e9nz\u00f6sszegek ar\u00e1nya, ez most v\u00e1ltozni l\u00e1tszik. A h\u00e1l\u00f3zat nem kiz\u00e1r\u00f3lag a hazai \u00fczleti szerepl\u0151ket k\u00edv\u00e1nja \u00f6sszehozni, tev\u00e9kenys\u00e9g\u00e9be tartozik a region\u00e1lis befektet\u0151k \u00e9s a magyar v\u00e1llalkoz\u00f3k \u00f6sszekapcsol\u00e1sa is, nyitva ezzel az esetleges nemzetk\u00f6zi n\u00f6veked\u00e9si lehet\u0151s\u00e9gek fel\u00e9 is.<\/p>\n<p style=\"text-align: justify;\">Az InvestPlacc r\u00e9szletesen k\u00f6r\u00fclj\u00e1rja a kock\u00e1zati t\u0151kebefektet\u00e9sr\u0151l sz\u00fcks\u00e9ges tudnival\u00f3kat, a hazai piacon az elm\u00falt k\u00e9t \u00e9v <a href=\"https:\/\/szta.hu\/megszaporodtak-a-sikeres-exitek-a-szechenyi-tokealapnal\/\" target=\"_blank\" rel=\"noopener\">legt\u00f6bb exitj\u00e9t<\/a> produk\u00e1l\u00f3 SZTA k\u00e9pviselet\u00e9ben T\u00f6r\u00f6k J\u00f3zsef \u00fczletfejleszt\u00e9si \u00e9s startup igazgat\u00f3 mutatja be, hogy mi kell a sikeres exit el\u00e9r\u00e9s\u00e9hez \u00e9s hogyan kezelik ezt k\u00f6zel 100 befektet\u00e9s ut\u00e1n. Ezek a k\u00fcl\u00f6nb\u00f6z\u0151 ipar\u00e1gakban megval\u00f3sul\u00f3 projektek <a href=\"https:\/\/szta.hu\/ennek-a-tokeprogramnak-koszonhetoen-a-legtobb-ceg-novelte-arbevetelet\/\" target=\"_blank\" rel=\"noopener\">kit\u0171n\u0151 p\u00e9ldak\u00e9nt szolg\u00e1lnak<\/a> arra, hogy egy gondosan kidolgozott \u00fczleti terv \u00e9s egy, a projektbe meghat\u00e1roz\u00f3 nagys\u00e1g\u00fa t\u0151k\u00e9vel besz\u00e1ll\u00f3 befektet\u0151 milyen sikereket \u00e9rhet el bel\u00e1that\u00f3 id\u0151n bel\u00fcl.<\/p>\n<p>[post_newsletter title=&#8221;Iratkozzon fel h\u00edrlevel\u00fcnkre!&#8221;][\/post_newsletter]<\/p>\n<p style=\"text-align: justify;\">Az InvestPlacc megval\u00f3s\u00edt\u00e1s\u00e1t t\u00e1mogat\u00f3 International Visegrad Fund szakmai programmal is k\u00e9sz\u00fcl. A rendezv\u00e9ny m\u00e1sodik fel\u00e9ben a r\u00e9sztvev\u0151k Szlov\u00e1kia, Csehorsz\u00e1g \u00e9s Lengyelorsz\u00e1g k\u00e9pviselet\u00e9vel egy panelbesz\u00e9lget\u00e9s form\u00e1j\u00e1ban betekint\u00e9st nyerhetnek a region\u00e1lis t\u0151kebefektet\u00e9sekbe is.<\/p>\n<p style=\"text-align: justify;\">Az \u00e9rdekes \u00e9s hasznos el\u0151ad\u00e1sok mellett az InvestPlaccon szem\u00e9lyes konzult\u00e1ci\u00f3ra is lehet\u0151s\u00e9g ny\u00edlik. A programra el\u0151zetesen regisztr\u00e1l\u00f3k bemutathatj\u00e1k projektjeiket, feltehetik k\u00e9rd\u00e9seiket a sokat l\u00e1tott szakembereknek, akik tan\u00e1csokkal \u00e9s hasznos tippekkel l\u00e1tj\u00e1k el \u0151ket. A tal\u00e1lkoz\u00f3kon ak\u00e1r hosszabb t\u00e1v\u00fa egy\u00fcttm\u0171k\u00f6d\u00e9sek is elkezd\u0151dhetnek, a projektgazd\u00e1k \u2013 ahogy arra kor\u00e1bbi, hasonl\u00f3 rendezv\u00e9nyeken is volt p\u00e9lda \u2013 k\u00f6nnyen befektet\u0151re tal\u00e1lhatnak az esem\u00e9nyen.<\/p>\n<p style=\"text-align: justify;\">Az InvestPlaccra szeptember 21-ig lehet jelentkezni az <a href=\"https:\/\/www.eventbrite.com\/e\/investplacc-keress-es-talalj-befektetot-tickets-27188714176\" target=\"_blank\" rel=\"noopener nofollow\">Eventbrite<\/a>-on, ahol a r\u00e9szletes program is el\u00e9rhet\u0151.<\/p>\n","protected":false},"featured_media":1999,"template":"","class_list":["post-1600","blog","type-blog","status-publish","has-post-thumbnail","hentry"],"acf":[],"_links":{"self":[{"href":"https:\/\/szta.hu\/en\/wp-json\/wp\/v2\/blog\/1600","targetHints":{"allow":["GET"]}}],"collection":[{"href":"https:\/\/szta.hu\/en\/wp-json\/wp\/v2\/blog"}],"about":[{"href":"https:\/\/szta.hu\/en\/wp-json\/wp\/v2\/types\/blog"}],"wp:featuredmedia":[{"embeddable":true,"href":"https:\/\/szta.hu\/en\/wp-json\/"}],"wp:attachment":[{"href":"https:\/\/szta.hu\/en\/wp-json\/wp\/v2\/media?parent=1600"}],"curies":[{"name":"wp","href":"https:\/\/api.w.org\/{rel}","templated":true}]}}