{"id":1612,"date":"2016-10-24T08:59:23","date_gmt":"2016-10-24T08:59:23","guid":{"rendered":"http:\/\/www.blog.sztateszt.7digits.net\/blog\/csutortokon-indul-a-kockazati-toke-legfontosabb-oszi-rendezvenye\/"},"modified":"2016-10-24T08:59:23","modified_gmt":"2016-10-24T08:59:23","slug":"csutortokon-indul-a-kockazati-toke-legfontosabb-oszi-rendezvenye","status":"publish","type":"blog","link":"https:\/\/szta.hu\/en\/blog\/csutortokon-indul-a-kockazati-toke-legfontosabb-oszi-rendezvenye\/","title":{"rendered":"Cs\u00fct\u00f6rt\u00f6k\u00f6n indul a kock\u00e1zati t\u0151ke legfontosabb \u0151szi rendezv\u00e9nye"},"content":{"rendered":"<p style=\"text-align: justify;\"><strong><img decoding=\"async\" class=\"alignleft size-medium wp-image-2708\" src=\"https:\/\/szta.hu\/wp-content\/uploads\/2016\/11\/Venture_Capital_Summit1-300x119.jpg\" alt=\"\" width=\"300\" height=\"119\" \/>Nagy \u00e9rdekl\u0151d\u00e9s \u00f6vezi az idei \u0151sz legfontosabb, kock\u00e1zati t\u0151k\u00e9vel foglalkoz\u00f3 szakmai rendezv\u00e9ny\u00e9t, a <a href=\"https:\/\/www.vc.ap.hu\/\" target=\"_blank\" rel=\"noopener nofollow\">Venture Capital Summit<\/a>ot, amelyre okt\u00f3ber 27-\u00e9n ker\u00fcl sor a BMC (Budapest Music Center) rendezv\u00e9nyk\u00f6zpontban. A konferencia fontos tanuls\u00e1gokkal \u00e9s hasznos \u00f6tletekkel szolg\u00e1lhat a startupok, banki, befektet\u00e9si fels\u0151vezet\u0151k, private banking \u00e9s pr\u00e9mium banking vezet\u0151 szakemberei sz\u00e1m\u00e1ra a kock\u00e1zati t\u0151kepiac JEREMIE ut\u00e1ni lehet\u0151s\u00e9gei kapcs\u00e1n.<\/strong><\/p>\n<p style=\"text-align: justify;\">Az \u0151sz els\u0151 fele m\u00e9g a sz\u00fcretel\u00e9s jegy\u00e9ben telik, \u00e1m novembert\u0151l a legfontosabb feladat a felk\u00e9sz\u00fcl\u00e9s az \u00e9vz\u00e1r\u00e1sra \u00e9s a j\u00f6v\u0151 \u00e9vre. Az idei \u00e9vben ez k\u00fcl\u00f6n\u00f6sen igaz a kock\u00e1zatit\u0151ke-piac helyzet\u00e9re n\u00e9zve is: a 130 milli\u00e1rd forintos EU t\u00e1mogat\u00e1s\u00fa JEREMIE-program lez\u00e1rult, a v\u00e1llalkoz\u00e1soknak pedig azonnal \u00faj \u00f6tletekre, forr\u00e1sokra \u00e9s strat\u00e9gi\u00e1kra van sz\u00fcks\u00e9g\u00fck a tov\u00e1bbl\u00e9p\u00e9shez. A k\u00f6zel tucatnyi el\u0151ad\u00e1st \u00e9s h\u00e1rom kerekasztal-besz\u00e9lget\u00e9st k\u00edn\u00e1l\u00f3 Venture Summit Capital 2016-os programja \u00e9ppen az indul\u00f3 \u00e9s befektet\u0151ket keres\u0151 v\u00e1llalkoz\u00e1sok sz\u00e1m\u00e1ra legfontosabb k\u00e9rd\u00e9seket feszegeti.<!--more--><\/p>\n<p style=\"text-align: justify;\">A Corvinus Kock\u00e1zati T\u0151ke-alapkezel\u0151 szerep\u00e9r\u0151l, feladatair\u00f3l \u00e9s jelenlegi kih\u00edv\u00e1sair\u00f3l Kisgergely Korn\u00e9l besz\u00e9l, majd Csuhaj Imre eln\u00f6k\u2013vez\u00e9rigazgat\u00f3 sz\u00e1mol be a legnagyobb hazai portf\u00f3li\u00f3t kezel\u0151 Sz\u00e9chenyi T\u0151kebefektet\u00e9si Alap 100 kock\u00e1zati t\u0151kebefektet\u00e9s tapasztalatair\u00f3l. A diagn\u00f3zis v\u00e9lhet\u0151en m\u00e9lyrehat\u00f3 \u00e9s tanuls\u00e1gos lesz, hiszen a t\u00f6bb sz\u00e1z c\u00e9g\u00e9rt\u00e9kel\u00e9s, \u00e1tvil\u00e1g\u00edt\u00e1s, a tulajdonos \u00fcgyvezet\u0151kkel val\u00f3 egyeztet\u00e9sek r\u00e1mutattak azokra a hi\u00e1nyoss\u00e1gokra, amelyek a magyar c\u00e9gek legt\u00f6bbj\u00e9t jellemzik. Dr. Oszk\u00f3 P\u00e9ter, az Oxo Lab vezet\u0151je el\u0151ad\u00e1s\u00e1ban arra f\u00f3kusz\u00e1l, hogy mik\u00e9nt v\u00e1lhat ism\u00e9t piaci alap\u00fav\u00e1 a hazai finansz\u00edroz\u00e1si \u00f6kosziszt\u00e9ma, hogyan m\u0171k\u00f6dnek a val\u00f3ban piaci alap\u00fa alapok \u00e9s befektet\u0151k, illetve kit\u00e9r a jelenlegi helyzetben a befektet\u0151k \u00e9s a v\u00e1llalkoz\u00f3k sz\u00e1m\u00e1ra k\u00edn\u00e1lkoz\u00f3 lehet\u0151s\u00e9gekre is.<\/p>\n<p style=\"text-align: justify;\">A d\u00e9lel\u0151tti el\u0151ad\u00e1sok k\u00f6z\u00f6tt T\u00f6r\u00f6k J\u00f3zsef, az SZTA \u00fczletfejleszt\u00e9si \u00e9s startup igazgat\u00f3ja ez\u00fattal az Eur\u00f3pai Bizotts\u00e1g melletti munk\u00e1ja kapcs\u00e1n a p\u00e9nz\u00fcgyi eszk\u00f6z\u00f6kkel kapcsolatos lehet\u0151s\u00e9gekr\u0151l besz\u00e9l.<\/p>\n<p>[post_newsletter title=&#8221;Iratkozzon fel h\u00edrlevel\u00fcnkre!&#8221;][\/post_newsletter]<\/p>\n<p style=\"text-align: justify;\">Komoly \u00e9rdekl\u0151d\u00e9s v\u00e1rhat\u00f3 Zsibor\u00e1s Gerg\u0151, a Forbes Magazin munkat\u00e1rs\u00e1nak el\u0151ad\u00e1sa kapcs\u00e1n, ami nem meglep\u0151. Ez a magazin ind\u00edtott 2015 m\u00e1jus\u00e1ban pert az\u00e9rt, hogy megismerhet\u0151 legyenek a JEREMIE-alapkezel\u0151i p\u00e1ly\u00e1zatok nyertes anyagai, majd h\u00edvta fel a figyelmet arra, hogy az egyik kock\u00e1zati alapkezel\u0151 az uni\u00f3s forr\u00e1sokb\u00f3l t\u00f6bb milli\u00e1rd forintnyi p\u00e9nzt utalt ki saj\u00e1t tulajdonosainak \u00e9rdekelts\u00e9g\u00e9be tartoz\u00f3, gazdas\u00e1gi tev\u00e9kenys\u00e9g n\u00e9lk\u00fcl m\u0171k\u00f6d\u0151 c\u00e9gekhez, ahelyett, hogy innovat\u00edv startupokat t\u00e1mogatott volna. Az el\u0151ad\u00e1son v\u00e1rhat\u00f3an \u00fajabb \u00e9rtelmez\u00e9seket, t\u00e9nyeket ismerhetnek meg a konferencia l\u00e1togat\u00f3i.<\/p>\n<p style=\"text-align: justify;\">Eszter Elem\u00e9r, a Portus Buda k\u00e9pviselet\u00e9ben a t\u00e1rsadalmilag hasznos befektet\u00e9sek vil\u00e1g\u00e1ba kalauzolja el a l\u00e1togat\u00f3kat, el\u0151ad\u00e1s\u00e1val azt a k\u00e9rd\u00e9st j\u00e1rja k\u00f6r\u00fcl, hogy adom\u00e1nyk\u00e9nt vagy \u00fczletk\u00e9nt \u00e9rdemes-e gondolnunk a t\u00e1rsadalmi hasznot produk\u00e1l\u00f3 befektet\u00e9seinkre, illetve hogy hogyan \u00e9lhetj\u00fck meg j\u00f3 \u00fczletk\u00e9nt az ilyen jelleg\u0171 befektet\u00e9seinket.<\/p>\n<p style=\"text-align: justify;\">A nap folyam\u00e1n h\u00e1rom kerekasztal-besz\u00e9lget\u00e9sre ker\u00fcl sor, amelyeken neves hazai szakemberek, k\u00f6zt\u00fck Balogh P\u00e9ter (NNG), Vinnai Bal\u00e1zs (Misys), Erdei S\u00e1ndor (DBH), Karsai Tam\u00e1s (Nemzetgazdas\u00e1gi Miniszt\u00e9rium), Vit\u00e1n G\u00e1bor (Venturio) vitatj\u00e1k meg a JEREMIE-program eredm\u00e9nyeit \u00e9s probl\u00e9m\u00e1it, a \u201eB\u201d roundok k\u00e9ts\u00e9gbeejt\u0151 hi\u00e1ny\u00e1t a hazai t\u0151kepiacon, illetve a nemzetk\u00f6zi t\u0151kebevon\u00e1s kapcs\u00e1n itthon alkalmazhat\u00f3 tapasztalatait.<\/p>\n<p style=\"text-align: justify;\">A cs\u00facskonferencia l\u00e1togat\u00f3i a szakma igazi nagy\u00e1gy\u00fait\u00f3l ismerhetik meg a jelenlegi trendeket, illetve a leghat\u00e9konyabb n\u00f6veked\u00e9si strat\u00e9gi\u00e1kat. S\u0151t az esem\u00e9nynek kimondottan c\u00e9lja az is, hogy lehet\u0151s\u00e9get teremtsen a befektet\u0151k \u00e9s \u00f6tletek, indul\u00f3 c\u00e9gek tal\u00e1lkoz\u00e1s\u00e1ra \u00e9pp\u00fagy, mint a k\u00f6tetlen, szakmai vit\u00e1k lefolytat\u00e1s\u00e1ra az aktu\u00e1lis kih\u00edv\u00e1sok \u00e9s ak\u00e1r k\u00e9nyes k\u00e9rd\u00e9sek kapcs\u00e1n.<\/p>\n<p style=\"text-align: justify;\">A Venture Capital Summitnak 2017. okt\u00f3ber 27-\u00e9n a Budapest Music Center ad otthont. A r\u00e9szletes program \u00e9s tov\u00e1bbi inform\u00e1ci\u00f3k <a href=\"https:\/\/www.vc.ap.hu\/\" target=\"_blank\" rel=\"noopener nofollow\">a rendezv\u00e9ny honlapj\u00e1n<\/a> \u00e9rhet\u0151k el.<\/p>\n<p style=\"text-align: justify;\">Az el\u0151z\u0151 \u00e9vek Venture Capital Summit konferenci\u00e1inak r\u00f6vid besz\u00e1mol\u00f3i az al\u00e1bbi linkeken \u00e9rhet\u0151k el:<\/p>\n<ul>\n<li style=\"text-align: justify;\"><a href=\"https:\/\/szta.hu\/kockazati-toke-nagy-lehetosegeket-lat-a-szakma-a-magyar-piacon\/\" target=\"_blank\" rel=\"noopener\">2015<\/a><\/li>\n<li style=\"text-align: justify;\"><a href=\"https:\/\/szta.hu\/rekordmennyisegu-befektetes-uj-modszerek-bevezetesevel-jar\/\" target=\"_blank\" rel=\"noopener\">2014<\/a><\/li>\n<\/ul>\n","protected":false},"featured_media":2708,"template":"","class_list":["post-1612","blog","type-blog","status-publish","has-post-thumbnail","hentry"],"acf":[],"_links":{"self":[{"href":"https:\/\/szta.hu\/en\/wp-json\/wp\/v2\/blog\/1612","targetHints":{"allow":["GET"]}}],"collection":[{"href":"https:\/\/szta.hu\/en\/wp-json\/wp\/v2\/blog"}],"about":[{"href":"https:\/\/szta.hu\/en\/wp-json\/wp\/v2\/types\/blog"}],"wp:featuredmedia":[{"embeddable":true,"href":"https:\/\/szta.hu\/en\/wp-json\/"}],"wp:attachment":[{"href":"https:\/\/szta.hu\/en\/wp-json\/wp\/v2\/media?parent=1612"}],"curies":[{"name":"wp","href":"https:\/\/api.w.org\/{rel}","templated":true}]}}