{"id":1615,"date":"2016-11-02T09:01:59","date_gmt":"2016-11-02T09:01:59","guid":{"rendered":"http:\/\/www.blog.sztateszt.7digits.net\/blog\/venture-capital-summit-cel-a-200-szta-befektetes\/"},"modified":"2016-11-02T09:01:59","modified_gmt":"2016-11-02T09:01:59","slug":"venture-capital-summit-cel-a-200-szta-befektetes","status":"publish","type":"blog","link":"https:\/\/szta.hu\/en\/blog\/venture-capital-summit-cel-a-200-szta-befektetes\/","title":{"rendered":"Venture Capital Summit: c\u00e9l a 200. SZTA-befektet\u00e9s"},"content":{"rendered":"<p style=\"text-align: justify;\"><strong><img decoding=\"async\" class=\"alignleft size-medium wp-image-2708\" src=\"https:\/\/szta.hu\/wp-content\/uploads\/2016\/11\/Venture_Capital_Summit1-300x119.jpg\" alt=\"\" width=\"300\" height=\"119\" \/>Az idei, okt\u00f3ber 27-\u00e9n megrendezett <a href=\"https:\/\/szta.hu\/csutortokon-indul-a-kockazati-toke-legfontosabb-oszi-rendezvenye\/\" target=\"_blank\" rel=\"noopener\">Venture Capital Summit<\/a> k\u00f6z\u00e9ppontj\u00e1ban pontosan azok a t\u00e9m\u00e1k \u00e9s k\u00e9rd\u00e9sek \u00e1lltak, amelyek a 2016-os hazai kock\u00e1zatit\u0151ke-piacot is meghat\u00e1rozt\u00e1k. Legizgalmasabb k\u00e9rd\u00e9s az \u00e9v k\u00f6zep\u00e9n a t\u0151kekihelyez\u00e9st lez\u00e1r\u00f3 legnagyobb \u00e9s leg\u00e1tfog\u00f3bb hazai t\u0151keprogram, a JEREMIE folytat\u00e1sa, valamint az \u00faj szerepl\u0151k sz\u00ednrel\u00e9p\u00e9se. A Sz\u00e9chenyi T\u0151kealap-kezel\u0151 a folytat\u00e1s mellett eddigi eredm\u00e9ny\u00e9r\u0151l, j\u00f6v\u0151k\u00e9p\u00e9r\u0151l, illetve az \u00fajabb \u00e1llami szerepl\u0151vel kieg\u00e9sz\u00fcl\u0151 piacon v\u00e1rhat\u00f3an elfoglalt hely\u00e9r\u0151l is besz\u00e9lt. Emellett t\u00f6bb hazai priv\u00e1t alapkezel\u0151 is bemutatta saj\u00e1t tev\u00e9kenys\u00e9g\u00e9t, illetve a szakma kr\u00e9mj\u00e9b\u0151l \u00e1ll\u00f3 k\u00f6z\u00f6ns\u00e9g t\u00f6bb \u00e9rdekes szakmai t\u00e9m\u00e1r\u00f3l is meghallgathatott egy-egy kerekasztal-besz\u00e9lget\u00e9st.<\/strong><\/p>\n<p style=\"text-align: justify;\">A magyar kock\u00e1zatit\u0151ke-piac legfontosabb \u00e9vr\u0151l \u00e9vre megrendezett f\u00f3ruma term\u00e9szetesen nem indulhatott m\u00e1sk\u00e9nt, mint a legfontosabb, mindenkit izgat\u00f3 k\u00e9rd\u00e9s megv\u00e1laszol\u00e1s\u00e1val: milyen lesz a piac 2017-t\u0151l? Mely alapkezel\u0151k kapnak forr\u00e1sokat, folytat\u00f3dik-e a JEREMIE-program? Milyen v\u00e1llalkoz\u00e1sok juthatnak t\u0151keforr\u00e1sokhoz? Az esem\u00e9ny ind\u00edt\u00f3 programja a kor\u00e1bban Corvinus Kock\u00e1zati T\u0151kealap-kezel\u0151 n\u00e9ven futott, imm\u00e1ron tev\u00e9kenys\u00e9g\u00e9t Hiventuresk\u00e9nt folytat\u00f3 \u00e1llami alapkezel\u0151 c\u00e9ljait, t\u0151keterm\u00e9keit bemutat\u00f3 el\u0151ad\u00e1s volt. Kider\u00fclt, hogy els\u0151sorban a pre-seed \u00e9s seed, emellett <a href=\"https:\/\/szta.hu\/startup-e-a-fodrasz\/\" target=\"_blank\" rel=\"noopener\">startup<\/a> \u00e9letciklusok finansz\u00edroz\u00e1sa lesz a f\u0151 c\u00e9lja a meg\u00fajult alapkezel\u0151nek.<\/p>\n<p style=\"text-align: justify;\"><strong>Hogyan tov\u00e1bb SZTA?<\/strong><!--more--><\/p>\n<p style=\"text-align: justify;\">Az \u00e1llami t\u0151kepiaci c\u00e9lok azonban nem csup\u00e1n a legkor\u00e1bbi \u00e9letszakaszokat k\u00edv\u00e1nj\u00e1k lefedni, az SZTA kihelyezett csaknem 13 milli\u00e1rd forintja, illetve a JEREMIE-alapok befektet\u00e9si id\u0151szak\u00e1nak lez\u00e1r\u00e1sa ut\u00e1n nagy t\u0151kehi\u00e1ny van a startup \u00e9s n\u00f6veked\u00e9si f\u00e1zis t\u0151kefinansz\u00edroz\u00e1si piac\u00e1n, amit min\u00e9l kor\u00e1bban sz\u00fcks\u00e9ges p\u00f3tolni. B\u00e1r nem volt kiemelt bejelent\u00e9s, az eur\u00f3pai uni\u00f3s p\u00e9nz\u00fcgyi eszk\u00f6z\u00f6kr\u0151l prezent\u00e1l\u00f3 T\u00f6r\u00f6k J\u00f3zsef, az SZTA \u00fczletfejleszt\u00e9si \u00e9s startup igazgat\u00f3ja el\u0151ad\u00e1sa v\u00e9g\u00e9n megeml\u00edtette, hogy folyik a k\u00f6vetkez\u0151 alap el\u0151k\u00e9sz\u00edt\u00e9se.<\/p>\n<p style=\"text-align: justify;\">Csuhaj V. Imre, az SZTA eln\u00f6k\u2013vez\u00e9rigazgat\u00f3ja az Alapkezel\u0151 k\u00f6zel 100 befektet\u00e9si tranzakci\u00f3j\u00e1t \u00e9s tapasztalatait bemutat\u00f3 el\u0151ad\u00e1sa v\u00e9g\u00e9n ett\u0151l konkr\u00e9tabban fogalmazatott: \u201etov\u00e1bb a 200. befektet\u00e9s fel\u00e9\u201d. Egy bizonyos, a VC Summiton bemutatott, illetve <a href=\"https:\/\/szta.hu\/ennek-a-tokeprogramnak-koszonhetoen-a-legtobb-ceg-novelte-arbevetelet\/\" target=\"_blank\" rel=\"noopener\">a blogon is t\u00f6bbsz\u00f6r hangoztatott eredm\u00e9nyek<\/a> alapj\u00e1n az Alapkezel\u0151 t\u00f6meges befektet\u00e9si \u00e9s vagyonkezel\u0151i tapasztalata, hozz\u00e1\u00e9rt\u00e9se, szak\u00e9rt\u0151i csapata, valamint ki\u00e9p\u00edtett kapcsolatrendszere r\u00e9v\u00e9n az egyik legalkalmasabb jel\u00f6lt nemcsak programja folytat\u00e1s\u00e1ra, de \u00fajabb, a magyar kkv-k n\u00f6veked\u00e9s\u00e9t t\u00e1mogat\u00f3 t\u0151keprogramok menedzsel\u00e9s\u00e9re is. Az SZTA vezet\u0151je hangs\u00falyozta, hogy tov\u00e1bbra is a c\u00e9l az egy\u00fcttm\u0171k\u00f6d\u00e9s a piac \u00f6sszes szerepl\u0151j\u00e9vel.<\/p>\n<p style=\"text-align: justify;\"><strong>Mi lesz a JEREMIE-programmal?<\/strong><\/p>\n<p>[post_newsletter title=&#8221;Iratkozzon fel h\u00edrlevel\u00fcnkre!&#8221;][\/post_newsletter]<\/p>\n<p style=\"text-align: justify;\">B\u00e1r a JEREMIE folytat\u00e1s\u00e1r\u00f3l m\u00e9g nem el\u00e9rhet\u0151k konkr\u00e9t adatok, azt valamennyi szerepl\u0151 t\u00e9nyk\u00e9nt kezeli, hogy 2017-ben valamilyen form\u00e1ban \u00fajraindul a program. A rendezv\u00e9nyen el\u0151ad\u00f3 \u00e9s besz\u00e9lget\u0151 JEREMIE-alapok vezet\u0151i egyet\u00e9rtenek abban, hogy a program \u00f6sszess\u00e9g\u00e9ben sikeres volt, de valamennyi alap m\u0171k\u00f6d\u00e9s\u00e9t \u00e9s eredm\u00e9nyeit \u00e9rdemes k\u00fcl\u00f6n kezelni, hiszen voltak sikeresebbek, kev\u00e9sb\u00e9 sikeresek, illetve olyanok, amelyek tev\u00e9kenys\u00e9g\u00e9r\u0151l egyel\u0151re nem sokat tudhatunk. Azt is kiemelt\u00e9k, hogy mivel sz\u00e1mos befektet\u00e9s\u00fck a legut\u00f3bbi k\u00e9t \u00e9vben val\u00f3sult meg, a sikeress\u00e9gr\u0151l \u00e9rdemben csak n\u00e9h\u00e1ny \u00e9v m\u00falva, illetve az alap lez\u00e1r\u00e1s\u00e1t k\u00f6vet\u0151en tudnak majd nyilatkozni. Az \u00fajabb \u00e1llami t\u0151keprogram(ok) megjelen\u00e9s\u00e9t nyitotts\u00e1ggal fogadt\u00e1k, ugyanis az \u00e1llami szerepv\u00e1llal\u00e1s ezen a piacon olyan tov\u00e1bbi partnerlehet\u0151s\u00e9geket biztos\u00edthat, amelyb\u0151l a megc\u00e9lzott kkv-k is sokat tudnak profit\u00e1lni. Az SZTA elm\u00falt 5 \u00e9ve pedig bizony\u00edtotta, hogy \u00e1llami tulajdon\u00fa alapkezel\u0151 is tud piaci m\u0171k\u00f6d\u00e9st \u00e9s d\u00f6nt\u00e9shozatalt biztos\u00edtani, nem egyszer piaci mag\u00e1nbefektet\u0151kkel k\u00f6z\u00f6s \u00fcgyletekben.<\/p>\n<p style=\"text-align: justify;\">A VC Summiton elhangzottak alapj\u00e1n teh\u00e1t nagyon \u00fagy t\u0171nik, hogy 2017-t\u0151l nem csup\u00e1n j\u00f3val nagyobb t\u0151keforr\u00e1s lesz el\u00e9rhet\u0151 a hazai piacon, de a magyar mikro-, kis- \u00e9s k\u00f6z\u00e9pv\u00e1llalkoz\u00e1sok sokkal sz\u00e9lesebb r\u00e9teg\u00e9nek lesz lehet\u0151s\u00e9ge a t\u0151kebevon\u00e1sra \u00e9s b\u0151v\u00fcl\u00e9sre.<\/p>\n","protected":false},"featured_media":2708,"template":"","class_list":["post-1615","blog","type-blog","status-publish","has-post-thumbnail","hentry"],"acf":[],"_links":{"self":[{"href":"https:\/\/szta.hu\/en\/wp-json\/wp\/v2\/blog\/1615","targetHints":{"allow":["GET"]}}],"collection":[{"href":"https:\/\/szta.hu\/en\/wp-json\/wp\/v2\/blog"}],"about":[{"href":"https:\/\/szta.hu\/en\/wp-json\/wp\/v2\/types\/blog"}],"wp:featuredmedia":[{"embeddable":true,"href":"https:\/\/szta.hu\/en\/wp-json\/"}],"wp:attachment":[{"href":"https:\/\/szta.hu\/en\/wp-json\/wp\/v2\/media?parent=1615"}],"curies":[{"name":"wp","href":"https:\/\/api.w.org\/{rel}","templated":true}]}}