{"id":19610,"date":"2013-02-14T14:04:18","date_gmt":"2013-02-14T14:04:18","guid":{"rendered":"http:\/\/www.blog.sztateszt.7digits.net\/blog\/unios-forrasok-a-visszateritendo-tamogatasok-tobbszoros-hasznot-hoznak-a-gazdasagnak\/"},"modified":"2013-02-14T14:04:18","modified_gmt":"2013-02-14T14:04:18","slug":"unios-forrasok-a-visszateritendo-tamogatasok-tobbszoros-hasznot-hoznak-a-gazdasagnak","status":"publish","type":"blog","link":"https:\/\/szta.hu\/en\/blog\/unios-forrasok-a-visszateritendo-tamogatasok-tobbszoros-hasznot-hoznak-a-gazdasagnak\/","title":{"rendered":"Uni\u00f3s forr\u00e1sok: a visszat\u00e9r\u00edtend\u0151 t\u00e1mogat\u00e1sok t\u00f6bbsz\u00f6r\u00f6s hasznot hoznak a gazdas\u00e1gnak"},"content":{"rendered":"<p align=\"justify\"><strong><a href=\"https:\/\/szta.hu\/en\/?attachment_id=285\" rel=\"attachment wp-att-285\"><img fetchpriority=\"high\" decoding=\"async\" class=\"alignleft size-full wp-image-285\" alt=\"Szechenyi_Tokealap-kezelo_Zrt_EU_forrasok\" src=\"https:\/\/szta.hu\/wp-content\/uploads\/2013\/02\/Szechenyi_Tokealap-kezelo_Zrt_EU_forrasok.jpg\" width=\"415\" height=\"280\" \/><\/a>2013 kiemelt \u00e9v lesz a fejleszt\u00e9si t\u00e1mogat\u00e1sok ter\u00e9n. Id\u00e9n d\u0151l el ugyanis az, hogy mennyi uni\u00f3s forr\u00e1s \u00e1ll majd a tagorsz\u00e1gok rendelkez\u00e9s\u00e9re 2014 \u00e9s 2020 k\u00f6z\u00f6tt. A 2007-2013 k\u00f6z\u00f6tti id\u0151szakban gy\u0171jt\u00f6tt tapasztalatok alapj\u00e1n itt az id\u0151, hogy minden orsz\u00e1gban kidolgozz\u00e1k a fejleszt\u00e9si p\u00e9nzek felhaszn\u00e1l\u00e1s\u00e1nak \u00faj kereteit. A magyar korm\u00e1ny deklar\u00e1lta, hogy a fejleszt\u00e9si forr\u00e1sok legal\u00e1bb 60 sz\u00e1zal\u00e9ka a kis- \u00e9s k\u00f6z\u00e9pv\u00e1llalkoz\u00e1sok fejleszt\u00e9s\u00e9t fogja szolg\u00e1lni. A c\u00e9l az, hogy a t\u00e1mogat\u00e1s makroszinten a lehet\u0151 legnagyobb hasznot hajtsa a gazdas\u00e1gnak, mik\u00f6zben \u00e1tl\u00e1that\u00f3 m\u00f3don \u00e9s hat\u00e9konyan seg\u00edtse az \u00edg\u00e9retes hazai v\u00e1llalkoz\u00e1sok n\u00f6veked\u00e9s\u00e9t \u00e9s a munkahelyteremt\u00e9st.<\/strong><\/p>\n<p align=\"justify\">Az EU-csatlakoz\u00e1s \u00f3ta az egyik alapvet\u0151 feladat (ami 2007 \u00e9s 2013 k\u00f6z\u00f6tt is a legnagyobb fejt\u00f6r\u00e9st okozta a tagorsz\u00e1goknak), az a gazdas\u00e1g forr\u00e1sfelsz\u00edv\u00f3 (abszorpci\u00f3s) k\u00e9pess\u00e9g\u00e9nek er\u0151s\u00edt\u00e9se. Term\u00e9szetesen, nincs az a p\u00e9nz, amit ne lehetne \u201ekiosztani\u201d, de hogyan lehet azt biztos\u00edtani, hogy a forr\u00e1sok stabil, eg\u00e9szs\u00e9ges \u00e9s n\u00f6vekv\u0151 m\u00e9rt\u00e9kben bev\u00e9teltermel\u0151 \u00e9s munkahelyteremt\u0151 fejleszt\u00e9sekbe, tev\u00e9kenys\u00e9gekbe \u00e1ramoljanak? Ez az igazi k\u00e9rd\u00e9s, \u00e9s a legnagyobb kih\u00edv\u00e1s \u2013 nemcsak n\u00e1lunk, hanem az EU minden orsz\u00e1g\u00e1ban.<\/p>\n<p align=\"justify\"><!--more-->A fejleszt\u00e9si forr\u00e1sok kioszt\u00e1s\u00e1nak alapk\u00f6vetelm\u00e9nye, hogy a t\u00e1mogat\u00e1sok el\u00e9rj\u00e9k f\u0151 c\u00e9ljukat: a munkahelyteremt\u00e9st, a m\u0171k\u00f6d\u00e9si hat\u00e9konys\u00e1g-n\u00f6vel\u00e9st, a komparat\u00edv el\u0151ny\u00f6k kihaszn\u00e1l\u00e1s\u00e1t, a piaci poz\u00edci\u00f3k er\u0151s\u00edt\u00e9s\u00e9t \u00e9s \u00e9p\u00edt\u00e9s\u00e9t, azaz makroszinten val\u00f3di gazdas\u00e1gi n\u00f6veked\u00e9st eredm\u00e9nyezzenek. Ahol ez a c\u00e9l a v\u00e1llalkoz\u00e1sok oldal\u00e1n, vagy a p\u00e1ly\u00e1zati rendszer saj\u00e1toss\u00e1gaib\u00f3l kifoly\u00f3lag nem teljes\u00fclhet, oda nem lehet fejleszt\u00e9si forr\u00e1sokat pump\u00e1lni. A v\u00e9gletekig leegyszer\u0171s\u00edtve: a forr\u00e1s-juttat\u00e1sok felel\u0151s kezel\u0151i, koordin\u00e1l\u00f3i sz\u00e1m\u00e1ra nincs olyan, hogy \u201ekiosztjuk a p\u00e9nzt, azt\u00e1n megl\u00e1tjuk, mi lesz\u201d. Hasonl\u00f3k\u00e9ppen, a t\u0151ke felel\u0151s felhaszn\u00e1l\u00f3i sz\u00e1m\u00e1ra sem j\u00e1rhat\u00f3 \u00fat az, hogy \u201ebeny\u00fajtjuk az ig\u00e9ny\u00fcnket, azt\u00e1n megl\u00e1tjuk, mi lesz\u201d. A magyar gazdas\u00e1g forr\u00e1sfelsz\u00edv\u00f3 k\u00e9pess\u00e9g\u00e9nek m\u00e9g b\u0151ven van hov\u00e1 fejl\u0151dnie. Ez a f\u0151 oka annak, hogy az el\u0151z\u0151 fejleszt\u00e9si ciklus v\u00e9g\u00e9hez k\u00f6zeledve m\u00e9g mindig sz\u00e1zmilli\u00e1rdok maradtak felhaszn\u00e1latlanul \u2013 ez egy olyan pont, amelyen a j\u00f6v\u0151ben mindenk\u00e9ppen v\u00e1ltoztatni kell.<\/p>\n<p align=\"justify\">Az el\u0151z\u0151 uni\u00f3s fejleszt\u00e9si ciklusok tapasztalatai alapj\u00e1n n\u00f6velni kell a visszat\u00e9r\u00edtend\u0151 t\u00e1mogat\u00e1sok ar\u00e1ny\u00e1t \u00e9s biztos\u00edtani kell azt, hogy a v\u00e1llalkoz\u00e1sok val\u00f3ban hat\u00e9kony \u00e9s j\u00f6vedelemtermel\u0151 beruh\u00e1z\u00e1sokra ford\u00edts\u00e1k mind a saj\u00e1t, mind a k\u00fcls\u0151 forr\u00e1st. A forr\u00e1seloszt\u00e1s akkor fog megfelel\u0151en m\u0171k\u00f6dni, illetve a magyar gazdas\u00e1g akkor tudja a lehet\u0151 legt\u00f6bb uni\u00f3s forr\u00e1st felsz\u00edvni, ha a hazai v\u00e1llalkoz\u00e1sok akt\u00edvan keresik \u00e9s folyamatosan vizsg\u00e1lj\u00e1k a piacb\u0151v\u00edt\u00e9si lehet\u0151s\u00e9geket. Ebbe beletartozhat a diverzifik\u00e1ci\u00f3, azaz a term\u00e9k-, vagy szolg\u00e1ltat\u00e1si paletta b\u0151v\u00edt\u00e9se, vagy \u00e9ppen a megl\u00e9v\u0151 szolg\u00e1ltat\u00e1sok ir\u00e1nti ig\u00e9nyek alapj\u00e1n egy-egy \u00faj felvev\u0151piac megszerz\u00e9se. Az \u00fczleti \u00f6tletekb\u0151l a piackutat\u00e1sok \u00e9s kalkul\u00e1ci\u00f3k sor\u00e1n \u00e1tgondolt, p\u00e9nz\u00fcgyi \u00e9rtelemben konzervat\u00edv \u00fczleti tervek kell, hogy sz\u00fclessenek, melyek felt\u00e1rj\u00e1k a n\u00f6veked\u00e9si potenci\u00e1lt, el\u0151re vet\u00edtve a munkahelyteremt\u0151 (\u00e9s megtart\u00f3) k\u00e9pess\u00e9get. Ez a tev\u00e9kenys\u00e9g a v\u00e1llalkoz\u00e1sokt\u00f3l komoly motiv\u00e1ci\u00f3t \u00e9s folyamatos aktivit\u00e1st k\u00f6vetel meg, \u00e9s minden dolgoz\u00f3juk elk\u00f6telezetts\u00e9g\u00e9re \u00e9p\u00edt. A megfelel\u0151 \u00f6szt\u00f6nz\u0151k m\u0171k\u00f6d\u00e9si, illetve marketinges, \u00fczletszerz\u00e9si, kapcsolat\u00e9p\u00edt\u0151i munk\u00e1ba \u00e9p\u00edt\u00e9s\u00e9vel ebb\u0151l m\u00e1r \u00f6nmag\u00e1ban is komoly haszon sz\u00e1rmazhat \u2013 a mindennapokban ebben a szellemben m\u0171k\u00f6d\u0151 v\u00e1llalkoz\u00e1sok pedig jelent\u0151sen n\u00f6velik es\u00e9lyeiket a k\u00fcls\u0151 forr\u00e1sbevon\u00e1sra.<\/p>\n<p align=\"justify\">A visszat\u00e9r\u00edtend\u0151 t\u00e1mogat\u00e1sok n\u00f6vel\u00e9s\u00e9vel megteremthet\u0151ek azok a keretek, amelyek k\u00f6z\u00f6tt ak\u00e1r nagys\u00e1grendekkel n\u00f6vekedhet a v\u00e1llalkoz\u00e1sok felsz\u00edv\u00f3k\u00e9pess\u00e9ge, hiszen a kihelyezett forr\u00e1sok nagyobb ar\u00e1nyban t\u00e9r\u00fclnek meg, a t\u00e1mogat\u00e1si keret pedig ak\u00e1r t\u00f6bbsz\u00f6r\u00f6sen felhaszn\u00e1lhat\u00f3 lesz. \u00cdgy a v\u00e1llalkoz\u00e1sok egyre sz\u00e9lesebb k\u00f6re juthat fejleszt\u00e9si t\u00e1mogat\u00e1shoz, \u00e9s j\u00e1rulhat hozz\u00e1 a makrogazdas\u00e1g n\u00f6veked\u00e9s\u00e9nek meger\u0151s\u00edt\u00e9s\u00e9hez.<\/p>","protected":false},"featured_media":0,"template":"","class_list":["post-19610","blog","type-blog","status-publish","hentry"],"acf":[],"_links":{"self":[{"href":"https:\/\/szta.hu\/en\/wp-json\/wp\/v2\/blog\/19610","targetHints":{"allow":["GET"]}}],"collection":[{"href":"https:\/\/szta.hu\/en\/wp-json\/wp\/v2\/blog"}],"about":[{"href":"https:\/\/szta.hu\/en\/wp-json\/wp\/v2\/types\/blog"}],"wp:attachment":[{"href":"https:\/\/szta.hu\/en\/wp-json\/wp\/v2\/media?parent=19610"}],"curies":[{"name":"wp","href":"https:\/\/api.w.org\/{rel}","templated":true}]}}