{"id":19635,"date":"2013-06-04T07:43:35","date_gmt":"2013-06-04T07:43:35","guid":{"rendered":"http:\/\/www.blog.sztateszt.7digits.net\/blog\/versenyelony-a-hazai-beszallitonal\/"},"modified":"2013-06-04T07:43:35","modified_gmt":"2013-06-04T07:43:35","slug":"versenyelony-a-hazai-beszallitonal","status":"publish","type":"blog","link":"https:\/\/szta.hu\/en\/blog\/versenyelony-a-hazai-beszallitonal\/","title":{"rendered":"Versenyel\u0151ny a hazai besz\u00e1ll\u00edt\u00f3n\u00e1l"},"content":{"rendered":"<p align=\"justify\"><strong><br \/>\n<img decoding=\"async\" class=\"alignleft size-medium wp-image-4011\" src=\"https:\/\/szta.hu\/wp-content\/uploads\/2013\/06\/2013-06-04-300x101.jpg\" alt=\"Matro Kft.\" width=\"300\" height=\"101\" \/>A soksz\u00edn\u0171, sikeres alkatr\u00e9szgy\u00e1rt\u00f3t, a Matro Kft-t speci\u00e1lis tud\u00e1sa \u00e9s t\u00f6bb mint h\u00fasz\u00e9ves tapasztalata az ac\u00e9lmegmunk\u00e1l\u00e1sban komoly t\u00e9nyez\u0151v\u00e9 tette a dinamikusan fejl\u0151d\u0151 hazai j\u00e1rm\u0171gy\u00e1rt\u00e1sban, de sz\u00e1mos m\u00e1s gy\u00e1rt\u00e1si tev\u00e9kenys\u00e9ghez is hozz\u00e1j\u00e1rul term\u00e9keivel. Komoly versenyel\u0151nyeit j\u00f3l haszn\u00e1lja ki: a nemzetk\u00f6zi szinten versenyk\u00e9pes termel\u00e9st, a rugalmass\u00e1got \u00e9s sz\u00ednvonalas g\u00e9pparkj\u00e1t nemcsak multic\u00e9gek stabil besz\u00e1ll\u00edt\u00f3jak\u00e9nt kamatoztatja: min\u0151s\u00e9gi kis- \u00e9s k\u00f6zepes m\u00e9ret\u0171 sorozataival saj\u00e1t szeletet v\u00e1gott mag\u00e1nak a piacb\u00f3l.<\/strong><\/p>\n<p align=\"justify\">A c\u00e9g sz\u00e1m\u00e1ra mindig fontos volt a kiegyens\u00falyozott megrendel\u0151i k\u00f6r kialak\u00edt\u00e1sa, \u00e9s ebben is sikert \u00e9rt el: annak ellen\u00e9re, hogy nemzetk\u00f6zi v\u00e1llalat\u00f3ri\u00e1soknak is sz\u00e1ll\u00edt, fennmarad\u00e1sa nem f\u00fcgg egyetlen strat\u00e9giai partner\u00e9t\u0151l sem. Mindez kiv\u00e9teles alkalmazkod\u00f3k\u00e9pess\u00e9get \u00e9s a piac \u00e1ltal rendre al\u00e1t\u00e1masztott \u00fczleti modellt felt\u00e9telez, mely a Sz\u00e9chenyi T\u0151kealap \u00f6sszesen 60 milli\u00f3s t\u0151kebefektet\u00e9s\u00e9nek k\u00f6sz\u00f6nhet\u0151en, \u00e1rbev\u00e9tel-n\u00f6vel\u0151 beruh\u00e1z\u00e1sokkal \u00e9s a forg\u00f3eszk\u00f6z-ig\u00e9ny finansz\u00edroz\u00e1s\u00e1val a j\u00f6v\u0151ben m\u00e9g sikeresebb\u00e9 tehet\u0151.<\/p>\n<p align=\"justify\"><!--more-->A Matro Kft. 1991-ben alakult, f\u0151 tev\u00e9kenys\u00e9ge alap\u00edt\u00e1sa \u00f3ta f\u00e9mmegmunk\u00e1l\u00e1s, ac\u00e9lalapanyagokb\u00f3l eszterg\u00e1lt \u00e9s mart alkatr\u00e9szeket gy\u00e1rt: szersz\u00e1mg\u00e9peket, valamint haszong\u00e9pj\u00e1rm\u0171vek \u00e9s szem\u00e9lyg\u00e9pj\u00e1rm\u0171vek alkatr\u00e9szeit. B\u00e1r a v\u00e1ls\u00e1g 2009-ben komolyan megnyirb\u00e1lta bev\u00e9teleit, ezen m\u00e1r 2010-ben k\u00e9pes volt ford\u00edtani; alkalmazotti l\u00e9tsz\u00e1m\u00e1t pedig a 2010-es 76 f\u0151r\u0151l 2011-ben 112 f\u0151re n\u00f6velte. Tev\u00e9kenys\u00e9ge sor\u00e1n h\u00e1rom j\u00f3l elk\u00fcl\u00f6n\u00fcl\u0151 term\u00e9kcsoportra koncentr\u00e1l, \u00e9s h\u00e1rom elt\u00e9r\u0151 vev\u0151k\u00f6rt c\u00e9loz meg: haszonj\u00e1rm\u0171vek, g\u00e9pj\u00e1rm\u0171vek alkatr\u00e9szeivel, valamint szersz\u00e1mg\u00e9pgy\u00e1rt\u00e1ssal.<\/p>\n<p align=\"justify\">A Matro els\u0151 jelent\u0151s sikereit a haszonj\u00e1rm\u0171vek ter\u00fclet\u00e9n, t\u00falnyom\u00f3 r\u00e9szt teheraut\u00f3k f\u00e9krendszereihez gy\u00e1rt alkatr\u00e9szek gy\u00e1rt\u00e1s\u00e1val \u00e9rte el. Ezek a term\u00e9kek szinte teljes eg\u00e9sz\u00e9ben a Knorr Bremse AG megrendel\u00e9s\u00e9re k\u00e9sz\u00fclnek \u00e9s eur\u00f3pai teheraut\u00f3k f\u00e9krendszereibe, Mercedes, Man, Scania teherg\u00e9pj\u00e1rm\u0171vekbe, valamint vas\u00fati j\u00e1rm\u0171vekbe \u00e9p\u00fclnek be. A T\u00e1rsas\u00e1g a Knorr Bremse n\u00e9gy gy\u00e1r\u00e1ba sz\u00e1ll\u00edt alkatr\u00e9szeket, a budapesti, a kecskem\u00e9ti, az n\u00e9met aldersbachi \u00e9s az olasz arcorei gy\u00e1regys\u00e9gekbe. A t\u00e1rsas\u00e1g m\u00e1sik jelent\u0151s vev\u0151je az ajkai sz\u00e9khely\u0171 K\u00f3kai Kft., amely aut\u00f3ipari gumialkatr\u00e9szeket gy\u00e1rt haszonj\u00e1rm\u0171vekhez.<\/p>\n<p align=\"justify\">Ezt k\u00f6vet\u0151en, tudatosan \u00e9p\u00edtette fel tov\u00e1bbi partners\u00e9geit, \u00edgy 2011-ben megkezd\u0151d\u00f6tt a sz\u00e1ll\u00edt\u00e1s a Denso sz\u00e9kesfeh\u00e9rv\u00e1ri gy\u00e1ra sz\u00e1m\u00e1ra is, mellyel a T\u00e1rsas\u00e1g bel\u00e9pett a szem\u00e9lyg\u00e9pkocsi alkatr\u00e9szek gy\u00e1rt\u00e1s\u00e1nak piac\u00e1ra. A Matro Kft. a Denso diesel befecskendez\u0151 rendszereihez gy\u00e1rt alkatr\u00e9szeket. A T\u00e1rsas\u00e1g alkatr\u00e9szeivel gy\u00e1rtott r\u00e9szegys\u00e9gek Ford \u00e9s Volkswagen t\u00edpus\u00fa aut\u00f3kba \u00e9p\u00fclnek be. \u00a0Amellett, hogy a Denso-val l\u00e9trej\u00f6tt kapcsolat megteremtette a lehet\u0151s\u00e9get, hogy hogy a Matro a jap\u00e1n c\u00e9g m\u00e1s term\u00e9keinek besz\u00e1ll\u00edt\u00f3j\u00e1v\u00e1 v\u00e1ljon, a \u201ekis\u201d magyar besz\u00e1ll\u00edt\u00f3 a j\u00f6v\u0151ben j\u00f3 es\u00e9llyel p\u00e1ly\u00e1zhat m\u00e1s aut\u00f3alkatr\u00e9sz-gy\u00e1rt\u00f3k megrendel\u00e9seinek megszerz\u00e9s\u00e9re is. Jelenlegi beruh\u00e1z\u00e1si tervei teh\u00e1t els\u0151sorban a c\u00e9gnek ezt az \u00faj fejl\u0151d\u00e9si szakasz\u00e1t k\u00e9sz\u00edtik el\u0151.<\/p>\n<p>[post_newsletter title=&#8221;Iratkozzon fel h\u00edrlevel\u00fcnkre!&#8221;][\/post_newsletter]<\/p>\n<p align=\"justify\">A speci\u00e1lis szaktud\u00e1s nem ritk\u00e1n azt eredm\u00e9nyezi, hogy az \u00e9vtizedes tapasztalat \u00e9s a besz\u00e1ll\u00edt\u00f3i tev\u00e9kenys\u00e9g sor\u00e1n felgy\u00fclemlett tud\u00e1s egyedi fejleszt\u00e9sek vagy megrendel\u00e9sek form\u00e1j\u00e1ban a gy\u00e1rt\u00f3i piac sz\u00e9lesebb k\u00f6z\u00f6ns\u00e9g\u00e9hez is eljut. \u00cdgy t\u00f6rt\u00e9nt ez a Matro eset\u00e9ben is: a c\u00e9g v\u00e9gfelhaszn\u00e1l\u00f3k \u00e9s szersz\u00e1mgy\u00e1rt\u00f3k r\u00e9sz\u00e9re is gy\u00e1rt eszterga \u00e9s mar\u00f3 forg\u00e1csol\u00f3 szersz\u00e1mokat, speci\u00e1lis vev\u0151i ig\u00e9nyek alapj\u00e1n. A szersz\u00e1mokat a Matro m\u00e9rn\u00f6kei CAD\/CAM rendszerrel tervezik meg. Szersz\u00e1mbefog\u00f3 egys\u00e9geket k\u00e9t n\u00e9metorsz\u00e1gi partnerc\u00e9g, az INDEX Werke GmbH \u00e9s Traub Drehmaschinen GmbH megrendel\u00e9s\u00e9re gy\u00e1rtanak, de \u00fcgyfel\u00fck a Festo, valamint az Iscar Hungary Kft. is, mely egy amerikai v\u00e1llalatcsoport tagja. Ezen t\u00fal, a c\u00e9g a Traub Drehmaschinen GmbH \u00e9s a Dr. Johannes Heidenhain GmbH magyarorsz\u00e1gon m\u0171k\u00f6d\u0151 g\u00e9peinek szervizel\u00e9s\u00e9t v\u00e9gzi \u2013 a Matro kapacit\u00e1sait\u00f3l f\u00fcgg\u0151en, az alkatr\u00e9szgy\u00e1rt\u00e1st kieg\u00e9sz\u00edtve ezen a ter\u00fcleten organikus m\u00f3don is lehet tov\u00e1bbi n\u00f6veked\u00e9st el\u00e9rni.<\/p>\n","protected":false},"featured_media":4011,"template":"","class_list":["post-19635","blog","type-blog","status-publish","has-post-thumbnail","hentry"],"acf":[],"_links":{"self":[{"href":"https:\/\/szta.hu\/en\/wp-json\/wp\/v2\/blog\/19635","targetHints":{"allow":["GET"]}}],"collection":[{"href":"https:\/\/szta.hu\/en\/wp-json\/wp\/v2\/blog"}],"about":[{"href":"https:\/\/szta.hu\/en\/wp-json\/wp\/v2\/types\/blog"}],"wp:featuredmedia":[{"embeddable":true,"href":"https:\/\/szta.hu\/en\/wp-json\/"}],"wp:attachment":[{"href":"https:\/\/szta.hu\/en\/wp-json\/wp\/v2\/media?parent=19635"}],"curies":[{"name":"wp","href":"https:\/\/api.w.org\/{rel}","templated":true}]}}