{"id":19637,"date":"2013-06-11T07:37:52","date_gmt":"2013-06-11T07:37:52","guid":{"rendered":"http:\/\/www.blog.sztateszt.7digits.net\/blog\/szabalyozasi-kisokos-hol-nezhetunk-utana-annak-hogy-vallalkozasunk-kaphat-e-toket\/"},"modified":"2013-06-11T07:37:52","modified_gmt":"2013-06-11T07:37:52","slug":"szabalyozasi-kisokos-hol-nezhetunk-utana-annak-hogy-vallalkozasunk-kaphat-e-toket","status":"publish","type":"blog","link":"https:\/\/szta.hu\/en\/blog\/szabalyozasi-kisokos-hol-nezhetunk-utana-annak-hogy-vallalkozasunk-kaphat-e-toket\/","title":{"rendered":"Szab\u00e1lyoz\u00e1si kisokos: hol n\u00e9zhet\u00fcnk ut\u00e1na annak, hogy v\u00e1llalkoz\u00e1sunk kaphat-e t\u0151k\u00e9t?"},"content":{"rendered":"<p align=\"justify\"><strong><a href=\"https:\/\/szta.hu\/en\/?attachment_id=664\" rel=\"attachment wp-att-664\"><img decoding=\"async\" class=\"alignleft size-full wp-image-664\" alt=\"Sz\u00e9chenyi T\u0151kealap - v\u00e1llalkoz\u00e1sfinansz\u00edroz\u00e1s, t\u0151kebevon\u00e1s, jogszab\u00e1lyok\" src=\"https:\/\/szta.hu\/wp-content\/uploads\/2013\/06\/Szechenyi_Tokealap-kezelo_Zrt_tokebevonas_vallalkozasfinanszirozas_jogszabalyok.jpg\" width=\"189\" height=\"246\" \/><\/a>A Sz\u00e9chenyi T\u0151kealap minden egyes befektet\u00e9s\u00e9re vonatkozik egy alapvet\u0151 felt\u00e9telrendszer, amely biztos\u00edtja a rendelkez\u00e9sre \u00e1ll\u00f3 forr\u00e1sok \u00e1ttekinthet\u0151, szab\u00e1lyszer\u0171 felhaszn\u00e1l\u00e1s\u00e1t. Ezek a szab\u00e1lyok minden egyes c\u00e9gre vonatkoznak, \u00e9s ak\u00e1r m\u00e1r azel\u0151tt befoly\u00e1solhatj\u00e1k a befektet\u00e9si d\u00f6nt\u00e9st, hogy \u00fczleti modellr\u0151l, n\u00f6veked\u00e9sr\u0151l, tervekr\u0151l besz\u00e9lgethetn\u00e9nk egy-egy \u00edg\u00e9retes c\u00e9g vezet\u0151ivel.\u00a0<\/strong><\/p>\n<p align=\"justify\">Ha a t\u0151kebefektet\u0151 \u2013 ez esetben a Sz\u00e9chenyi T\u0151kealap \u2013 befektet\u00e9s-el\u0151k\u00e9sz\u00edt\u0151 folyamata elej\u00e9n, vagy ak\u00e1r m\u00e1r azel\u0151tt szeretn\u00e9nk min\u00e9l tiszt\u00e1bban l\u00e1tni azzal kapcsolatban, hogy a v\u00e1llalkoz\u00e1sunk megfelel-e a legalapvet\u0151bb krit\u00e9riumoknak, haszn\u00e1ljuk bizalommal ezt a list\u00e1t. Tudjuk, hogy t\u00f6rv\u00e9nyeket b\u00f6ng\u00e9szni nem mindenki sz\u00e1m\u00e1ra sz\u00f3rakoztat\u00f3 elfoglalts\u00e1g, de ha erre m\u00e1r k\u00e9szen \u00e1llunk, bosszant\u00f3 lehet, ha m\u00e9g kutatnunk is kell ut\u00e1nuk. Ezt a l\u00e9p\u00e9st igyeksz\u00fcnk most megk\u00f6nny\u00edteni azzal, hogy a vonatkoz\u00f3 jogszab\u00e1lyokat \u00f6sszegy\u0171jtj\u00fck \u00e9s k\u00f6zreadjuk.<\/p>\n<p><!--more--><\/p>\n<p align=\"justify\"><strong>Honnan tudhatjuk, hogy v\u00e1llalkoz\u00e1sunk megfelel-e az alapfelt\u00e9teleknek, \u00e9s hol n\u00e9zhet\u00fcnk ut\u00e1na a szab\u00e1lyoz\u00e1si el\u0151\u00edr\u00e1soknak?<\/strong><\/p>\n<ul>\n<li>\n<p align=\"justify\">A befektet\u00e9s c\u00e9lv\u00e1llalat\u00e1nak Magyarorsz\u00e1gon sz\u00e9khellyel rendelkez\u0151 mikro-, kis- \u00e9s k\u00f6z\u00e9pv\u00e1llalkoz\u00e1snak (a tov\u00e1bbiakban: KKV) kell lennie, amely r\u00e9szv\u00e9nyt\u00e1rsas\u00e1gi vagy korl\u00e1tolt felel\u0151ss\u00e9g\u0171 t\u00e1rsas\u00e1gi form\u00e1ban m\u0171k\u00f6dik.\u00a0<a href=\"https:\/\/eur-lex.europa.eu\/LexUriServ\/LexUriServ.do?uri=OJ:L:2008:214:0003:0047:hu:PDF\" target=\"_blank\" rel=\"noopener nofollow\">Az Eur\u00f3pai Bizotts\u00e1g 800\/2008\/EK rendelet\u00e9nek I. sz\u00e1m\u00fa mell\u00e9klete<\/a><\/p>\n<\/li>\n<li>\n<p align=\"justify\">Az adott KKV-t (illetve jogel\u0151dj\u00e9t) a c\u00e9gjegyz\u00e9ki\/nyilv\u00e1ntart\u00e1si adatok alapj\u00e1n \u2013 a befektet\u00e9si d\u00f6nt\u00e9shez k\u00e9pest \u2013 legal\u00e1bb 2 (kett\u0151) napt\u00e1ri \u00e9ve alap\u00edtott\u00e1k \/vett\u00e9k nyilv\u00e1ntart\u00e1sba. Kiv\u00e9tel ez al\u00f3l az indul\u00f3 v\u00e1llalkoz\u00e1sok sz\u00e1m\u00e1ra ny\u00fajtott t\u00e1mogat\u00e1s, amelyn\u00e9l a v\u00e1llalkoz\u00e1s bejegyz\u00e9s\u00e9re nincsen id\u0151beli korl\u00e1t.<\/p>\n<\/li>\n<li>\n<p align=\"justify\">Nem lehet olyan v\u00e1llalkoz\u00e1s, amely a megel\u0151z\u0151 3 \u00e9vben \u00e1llami t\u0151kejuttat\u00e1sban r\u00e9szes\u00fclt.<\/p>\n<\/li>\n<li>\n<p align=\"justify\">Nem tartozik a Region\u00e1lis Fejleszt\u00e9s Operat\u00edv Programokra meghat\u00e1rozott el\u0151ir\u00e1nyzatok felhaszn\u00e1l\u00e1s\u00e1nak \u00e1llami t\u00e1mogat\u00e1si szempont\u00fa szab\u00e1lyair\u00f3l sz\u00f3l\u00f3 <a href=\"https:\/\/net.jogtar.hu\/jr\/gen\/hjegy_doc.cgi?docid=A1200030.NFM&amp;celpara=#xcelparam\" target=\"_blank\" rel=\"noopener nofollow\">30\/2012. (VI.8.) NFM rendelet<\/a> hat\u00e1lya al\u00e1, mint nem t\u00e1mogathat\u00f3 v\u00e1llalkoz\u00e1s.<\/p>\n<\/li>\n<li>\n<p align=\"justify\">Nem tartozik az <a href=\"https:\/\/eur-lex.europa.eu\/LexUriServ\/LexUriServ.do?uri=OJ:L:2006:379:0005:0010:HU:PDF\" target=\"_blank\" rel=\"noopener nofollow\">1998\/2006\/EK bizotts\u00e1gi rendelet (HL L 379\/5, 2006.12.28.)<\/a> hat\u00e1lya al\u00e1, mint olyan v\u00e1llalkoz\u00e1s, amely nem r\u00e9szes\u00fclhet t\u00e1mogat\u00e1sban.<\/p>\n<\/li>\n<\/ul>\n<p><em>P\u00e9nz\u00fcgyi felt\u00e9telek<\/em><\/p>\n<ul>\n<li>\n<p align=\"justify\">A c\u00e9g nem \u00e1llhat cs\u0151d-, felsz\u00e1mol\u00e1si, v\u00e9gelsz\u00e1mol\u00e1si vagy egy\u00e9b &#8211; a megsz\u00fcntet\u00e9s\u00e9re ir\u00e1nyul\u00f3, jogszab\u00e1lyban meghat\u00e1rozott &#8211; elj\u00e1r\u00e1s alatt.<\/p>\n<\/li>\n<li>\n<p align=\"justify\">A c\u00e9g a befektet\u00e9si d\u00f6nt\u00e9s id\u0151pontj\u00e1ban k\u00f6ztartoz\u00e1smentes ad\u00f3z\u00f3nak min\u0151s\u00fcl.\u00a0Az ad\u00f3z\u00e1s rendj\u00e9r\u0151l sz\u00f3l\u00f3 <a href=\"https:\/\/net.jogtar.hu\/jr\/gen\/hjegy_doc.cgi?docid=A0300092.TV&amp;celpara=178#xcelparam\" target=\"_blank\" rel=\"noopener nofollow\">2003. \u00e9vi XCII. t\u00f6rv\u00e9ny 178. \u00a7 32. pontja<\/a>.<\/p>\n<\/li>\n<\/ul>\n<p><em>\u00c1tl\u00e1that\u00f3s\u00e1g<\/em><\/p>\n<ul>\n<li>\n<p align=\"justify\">A c\u00e9g a k\u00f6zp\u00e9nzekb\u0151l ny\u00fajtott t\u00e1mogat\u00e1sok \u00e1tl\u00e1that\u00f3s\u00e1g\u00e1r\u00f3l sz\u00f3l\u00f3 <a href=\"https:\/\/net.jogtar.hu\/jr\/gen\/hjegy_doc.cgi?docid=A0700181.TV&amp;celpara=6#xcelparam\" target=\"_blank\" rel=\"noopener nofollow\">2007. \u00e9vi CLXXXI. t\u00f6rv\u00e9ny 6. \u00a7-a<\/a> szerint k\u00f6lts\u00e9gvet\u00e9sb\u0151l ny\u00fajtott t\u00e1mogat\u00e1sban r\u00e9szes\u00edthet\u0151.<\/p>\n<\/li>\n<li>\n<p align=\"justify\">A v\u00e1llalkoz\u00e1snak a nemzeti vagyonr\u00f3l sz\u00f3l\u00f3 <a href=\"https:\/\/net.jogtar.hu\/jr\/gen\/hjegy_doc.cgi?docid=A1100196.TV&amp;celpara=3#xcelparam\" target=\"_blank\" rel=\"noopener nofollow\">2011. \u00e9vi CXCVI. t\u00f6rv\u00e9ny 3. \u00a7 (1) bekezd\u00e9se<\/a> szerint\u00a0\u00e1tl\u00e1that\u00f3 szervezetnek kell min\u0151s\u00fclnie.<\/p>\n<\/li>\n<li>\n<p align=\"justify\">A c\u00e9g mag\u00e1r\u00f3l kiz\u00e1r\u00f3lag a val\u00f3s\u00e1gnak megfelel\u0151, helyes adatokat szolg\u00e1ltat. Kiz\u00e1r\u00f3 ok, ha hitelt \u00e9rdeml\u0151en bebizonyosodik, hogy val\u00f3tlan, hamis adatot szolg\u00e1ltatott.<\/p>\n<\/li>\n<li>\n<p align=\"justify\">A v\u00e1llalkoz\u00e1s tev\u00e9kenys\u00e9ge nem \u00e1llhat b\u00fcntet\u0151jogi int\u00e9zked\u00e9sk\u00e9nt korl\u00e1toz\u00e1s alatt.<\/p>\n<\/li>\n<li>\n<p align=\"justify\">Kiz\u00e1r\u00f3 ok, ha az Alapkezel\u0151 vezet\u0151 tiszts\u00e9gvisel\u0151i, fel\u00fcgyel\u0151 bizotts\u00e1gi tagjai, k\u00f6nyvvizsg\u00e1l\u00f3ja, tulajdonosa, illetve a tulajdonos vezet\u0151 tiszts\u00e9gvisel\u0151i, fel\u00fcgyel\u0151 bizotts\u00e1gi tagjai \u00e9s k\u00f6nyvvizsg\u00e1l\u00f3ja, a Finansz\u00edroz\u00f3 Szervezet \u00e9s\/vagy a Region\u00e1lis Fejleszt\u00e9si \u00dcgyn\u00f6ks\u00e9gek vezet\u0151 beoszt\u00e1s\u00fa munkav\u00e1llal\u00f3i, valamint mindezen szem\u00e9lyek k\u00f6zeli hozz\u00e1tartoz\u00f3i k\u00f6zvetlen \u00e9s\/vagy k\u00f6zvetett r\u00e9szesed\u00e9ssel rendelkeznek, illetve a befektet\u00e9si d\u00f6nt\u00e9st megel\u0151z\u0151 2 (k\u00e9t) napt\u00e1ri \u00e9ven bel\u00fcl k\u00f6zvetlen \u00e9s\/vagy k\u00f6zvetett r\u00e9szesed\u00e9ssel rendelkeztek.<\/p>\n<\/li>\n<\/ul>\n<p><em>A c\u00e9g, mint munkaad\u00f3<\/em><\/p>\n<ul>\n<li>\n<p align=\"justify\">Megfelel az <a href=\"https:\/\/net.jogtar.hu\/jr\/gen\/hjegy_doc.cgi?docid=A1100195.TV&amp;celpara=50#xcelparam\" target=\"_blank\" rel=\"noopener nofollow\">\u00c1ht. 50. \u00a7 (19) bekezd\u00e9s a) pontj\u00e1ban<\/a> meghat\u00e1rozott rendezett munka\u00fcgyi kapcsolatok k\u00f6vetelm\u00e9ny\u00e9nek.<\/p>\n<\/li>\n<li>\n<p align=\"justify\">Kiz\u00e1r\u00f3 ok, ha a t\u00e1rsas\u00e1g az alacsony kereset\u0171 munkav\u00e1llal\u00f3k b\u00e9r\u00e9nek emel\u00e9s\u00e9t \u00f6szt\u00f6nz\u0151 egyes t\u00f6rv\u00e9nyek m\u00f3dos\u00edt\u00e1s\u00e1r\u00f3l sz\u00f3l\u00f3 <a href=\"https:\/\/net.jogtar.hu\/jr\/gen\/hjegy_doc.cgi?docid=A1100099.TV&amp;celpara=6#xcelparam\" target=\"_blank\" rel=\"noopener nofollow\">2011. \u00e9vi XCIX. t\u00f6rv\u00e9ny 6. \u00a7-a<\/a> szerinti munk\u00e1ltat\u00f3nak min\u0151s\u00fcl.<\/p>\n<\/li>\n<\/ul>\n<p><em>A c\u00e9g tev\u00e9kenys\u00e9ge<\/em><\/p>\n<ul>\n<li>\n<p align=\"justify\">Rendelkeznie kell a t\u00e1mogatott projekt keret\u00e9ben v\u00e9gzett tev\u00e9kenys\u00e9g folytat\u00e1s\u00e1hoz sz\u00fcks\u00e9ges joger\u0151s enged\u00e9lyekkel.<\/p>\n<\/li>\n<li>\n<p align=\"justify\">Nem lehet olyan v\u00e1llalkoz\u00e1s, amelynek a j\u00f3v\u00e1hagyott, utols\u00f3 \u00e9ves (teljes \u00fczleti \u00e9v) besz\u00e1mol\u00f3 vagy SZJA\/EVA bevall\u00e1s alapj\u00e1n meghat\u00e1rozott nett\u00f3 \u00e1rbev\u00e9tel\u00e9nek vagy bev\u00e9tel\u00e9nek t\u00f6bb mint 50 sz\u00e1zal\u00e9k\u00e1t mez\u0151gazdas\u00e1gi tev\u00e9kenys\u00e9g (<a href=\"https:\/\/www.ksh.hu\/apps\/vb.teaor_main.teaor08_fa\" target=\"_blank\" rel=\"noopener nofollow\">2008-as TE\u00c1OR sz\u00e1m<\/a>: 01.11-03.22,\u00a0<a href=\"https:\/\/www.teaorszamok.hu\/teaor03\/teaor03\/\" target=\"_blank\" rel=\"noopener nofollow\">2003-as TE\u00c1OR sz\u00e1m<\/a>: 01.11-05.02)\u00a0teszi ki.<\/p>\n<\/li>\n<li>\n<p align=\"justify\">Nem lehet olyan v\u00e1llalkoz\u00e1s, amelyn\u00e9l c\u00e9l a kereskedelmi (bele\u00e9rtve saj\u00e1t term\u00e9k kereskedelm\u00e9t is) tev\u00e9kenys\u00e9g c\u00e9lj\u00e1t szolg\u00e1l\u00f3 fejleszt\u00e9s (TE\u00c1OR\u201908 45-47, kiv\u00e9ve TE\u00c1OR 45.20).<\/p>\n<\/li>\n<li>\n<p align=\"justify\">Tev\u00e9kenys\u00e9ge meg kell hogy feleljen a hat\u00e1lyos k\u00f6rnyezetv\u00e9delmi el\u0151\u00edr\u00e1soknak.<\/p>\n<\/li>\n<li>\n<p align=\"justify\">Tev\u00e9kenys\u00e9ge nem lehet nemi, faji vagy etnikai sz\u00e1rmaz\u00e1son, vall\u00e1son, vall\u00e1sos vagy politikai meggy\u0151z\u0151d\u00e9sen, fogyat\u00e9koss\u00e1gon, koron vagy szexu\u00e1lis ir\u00e1nyults\u00e1gon alapul\u00f3 megk\u00fcl\u00f6nb\u00f6ztet\u00e9st tartalmaz\u00f3, vagy k\u00f6z\u00edzl\u00e9st s\u00e9rt\u0151 tev\u00e9kenys\u00e9g.<\/p>\n<\/li>\n<\/ul>\n<p><em>Milyen c\u00e9lokra nem haszn\u00e1lhat\u00f3 fel az Alap \u00e1ltal v\u00e9grehajtott t\u0151keemel\u00e9s?<\/em><\/p>\n<ul>\n<li>\n<p align=\"justify\">megl\u00e9v\u0151 gazdas\u00e1gi t\u00e1rsas\u00e1gban t\u00f6rt\u00e9n\u0151 r\u00e9szesed\u00e9s-v\u00e1s\u00e1rl\u00e1s;<\/p>\n<\/li>\n<li>\n<p align=\"justify\">hitelint\u00e9zettel \u00e9s m\u00e1s \u00fczletszer\u0171 finansz\u00edroz\u00e1ssal foglalkoz\u00f3 int\u00e9zm\u00e9nnyel szemben fenn\u00e1ll\u00f3 k\u00f6telezetts\u00e9g teljes\u00edt\u00e9se, illetve az Orsz\u00e1gos Mikrohitel Alapb\u00f3l foly\u00f3s\u00edtott hitel t\u00f6rleszt\u00e9se;<\/p>\n<\/li>\n<li>\n<p align=\"justify\">kereskedelmi (azaz ingatlan-\u00e9rt\u00e9kes\u00edt\u00e9si) c\u00e9l\u00fa ingatlanfejleszt\u00e9si tev\u00e9kenys\u00e9g finansz\u00edroz\u00e1sa;<\/p>\n<\/li>\n<li>\n<p align=\"justify\">az Eur\u00f3pai Uni\u00f3 m\u0171k\u00f6d\u00e9s\u00e9r\u0151l sz\u00f3l\u00f3 szerz\u0151d\u00e9s <a href=\"https:\/\/eur-lex.europa.eu\/LexUriServ\/LexUriServ.do?uri=OJ:C:2010:083:0329:0334:hu:PDF\" target=\"_blank\" rel=\"noopener nofollow\">1. sz\u00e1m\u00fa mell\u00e9klet\u00e9ben (Annex I.)<\/a> szerepl\u0151 term\u00e9k el\u0151\u00e1ll\u00edt\u00e1s\u00e1nak finansz\u00edroz\u00e1sa.<\/p>\n<\/li>\n<\/ul>\n<p align=\"justify\">Amennyiben v\u00e1llalkoz\u00e1sa ezen felt\u00e9teleknek eleget tesz \u00e9s tulajdonos- illetve t\u0151k\u00e9st\u00e1rsat szeretne bevonni tervezett fejleszt\u00e9seihez, \u00e9rdemes megn\u00e9znie, hogy 50 -60 milli\u00f3 forintig, illetve mintegy 220 milli\u00f3 forintig a <a href=\"https:\/\/szta.hu\/en\/termekeink\/\" target=\"_blank\" rel=\"noopener\">milyen lehet\u0151s\u00e9gei vannak<\/a>.<\/p>\n<p align=\"justify\">A 2013 m\u00e1jus\u00e1ban elind\u00edtott \u00faj, illetve a tov\u00e1bb m\u0171k\u00f6d\u0151 t\u0151kebefektet\u00e9si konstrukci\u00f3kr\u00f3l az Eur\u00f3pai Uni\u00f3 j\u00f3v\u00e1hagy\u00e1s\u00e1t k\u00f6vet\u0151 k\u00e9t bejegyz\u00e9s\u00fcnkben olvashat:<br \/>\n<a href=\"https:\/\/szta.hu\/en\/blog\/az-europai-bizottsag-jovahagyasaval-negyszeresere-bovulhet-az-szta-egyedi-befektetesi-kerete\/\" target=\"_blank\" rel=\"noopener\">Az Eur\u00f3pai Bizotts\u00e1g j\u00f3v\u00e1hagy\u00e1s\u00e1val n\u00e9gyszeres\u00e9re b\u0151v\u00fclhet az SZTA egyedi befektet\u00e9si kerete<\/a><br \/>\n<a href=\"https:\/\/szta.hu\/en\/blog\/egy-helyett-negyfele-befektetesi-lehetoseg-az-szta-nal\/\" target=\"_blank\" rel=\"noopener\">Egy helyett n\u00e9gyf\u00e9le befektet\u00e9si lehet\u0151s\u00e9g az SZTA-n\u00e1l<\/a><\/p>","protected":false},"featured_media":0,"template":"","class_list":["post-19637","blog","type-blog","status-publish","hentry"],"acf":[],"_links":{"self":[{"href":"https:\/\/szta.hu\/en\/wp-json\/wp\/v2\/blog\/19637","targetHints":{"allow":["GET"]}}],"collection":[{"href":"https:\/\/szta.hu\/en\/wp-json\/wp\/v2\/blog"}],"about":[{"href":"https:\/\/szta.hu\/en\/wp-json\/wp\/v2\/types\/blog"}],"wp:attachment":[{"href":"https:\/\/szta.hu\/en\/wp-json\/wp\/v2\/media?parent=19637"}],"curies":[{"name":"wp","href":"https:\/\/api.w.org\/{rel}","templated":true}]}}