{"id":19650,"date":"2013-07-25T07:49:27","date_gmt":"2013-07-25T07:49:27","guid":{"rendered":"http:\/\/www.blog.sztateszt.7digits.net\/blog\/novekedesre-kepes-vallalkozasokat-keres-a-kockazati-toke-a-kozep-dunantulon\/"},"modified":"2013-07-25T07:49:27","modified_gmt":"2013-07-25T07:49:27","slug":"novekedesre-kepes-vallalkozasokat-keres-a-kockazati-toke-a-kozep-dunantulon","status":"publish","type":"blog","link":"https:\/\/szta.hu\/en\/blog\/novekedesre-kepes-vallalkozasokat-keres-a-kockazati-toke-a-kozep-dunantulon\/","title":{"rendered":"N\u00f6veked\u00e9sre k\u00e9pes v\u00e1llalkoz\u00e1sokat keres a kock\u00e1zati t\u0151ke a K\u00f6z\u00e9p-Dun\u00e1nt\u00falon"},"content":{"rendered":"<p align=\"justify\"><b><a href=\"https:\/\/szta.hu\/en\/?attachment_id=812\" rel=\"attachment wp-att-812\"><img fetchpriority=\"high\" decoding=\"async\" class=\"alignleft size-full wp-image-812\" alt=\"Sz\u00e9chenyi T\u0151kealap - a jelentkez\u0151 c\u00e9gek megoszl\u00e1sa r\u00e9gi\u00f3nk\u00e9nt\" src=\"https:\/\/szta.hu\/wp-content\/uploads\/2013\/07\/Szechenyi_Tokealap-kezelo_Zrt_regios_jelentkezok_megoszlasa.jpg\" width=\"523\" height=\"360\" \/><\/a>A Sz\u00e9chenyi T\u0151kealap-kezel\u0151h\u00f6z 220 v\u00e1llalkoz\u00e1s fordult kock\u00e1zati t\u0151k\u00e9\u00e9rt a m\u0171k\u00f6d\u00e9s \u00f3ta eltelt k\u00e9t \u00e9vben. A jelentkez\u0151k sz\u00e1ma r\u00e9gi\u00f3nk\u00e9nt elt\u00e9r\u0151, a K\u00f6z\u00e9p-Dun\u00e1nt\u00falon tev\u00e9kenyked\u0151 t\u00e1rsas\u00e1gokt\u00f3l csup\u00e1n a beadott jelentkez\u00e9sek 7 sz\u00e1zal\u00e9ka, pontosan 15 darab \u00e9rkezett. Mivel a rendelkez\u00e9sre \u00e1ll\u00f3 14 milli\u00e1rd forintnyi forr\u00e1s kihelyez\u00e9se a r\u00e9gi\u00f3k k\u00f6z\u00f6tt egyenl\u0151 ar\u00e1nyban t\u00f6rt\u00e9nik, k\u00f6zel 1,8 milli\u00e1rd forint \u00e1ll m\u00e9g a legal\u00e1bb 5 f\u0151s c\u00e9gek rendelkez\u00e9s\u00e9re ebben a r\u00e9gi\u00f3ban. Az elb\u00edr\u00e1l\u00e1s d\u00f6nt\u0151 szempontja a c\u00e9g stabil m\u0171k\u00f6d\u00e9se, a kidolgozott \u00fczleti terv, valamint a val\u00f3s n\u00f6veked\u00e9si lehet\u0151s\u00e9g.<\/b><\/p>\n<p align=\"justify\">A Sz\u00e9chenyi T\u0151kealap-kezel\u0151 (SZTA) \u00f6sszevet\u00e9se szerint az indul\u00e1s \u00f3ta eltelt id\u0151szakban K\u00f6z\u00e9p-Dun\u00e1nt\u00falr\u00f3l az \u00f6sszes, 220 \u00e9rdekl\u0151d\u0151 csup\u00e1n 7 sz\u00e1zal\u00e9ka, azaz mind\u00f6ssze 15 v\u00e1llalkoz\u00e1s folyamodott kock\u00e1zati t\u0151kebefektet\u00e9s\u00e9rt az SZTA-hoz. Az eddigi jelentkez\u00e9sek r\u00e9gi\u00f3s eloszl\u00e1sa term\u00e9szetesen nem hat\u00e1rozza meg a sorrendet a rendelkez\u00e9sre \u00e1ll\u00f3 14 milli\u00e1rd forint eloszt\u00e1sakor, ugyanis a Sz\u00e9chenyi T\u0151kealap-kezel\u0151 a 7 magyarorsz\u00e1gi r\u00e9gi\u00f3 k\u00f6z\u00f6tt egyenl\u0151 r\u00e9szben, 2-2 milli\u00e1rd forintot fektethet be mindenhol. A m\u00e9g felhaszn\u00e1lhat\u00f3 \u00f6sszegb\u0151l a k\u00f6z\u00e9p-dun\u00e1nt\u00fali v\u00e1llalkoz\u00e1sok sz\u00e1m\u00e1ra k\u00f6zel 1,8 milli\u00e1rd forintnyi forr\u00e1s \u00e1ll m\u00e9g rendelkez\u00e9sre.<\/p>\n<p align=\"justify\"><!--more--><\/p>\n<p style=\"text-align: center;\" align=\"justify\"><a href=\"https:\/\/szta.hu\/en\/?attachment_id=812\" rel=\"attachment wp-att-812\"><img decoding=\"async\" class=\"wp-image-812 aligncenter\" alt=\"Sz\u00e9chenyi T\u0151kealap - a jelentkez\u0151 c\u00e9gek megoszl\u00e1sa r\u00e9gi\u00f3nk\u00e9nt\" src=\"https:\/\/szta.hu\/wp-content\/uploads\/2013\/07\/Szechenyi_Tokealap-kezelo_Zrt_regios_jelentkezok_megoszlasa.jpg\" width=\"418\" height=\"288\" \/><\/a><\/p>\n<p align=\"justify\">A d\u00f6nt\u0151 szempont minden esetben a v\u00e1llalkoz\u00e1s stabil m\u0171k\u00f6d\u00e9se, a kidolgozott \u00fczleti terve, valamint a val\u00f3s n\u00f6veked\u00e9si lehet\u0151s\u00e9ge lesz. Az SZTA a n\u00f6veked\u00e9sben gondolkod\u00f3, nem hagyom\u00e1nyos ipar\u00e1gakban tev\u00e9kenyked\u0151 v\u00e1llalkoz\u00e1sok jelentkez\u00e9s\u00e9t v\u00e1rja, r\u00e1ad\u00e1sul most m\u00e1r a kor\u00e1bbiakn\u00e1l t\u00f6bb f\u00e9le finansz\u00edroz\u00e1si form\u00e1t is k\u00edn\u00e1l.<\/p>\n<p align=\"justify\">A Sz\u00e9chenyi T\u0151kebefektet\u00e9si Alap h\u00e1rom \u00faj t\u0151kebefektet\u00e9si konstrukci\u00f3t hirdetett meg, amelyek a kor\u00e1bbi 200 ezer eur\u00f3s \u00e9rt\u00e9khat\u00e1ron j\u00f3val t\u00falmutat\u00f3, 750 ezer eur\u00f3s t\u0151kebevon\u00e1st is lehet\u0151v\u00e9 tesznek a kis- \u00e9s k\u00f6z\u00e9pv\u00e1llalatok sz\u00e1m\u00e1ra. Az enged\u00e9ly birtok\u00e1ban a Sz\u00e9chenyi T\u0151kebefektet\u00e9si Alap ak\u00e1r t\u0151k\u00e9st\u00e1rsat is bevonhat egyes befektet\u00e9seihez.\u00a0 A magyar kis \u00e9s k\u00f6z\u00e9p-v\u00e1llalatok 50 \u00e9s 200 milli\u00f3 forint k\u00f6z\u00f6tti t\u0151keig\u00e9ny\u00e9re nincs egy\u00e9b t\u0151kebevon\u00e1si alternat\u00edva a hagyom\u00e1nyos szektorokban m\u0171k\u00f6d\u0151 v\u00e1llalkoz\u00e1sok el\u0151tt; a forr\u00e1sokat n\u00f6veked\u00e9s\u00fck \u00e9s t\u0151kehelyzet\u00fck meger\u0151s\u00edt\u00e9se \u00e9rdek\u00e9ben biztos\u00edtja az Eur\u00f3pai Uni\u00f3 az Alapon kereszt\u00fcl.<\/p>\n<p style=\"text-align: center;\" align=\"center\"><a href=\"https:\/\/szta.hu\/en\/?attachment_id=813\" rel=\"attachment wp-att-813\"><img decoding=\"async\" class=\"wp-image-813 aligncenter\" alt=\"Sz\u00e9chenyi T\u0151kealap - a k\u00e9t \u00e9ven bel\u00fcl kihelyezhet\u0151 forr\u00e1sok r\u00e9gi\u00f3nk\u00e9nt\" src=\"https:\/\/szta.hu\/wp-content\/uploads\/2013\/07\/Szechenyi_Tokealap-kezelo_Zrt_regios_jelentkezok_szamara_elerheto_forrasok.jpg\" width=\"481\" height=\"289\" \/><\/a><\/p>\n<p align=\"justify\">Ez a lehet\u0151s\u00e9g most m\u00e1r azon k\u00f6z\u00e9p-dun\u00e1nt\u00fali v\u00e1llalkoz\u00e1sok el\u0151tt is nyitva \u00e1ll, akik nagyobb \u00f6sszeg\u0171 forr\u00e1sbevon\u00e1sban gondolkodnak. A kock\u00e1zati t\u0151k\u00e9\u00e9rt jelentkez\u0151 k\u00f6z\u00e9p-dun\u00e1nt\u00fali v\u00e1llalkoz\u00e1sok k\u00f6z\u00f6tt a gy\u00e1rt\u00f3k nagyobb sz\u00e1mban vannak jelen, de a szolg\u00e1ltat\u00f3i szektorb\u00f3l jelentkez\u0151 c\u00e9gekkel is tal\u00e1lkoztunk, \u00e9s v\u00e1rjuk \u00e9rdekl\u0151d\u00e9s\u00fcket.<\/p>\n<p style=\"text-align: center;\" align=\"center\"><a href=\"https:\/\/szta.hu\/en\/?attachment_id=814\" rel=\"attachment wp-att-814\"><img loading=\"lazy\" decoding=\"async\" class=\"wp-image-814 aligncenter\" alt=\"Sz\u00e9chenyi T\u0151kealap - a jelentkez\u0151 c\u00e9gek \u00e1ltal ig\u00e9nyelt \u00e1tlagos befektet\u00e9si \u00f6sszeg\" src=\"https:\/\/szta.hu\/wp-content\/uploads\/2013\/07\/Szechenyi_Tokealap-kezelo_Zrt_regios_jelentkezok_atlagos_befektetesi_osszeg.jpg\" width=\"482\" height=\"240\" \/><\/a><\/p>\n<p align=\"justify\">Az SZTA c\u00e9lja, hogy a t\u0151keemel\u00e9ssel a munkahelyteremt\u00e9st, a hat\u00e9konys\u00e1g-n\u00f6vel\u00e9st, a komparat\u00edv el\u0151ny\u00f6k kihaszn\u00e1l\u00e1s\u00e1t, a piaci poz\u00edci\u00f3k er\u0151s\u00edt\u00e9s\u00e9t \u00e9s \u00e9p\u00edt\u00e9s\u00e9t, valamint a gazdas\u00e1gi t\u00e1rsas\u00e1g n\u00f6veked\u00e9s\u00e9t seg\u00edtse.<\/p>","protected":false},"featured_media":0,"template":"","class_list":["post-19650","blog","type-blog","status-publish","hentry"],"acf":[],"_links":{"self":[{"href":"https:\/\/szta.hu\/en\/wp-json\/wp\/v2\/blog\/19650","targetHints":{"allow":["GET"]}}],"collection":[{"href":"https:\/\/szta.hu\/en\/wp-json\/wp\/v2\/blog"}],"about":[{"href":"https:\/\/szta.hu\/en\/wp-json\/wp\/v2\/types\/blog"}],"wp:attachment":[{"href":"https:\/\/szta.hu\/en\/wp-json\/wp\/v2\/media?parent=19650"}],"curies":[{"name":"wp","href":"https:\/\/api.w.org\/{rel}","templated":true}]}}