{"id":19657,"date":"2013-09-04T07:49:58","date_gmt":"2013-09-04T07:49:58","guid":{"rendered":"http:\/\/www.blog.sztateszt.7digits.net\/blog\/a-vallalkozasok-novekedesi-szakaszaba-torteno-befekteteseknek-is-van-novekedesi-tere-hazankban\/"},"modified":"2013-09-04T07:49:58","modified_gmt":"2013-09-04T07:49:58","slug":"a-vallalkozasok-novekedesi-szakaszaba-torteno-befekteteseknek-is-van-novekedesi-tere-hazankban","status":"publish","type":"blog","link":"https:\/\/szta.hu\/en\/blog\/a-vallalkozasok-novekedesi-szakaszaba-torteno-befekteteseknek-is-van-novekedesi-tere-hazankban\/","title":{"rendered":"A v\u00e1llalkoz\u00e1sok n\u00f6veked\u00e9si szakasz\u00e1ba t\u00f6rt\u00e9n\u0151 befektet\u00e9seknek is van n\u00f6veked\u00e9si tere haz\u00e1nkban"},"content":{"rendered":"<p align=\"justify\"><strong><a href=\"https:\/\/szta.hu\/en\/?attachment_id=905\" rel=\"attachment wp-att-905\"><img fetchpriority=\"high\" decoding=\"async\" class=\"alignleft size-full wp-image-905\" alt=\"Sz\u00e9chenyi T\u0151kealap - A v\u00e1llalkoz\u00e1sok n\u00f6veked\u00e9si szakasz\u00e1ba t\u00f6rt\u00e9n\u0151 befektet\u00e9seknek is b\u0151ven van n\u00f6veked\u00e9si tere Magyarorsz\u00e1gon\" src=\"https:\/\/szta.hu\/wp-content\/uploads\/2013\/09\/Szechenyi_Tokealap_kkv_novekedesi_fazis_tamogatasa_tovabb_erosodhet.jpg\" width=\"315\" height=\"208\" \/><\/a>A 2000-es \u00e9vek els\u0151 fel\u00e9ben a v\u00e1llalkoz\u00e1sok n\u00f6veked\u00e9si \u00e9s kiv\u00e1s\u00e1rl\u00e1si szakasz\u00e1ba a t\u0151kebefektet\u00e9seknek kevesebb mint fele \u00e1ramlott, 2006-t\u00f3l ez az ar\u00e1ny \u2013 a nemzetk\u00f6zi trendekkel \u00f6sszhangban \u2013 90 \u00e9s 95 sz\u00e1zal\u00e9k k\u00f6z\u00e9 emelkedett. Ugyanakkor, ez nem jelentette a n\u00f6veked\u00e9si f\u00e1zis t\u00e1mogat\u00e1s\u00e1nak t\u00fals\u00faly\u00e1t: a befektet\u00e9sek k\u00e9tharmad\u00e1t az elm\u00falt k\u00e9t \u00e9vtizedben a kiv\u00e1s\u00e1rl\u00e1si \u00fcgyletek fogadt\u00e1k be, m\u00edg a c\u00e9gek n\u00f6veked\u00e9s\u00e9t er\u0151s\u00edt\u0151 t\u0151kebefektet\u00e9sek mind\u00f6ssze 30 sz\u00e1zal\u00e9kot tettek ki. A magvet\u0151 \u00e9s indul\u00f3 f\u00e1zisban a kock\u00e1zatit\u0151ke-finansz\u00edroz\u00e1s n\u00f6veked\u00e9se egyel\u0151re nem gyorsult fel jelent\u0151sen: haz\u00e1nkban ez a ter\u00fclet a befektet\u00e9sek 4-5 sz\u00e1zal\u00e9k\u00e1nak felel meg az EVCA statisztik\u00e1i alapj\u00e1n. 2010 \u00f3ta t\u00f6rt\u00e9ntek fontos l\u00e9p\u00e9sek, amelyek ezt a k\u00e9pet a j\u00f6v\u0151re n\u00e9zve a kisebb, \u00edg\u00e9retes v\u00e1llalatok sz\u00e1m\u00e1ra kedvez\u0151en alak\u00edtj\u00e1k.<\/strong><\/p>\n<p align=\"justify\">Ha az 1989-2010 k\u00f6z\u00f6tti id\u0151szakot vizsg\u00e1ljuk, a Magyar Kock\u00e1zati \u00e9s Mag\u00e1nt\u0151ke Egyes\u00fclet sz\u00e1maib\u00f3l kider\u00fcl, hogy a kock\u00e1zati \u00e9s mag\u00e1nt\u0151ke-befektet\u00e9sek \u00f6ssz\u00e9rt\u00e9k\u00e9nek valamivel t\u00f6bb, mint 10 sz\u00e1zal\u00e9ka sz\u00e1rmazott speci\u00e1lis f\u00f3kusz\u00fa, p\u00e9ld\u00e1ul a korai szakaszban l\u00e9v\u0151 v\u00e1llalkoz\u00e1sokra koncentr\u00e1l\u00f3 kock\u00e1zati t\u0151kealapokt\u00f3l, m\u00edg a marad\u00e9k 90 sz\u00e1zal\u00e9kot a jelent\u0151s gazdas\u00e1gi er\u0151t k\u00e9pvisel\u0151, \u00e9rett v\u00e1llalatokat megc\u00e9lz\u00f3 mag\u00e1nt\u0151ke-alapok fektett\u00e9k be. Az \u00fcgyletek sz\u00e1m\u00e1t alapul v\u00e9ve azonban bizonyos m\u00e9rt\u00e9kig v\u00e1ltozik a k\u00e9p: a korai f\u00e1zisban l\u00e9v\u0151 v\u00e1llalkoz\u00e1sokba a befektet\u00e9sek k\u00f6zel egyharmada, a n\u00f6veked\u00e9si szakaszban l\u00e9v\u0151kh\u00f6z 60 sz\u00e1zal\u00e9ka, a kiv\u00e1s\u00e1rl\u00e1si c\u00e9l\u00fa projektekbe pedig 10 sz\u00e1zal\u00e9ka ker\u00fclt.<\/p>\n<p align=\"justify\"><!--more-->2010-t\u0151l azonban \u00faj lehet\u0151s\u00e9gek ny\u00edltak meg, amelyek \u00faj pill\u00e9reket alak\u00edtanak ki a kock\u00e1zatit\u0151ke-befektet\u00e9sek hazai piac\u00e1n. P\u00e9ld\u00e1ul, az eg\u00e9sz Eur\u00f3pai Uni\u00f3ra kiterjed\u0151, egys\u00e9ges felt\u00e9telrendszerrel m\u0171k\u00f6d\u0151 JEREMIE programok szektort \u00e9s c\u00e9gm\u00e9retet tekintve elt\u00e9r\u0151 m\u00e9rt\u00e9kben ugyan, de elkezdt\u00e9k \u00e1trendezni mind a magvet\u0151, az indul\u00f3 \u00e9s a n\u00f6veked\u0151 v\u00e1llalatok t\u0151k\u00e9hez jut\u00e1si es\u00e9lyeit.<\/p>\n<p align=\"justify\">Ami az eml\u00edtett k\u00e9t \u00e9vtizeden \u00e1t\u00edvel\u0151 statisztik\u00e1kat illeti, a hazai val\u00f3s\u00e1got a Sz\u00e9chenyi T\u0151kealap sz\u00e1m\u00e1ra az \u00fcgyletek sz\u00e1ma \u00e1ltal mutatott ar\u00e1nyok k\u00e9pviselik legink\u00e1bb. Nem v\u00e9letlen, hogy az Alap akt\u00edv t\u0151kekihelyez\u00e9si tev\u00e9kenys\u00e9g\u00e9nek els\u0151 \u00e9v\u00e9ben kiz\u00e1r\u00f3lag n\u00f6veked\u00e9si szakaszban l\u00e9v\u0151 v\u00e1llalkoz\u00e1sokat finansz\u00edrozott, \u00e9s ezzel a csek\u00e9ly \u00f6sszeg\u0171 (de minimis) t\u0151kejuttat\u00e1sok ter\u00fclet\u00e9n m\u00e1r akkor komoly hi\u00e1nyp\u00f3tl\u00f3 szerepet t\u00f6lt\u00f6tt be.<\/p>\n<p align=\"justify\">Ez azonban csak a kezdet volt: id\u00e9n az Eur\u00f3pai Bizotts\u00e1g j\u00f3v\u00e1hagy\u00e1s\u00e1val az Alap <a title=\"Az eddigi leg\u00e1tfog\u00f3bb t\u0151keprogram kisv\u00e1llalkoz\u00e1soknak, priv\u00e1t befektet\u0151vel, t\u0151kealappal er\u0151s\u00edt\u0151knek \u00e9s indul\u00f3 v\u00e1llalkoz\u00e1soknak\" href=\"https:\/\/szta.hu\/en\/blog\/az-eddigi-legatfogobb-tokeprogram-kisvallalkozasoknak-privat-befektetovel-tokealappal-erositoknek-es-indulo-vallalkozasoknak\/\" target=\"_blank\" rel=\"noopener\">n\u00e9gy \u00faj uni\u00f3s finansz\u00edroz\u00e1s\u00fa befektet\u00e9si konstrukci\u00f3t<\/a> vezetett be. Az SZTA ezek keret\u00e9ben a kor\u00e1bbin\u00e1l magasabb projekt\u00f6sszegek felett is rendelkezhet; olyan indul\u00f3 v\u00e1llalkoz\u00e1sokat is finansz\u00edrozhat, amelyek jogut\u00f3dl\u00e1ssal vagy m\u00e1s c\u00e9gekb\u0151l kiv\u00e1l\u00e1ssal j\u00f6nnek l\u00e9tre, illetve t\u00e1rsbefektet\u0151kkel k\u00f6z\u00f6s projekteket is v\u00e9grehajthat. Ezek a befektet\u00e9si konstrukci\u00f3k, amellett, hogy seg\u00edtenek \u00e1thidalni azt a szakad\u00e9kot, amely a hazai v\u00e1llalkoz\u00e1sok potenci\u00e1lja \u00e9s t\u0151kebevon\u00e1si lehet\u0151s\u00e9gei k\u00f6z\u00f6tt h\u00faz\u00f3dik, akt\u00edvan \u00f6szt\u00f6nzik azt a folyamatot, amelynek egyre t\u00f6bb mag\u00e1nt\u0151k\u00e9t vonz m\u0171k\u00f6d\u0151 t\u0151kek\u00e9nt a hazai c\u00e9gekbe.<\/p>\n<p align=\"justify\">Mindezek alapj\u00e1n \u00fagy t\u0171nik, a r\u00e9gi\u00f3 \u00e9s Magyarorsz\u00e1g kock\u00e1zatit\u0151ke-\u00e1gazat\u00e1nak fejl\u0151d\u00e9s\u00e9ben jelent\u0151s tartal\u00e9kok vannak, a kihelyezhet\u0151 t\u0151kemennyis\u00e9g \u2013 legink\u00e1bb az eur\u00f3pai uni\u00f3s t\u00e1mogat\u00e1soknak k\u00f6sz\u00f6nhet\u0151en \u2013 \u00fajb\u00f3l n\u00f6vekszik, \u00e9s a kor\u00e1bbin\u00e1l c\u00e9lzottabb \u00e9s differenci\u00e1ltabb m\u00f3don juthat el a befogad\u00f3 v\u00e1llalkoz\u00e1sokhoz. \u00cdgy sz\u00e1m\u00edthatunk arra, hogy a j\u00f6v\u0151 statisztik\u00e1iban a 2011-2015 k\u00f6z\u00f6tt id\u0151szak a t\u0151kekihelyez\u00e9s jelent\u0151s b\u0151v\u00fcl\u00e9s\u00e9t mutatja majd.<\/p>","protected":false},"featured_media":0,"template":"","class_list":["post-19657","blog","type-blog","status-publish","hentry"],"acf":[],"_links":{"self":[{"href":"https:\/\/szta.hu\/en\/wp-json\/wp\/v2\/blog\/19657","targetHints":{"allow":["GET"]}}],"collection":[{"href":"https:\/\/szta.hu\/en\/wp-json\/wp\/v2\/blog"}],"about":[{"href":"https:\/\/szta.hu\/en\/wp-json\/wp\/v2\/types\/blog"}],"wp:attachment":[{"href":"https:\/\/szta.hu\/en\/wp-json\/wp\/v2\/media?parent=19657"}],"curies":[{"name":"wp","href":"https:\/\/api.w.org\/{rel}","templated":true}]}}