{"id":19681,"date":"2013-12-23T08:00:39","date_gmt":"2013-12-23T08:00:39","guid":{"rendered":"http:\/\/www.blog.sztateszt.7digits.net\/blog\/karacsonyi-udvozlet\/"},"modified":"2013-12-23T08:00:39","modified_gmt":"2013-12-23T08:00:39","slug":"karacsonyi-udvozlet","status":"publish","type":"blog","link":"https:\/\/szta.hu\/en\/blog\/karacsonyi-udvozlet\/","title":{"rendered":"Kar\u00e1csonyi \u00fcdv\u00f6zlet"},"content":{"rendered":"<h1><a href=\"https:\/\/szta.hu\/en\/?attachment_id=1201\" rel=\"attachment wp-att-1201\"><img fetchpriority=\"high\" decoding=\"async\" class=\"size-full wp-image-1201 aligncenter\" alt=\"Sz\u00e9chenyi T\u0151kealap - kar\u00e1csonyi \u00fcdv\u00f6zlet\" src=\"https:\/\/szta.hu\/wp-content\/uploads\/2013\/12\/Szecheyi_Tokealap_karacsony.png\" width=\"636\" height=\"286\" \/><\/a><\/h1>\n<h1 style=\"text-align: center\"><span style=\"color: #333333\"><strong>Minden kedves <\/strong><\/span><\/h1>\n<h1 style=\"text-align: center\"><span style=\"color: #333333\"><strong>olvas\u00f3nknak<\/strong><\/span><br \/>\n<span style=\"color: #333333\"> <strong>boldog Kar\u00e1csonyt \u00e9s<\/strong><strong style=\"font-size: 2.4em\"><br \/>\n<\/strong><\/span><\/h1>\n<h1 style=\"text-align: center\"><span style=\"color: #333333\"><strong>sikeres 2014. \u00e9vet k\u00edv\u00e1nunk!<\/strong><\/span><\/h1>\n<p style=\"text-align: center\">A Sz\u00e9chenyi T\u0151kealap-kezel\u0151 Zrt. munkat\u00e1rsai<\/p>","protected":false},"featured_media":0,"template":"","class_list":["post-19681","blog","type-blog","status-publish","hentry"],"acf":[],"_links":{"self":[{"href":"https:\/\/szta.hu\/en\/wp-json\/wp\/v2\/blog\/19681","targetHints":{"allow":["GET"]}}],"collection":[{"href":"https:\/\/szta.hu\/en\/wp-json\/wp\/v2\/blog"}],"about":[{"href":"https:\/\/szta.hu\/en\/wp-json\/wp\/v2\/types\/blog"}],"wp:attachment":[{"href":"https:\/\/szta.hu\/en\/wp-json\/wp\/v2\/media?parent=19681"}],"curies":[{"name":"wp","href":"https:\/\/api.w.org\/{rel}","templated":true}]}}