{"id":19693,"date":"2014-02-13T09:03:25","date_gmt":"2014-02-13T09:03:25","guid":{"rendered":"http:\/\/www.blog.sztateszt.7digits.net\/blog\/van-mit-unnepelni-mar-4-milliard-forint-tokeforrasunk-segiti-a-hazai-vallalkozasokat\/"},"modified":"2014-02-13T09:03:25","modified_gmt":"2014-02-13T09:03:25","slug":"van-mit-unnepelni-mar-4-milliard-forint-tokeforrasunk-segiti-a-hazai-vallalkozasokat","status":"publish","type":"blog","link":"https:\/\/szta.hu\/en\/blog\/van-mit-unnepelni-mar-4-milliard-forint-tokeforrasunk-segiti-a-hazai-vallalkozasokat\/","title":{"rendered":"Van mit \u00fcnnepelni: m\u00e1r 4 milli\u00e1rd forint t\u0151keforr\u00e1sunk seg\u00edti a hazai v\u00e1llalkoz\u00e1sokat"},"content":{"rendered":"<p style=\"text-align: justify;\"><strong><img decoding=\"async\" class=\"alignleft size-full wp-image-1360\" alt=\"szta\" src=\"https:\/\/szta.hu\/wp-content\/uploads\/2014\/02\/szta.jpg\" width=\"258\" height=\"189\" \/>Szeretj\u00fck az ehhez hasonl\u00f3 \u00e9vkezdeteket. Nagyszer\u0171 esztend\u0151n vagyunk t\u00fal, amit 2013-ra eltervezt\u00fcnk, sikeresen v\u00e9grehajtottunk. Mindeddig m\u00e1r 37 v\u00e1llalatba fektett\u00fcnk be, t\u00f6bb mint 4 milli\u00e1rd forintot, amivel olyan c\u00e9gportfoli\u00f3-b\u0151v\u00fcl\u00e9sen vagyunk t\u00fal, amelyet nem sok hazai t\u0151kebefektet\u0151 mondhat el mag\u00e1r\u00f3l.. Ez m\u00e9g akkor is jelent\u0151s \u00f6sszegnek t\u0171nik, hogy tudjuk az elk\u00f6vetkez\u0151 egy \u00e9vben m\u00e9g nagyobb p\u00e9nzmennyis\u00e9ggel k\u00edv\u00e1njuk seg\u00edteni a hazai mikro-, illetve kisv\u00e1llalkoz\u00e1sok \u00fczleti terveinek megval\u00f3s\u00edt\u00e1s\u00e1t. Az pedig m\u00e1r csak hab a tort\u00e1n, hogy az \u00f6r\u00f6mteli h\u00edreket az SZTA blog 100. bejegyz\u00e9s\u00e9ben k\u00f6z\u00f6lhetj\u00fck.<\/strong><\/p>\n<p style=\"text-align: justify;\">A kihelyez\u00e9s \u00fctem\u00e9nek 2013 m\u00e1sodik fel\u00e9ben tapasztalhat\u00f3 felgyorsul\u00e1sa annak is k\u00f6sz\u00f6nhet\u0151, hogy az Eur\u00f3pai Uni\u00f3 enged\u00e9ly\u00e9vel ny\u00e1ron \u00faj term\u00e9kkel jelent\u00fcnk meg, amelyek lehet\u0151v\u00e9 tett\u00e9k, hogy magasabb, ak\u00e1r 220 milli\u00f3 forintos \u00f6sszeg\u0171 t\u0151kebefektet\u00e9st hajtsunk v\u00e9gre a c\u00e9lt\u00e1rsas\u00e1gokban.<!--more--><\/p>\n<p style=\"text-align: justify;\">C\u00e9gportfoli\u00f3nk Magyarorsz\u00e1g valamennyi r\u00e9gi\u00f3j\u00e1ra kiterjed, amelyek k\u00f6z\u00fcl a legsikeresebbnek a k\u00f6z\u00e9p-magyarorsz\u00e1git, a d\u00e9l-alf\u00f6ldit, illetve a k\u00f6z\u00e9p-dun\u00e1nt\u00falit tekinthetj\u00fck. A portfoli\u00f3 legnagyobb r\u00e9sze \u2013 a hagyom\u00e1nyos ipar\u00e1gakban (pl. b\u00fatoripar, f\u00e9mipar, gy\u00e1rt\u00f3 szektorban) tev\u00e9kenykedik, de az eg\u00e9szs\u00e9g\u00fcgy, az informatika, vagy a kreat\u00edv ipar\u00e1gakb\u00f3l is ker\u00fcltek ki t\u0151kebefektet\u00e9st fogad\u00f3 v\u00e1llalkoz\u00e1sok. Mindez nem jelenti azt, hogy az innov\u00e1ci\u00f3 t\u00e1vol \u00e1llna ezekt\u0151l a c\u00e9gekt\u0151l, \u00e9pp ellenkez\u0151leg, majd k\u00e9tharmaduk innovat\u00edvnak mondhatja mag\u00e1t.<\/p>\n<p style=\"text-align: justify;\">A t\u00e1rsas\u00e1gok a befektetett t\u0151k\u00e9t legink\u00e1bb technol\u00f3giai fejleszt\u00e9sre, kapacit\u00e1sb\u0151v\u00edt\u00e9sre, t\u00e1rgyi eszk\u00f6z\u00f6k beszerz\u00e9s\u00e9re, hum\u00e1ner\u0151forr\u00e1s finansz\u00edroz\u00e1s\u00e1ra, illetve kisebb r\u00e9szben marketingre k\u00f6ltik. Az SZTA forr\u00e1sai n\u00e9lk\u00fcl ezek a c\u00e9gek nem tudt\u00e1k volna tartani n\u00f6veked\u00e9si p\u00e1ly\u00e1jukat, n\u00f6velni kapacit\u00e1sukat \u00e9s piacukat, \u00edgy azonban t\u00f6bbs\u00e9g\u00fck k\u00e9pes volt fejl\u0151dni \u00e9s b\u0151v\u00fclni.<\/p>\n<p style=\"text-align: justify;\">B\u00e1r a t\u0151kebefektet\u00e9snek nem felt\u00e9tele az exportk\u00e9pess\u00e9g, a c\u00e9gek k\u00f6zel fele az exportpiacon is jelen van, ami jelent\u0151sebb magasabb ar\u00e1ny a magyar v\u00e1llalkoz\u00e1sok k\u00f6r\u00e9ben tapasztalhat\u00f3 10 sz\u00e1zal\u00e9kos r\u00e1t\u00e1n\u00e1l.<\/p>\n<p style=\"text-align: justify;\">A k\u00f6vetkez\u0151 \u00e9v\u00fcnk is hasonl\u00f3an sikeresnek \u00edg\u00e9rkezik. Terveink szerint j\u00f6v\u0151 ilyen korra \u00fajabb 5 milli\u00e1rd forintot helyez\u00fcnk ki az orsz\u00e1g valamennyi r\u00e9gi\u00f3j\u00e1ban, ami k\u00f6r\u00fclbel\u00fcl 30 \u00fajabb befektet\u00e9st jelent. Ezzel pedig eg\u00e9szen k\u00f6zel ker\u00fcl\u00fcnk ahhoz, hogy a forr\u00e1sok h\u00e1romnegyed\u00e9t befektess\u00fck.<\/p>\n<p style=\"text-align: justify;\">A c\u00e9lt\u00e1rsas\u00e1gok mellett pedig olyan mag\u00e1npiaci szerepl\u0151ket is keres\u00fcnk, akik olyan befektet\u00e9si lehet\u0151s\u00e9geket keresnek, amelyek sor\u00e1n ak\u00e1r n\u00e9h\u00e1ny 10 milli\u00f3 forintot is be tudn\u00e1nak fektetni, viszont nem szeretn\u00e9nek egyed\u00fcl megl\u00e9pni egy ilyen kock\u00e1zatos l\u00e9p\u00e9st (err\u0151l b\u0151vebben az SZTA honlapj\u00e1n, <a href=\"https:\/\/szta.hu\/en\/termekeink\/\" target=\"_blank\" rel=\"noopener\">a term\u00e9kek men\u00fcpontj\u00e1ban<\/a> \u00edrtunk).<\/p>\n<p style=\"text-align: justify;\">Terveink szerint az egyre gyorsabban b\u0151v\u00fcl\u0151 c\u00e9gportfoli\u00f3nak \u00e9s egyre nagyobb ar\u00e1ny\u00fa kihelyezett t\u0151k\u00e9nek k\u00f6sz\u00f6nhet\u0151en el\u0151seg\u00edtj\u00fck a hazai gazdas\u00e1g n\u00f6veked\u00e9s\u00e9t, illetve \u00faj munkahelyeket tudunk l\u00e9trehozni. Teh\u00e1t minden n\u00f6vekedni v\u00e1gy\u00f3 v\u00e1llalkoz\u00e1snak aj\u00e1nljuk, hogy legyenek nyitottak, \u00e9s akt\u00edvan keress\u00e9k a piacb\u0151v\u00edt\u00e9si lehet\u0151s\u00e9geket, ez\u00e1ltal ugyanis a magyar gazdas\u00e1gnak lehet\u0151s\u00e9ge ny\u00edlik egyre t\u00f6bb uni\u00f3s forr\u00e1s bevonz\u00e1s\u00e1ra.<\/p>","protected":false},"featured_media":0,"template":"","class_list":["post-19693","blog","type-blog","status-publish","hentry"],"acf":[],"_links":{"self":[{"href":"https:\/\/szta.hu\/en\/wp-json\/wp\/v2\/blog\/19693","targetHints":{"allow":["GET"]}}],"collection":[{"href":"https:\/\/szta.hu\/en\/wp-json\/wp\/v2\/blog"}],"about":[{"href":"https:\/\/szta.hu\/en\/wp-json\/wp\/v2\/types\/blog"}],"wp:attachment":[{"href":"https:\/\/szta.hu\/en\/wp-json\/wp\/v2\/media?parent=19693"}],"curies":[{"name":"wp","href":"https:\/\/api.w.org\/{rel}","templated":true}]}}