{"id":19701,"date":"2014-03-28T09:15:55","date_gmt":"2014-03-28T09:15:55","guid":{"rendered":"http:\/\/www.blog.sztateszt.7digits.net\/blog\/kockazati-toke-nagy-lehetosegeket-lat-a-szakma-a-magyar-piacon\/"},"modified":"2014-03-28T09:15:55","modified_gmt":"2014-03-28T09:15:55","slug":"kockazati-toke-nagy-lehetosegeket-lat-a-szakma-a-magyar-piacon","status":"publish","type":"blog","link":"https:\/\/szta.hu\/en\/blog\/kockazati-toke-nagy-lehetosegeket-lat-a-szakma-a-magyar-piacon\/","title":{"rendered":"Kock\u00e1zati t\u0151ke: nagy lehet\u0151s\u00e9geket l\u00e1t a szakma a magyar piacon"},"content":{"rendered":"<p style=\"text-align: justify;\"><strong><img fetchpriority=\"high\" decoding=\"async\" class=\"alignleft size-full wp-image-1434\" src=\"https:\/\/szta.hu\/wp-content\/uploads\/2014\/03\/vc-summit1.jpg\" alt=\"vc-summit1\" width=\"341\" height=\"178\" \/>A tavasz legjelent\u0151sebb p\u00e9nz\u00fcgyi cs\u00facskonferenci\u00e1n, a Venture Capital Summiton a szektor legjelesebb hazai \u00e9s nemzetk\u00f6zi k\u00e9pvisel\u0151i vettek r\u00e9szt, \u00e9s term\u00e9szetesen a Sz\u00e9chenyi T\u0151kebefektet\u00e9si Alap mint a legakt\u00edvabb hazai t\u0151kebefektet\u0151 is jelen volt a rendezv\u00e9nyen. Az SZTA azzal is kit\u0171nik a piac r\u00e9sztvev\u0151i k\u00f6z\u00fcl, hogy nem startupokat, hanem els\u0151sorban kis- \u00e9s k\u00f6z\u00e9pv\u00e1llalkoz\u00e1sokat k\u00edv\u00e1n elind\u00edtani a n\u00f6veked\u00e9s \u00fatj\u00e1n.<\/strong><\/p>\n<p style=\"text-align: justify;\">Ha t\u0151kebefektet\u00e9sr\u0151l besz\u00e9l\u00fcnk, sokan hajlamosak az informatikai szektorra gondolni, pedig ahogy az SZTA portfoli\u00f3j\u00e1ban szerepl\u0151 sikeres kkv-k jelent\u0151s r\u00e9sze is bizony\u00edtja, a hagyom\u00e1nyos ipar\u00e1gak egyes szerepl\u0151iben is ott rejlik a n\u00f6veked\u00e9si potenci\u00e1l. Dr. Cs\u00e9falvay Zolt\u00e1n, a Nemzetgazdas\u00e1gi Miniszt\u00e9rium \u00e1llamtitk\u00e1ra \u00fagy \u00edt\u00e9li meg, hogy Magyarorsz\u00e1g az \u00e9vtized v\u00e9g\u00e9re Eur\u00f3pa egyik startup k\u00f6zpontj\u00e1v\u00e1 v\u00e1lhat. \u00c9rdemes emellett kiemelni, hogy az SZTA is jelent\u0151s sz\u00e1m\u00fa tov\u00e1bbi befektet\u00e9st tervez, 2015 v\u00e9g\u00e9ig \u00f6sszesen 100 hazai v\u00e1llalat n\u00f6veked\u00e9si terveinek megval\u00f3s\u00edt\u00e1s\u00e1ban k\u00edv\u00e1n seg\u00e9dkezni.<!--more--><\/p>\n<p style=\"text-align: justify;\">Nagyon j\u00f3l l\u00e1tszik, hogy a szektor sz\u00e9pen b\u0151v\u00fcl \u00e9s fejl\u0151dik, 2012-ben p\u00e9ld\u00e1ul Magyarorsz\u00e1g els\u0151 helyen volt a kock\u00e1zati t\u0151ke GDP-hez m\u00e9rt ar\u00e1ny\u00e1ban. A k\u00e9rd\u00e9s csup\u00e1n az, hogy \u00e9rtes\u00fclnek-e az egyes lehet\u0151s\u00e9gekr\u0151l azon v\u00e1llalkoz\u00f3k, amelyek t\u0151keemel\u00e9s r\u00e9v\u00e9n szeretn\u00e9nek es\u00e9lyt adni c\u00e9g\u00fcknek a n\u00f6veked\u00e9sre.<\/p>\n<p style=\"text-align: justify;\">A rendezv\u00e9ny \u00f6sszefoglal\u00f3ja itt \u00e9rhet\u0151 el: <a href=\"https:\/\/orientpress.hu\/126065\" target=\"_blank\" rel=\"noopener nofollow\">https:\/\/orientpress.hu\/126065<\/a><\/p>","protected":false},"featured_media":0,"template":"","class_list":["post-19701","blog","type-blog","status-publish","hentry"],"acf":[],"_links":{"self":[{"href":"https:\/\/szta.hu\/en\/wp-json\/wp\/v2\/blog\/19701","targetHints":{"allow":["GET"]}}],"collection":[{"href":"https:\/\/szta.hu\/en\/wp-json\/wp\/v2\/blog"}],"about":[{"href":"https:\/\/szta.hu\/en\/wp-json\/wp\/v2\/types\/blog"}],"wp:attachment":[{"href":"https:\/\/szta.hu\/en\/wp-json\/wp\/v2\/media?parent=19701"}],"curies":[{"name":"wp","href":"https:\/\/api.w.org\/{rel}","templated":true}]}}