{"id":19720,"date":"2014-06-23T17:47:03","date_gmt":"2014-06-23T17:47:03","guid":{"rendered":"http:\/\/www.blog.sztateszt.7digits.net\/blog\/a-kockazati-tokenek-koszonhetoen-tovabb-fejlodik-a-korhaztechnologia\/"},"modified":"2014-06-23T17:47:03","modified_gmt":"2014-06-23T17:47:03","slug":"a-kockazati-tokenek-koszonhetoen-tovabb-fejlodik-a-korhaztechnologia","status":"publish","type":"blog","link":"https:\/\/szta.hu\/en\/blog\/a-kockazati-tokenek-koszonhetoen-tovabb-fejlodik-a-korhaztechnologia\/","title":{"rendered":"A kock\u00e1zati t\u0151k\u00e9nek k\u00f6sz\u00f6nhet\u0151en tov\u00e1bb fejl\u0151dik a k\u00f3rh\u00e1ztechnol\u00f3gia"},"content":{"rendered":"<p style=\"text-align: justify;\"><b><img decoding=\"async\" class=\"alignleft size-medium wp-image-1611\" alt=\"eg\u00e9szs\u00e9g\u00fcgy t\u0151kebefektet\u00e9s, SZTA\" src=\"https:\/\/szta.hu\/wp-content\/uploads\/2014\/06\/josa-300x157.jpg\" width=\"300\" height=\"157\" \/>Az SZTA leg\u00fajabb befektet\u00e9s\u00e9vel a hetedik, eg\u00e9szs\u00e9g\u00fcgyi ter\u00fcleten tev\u00e9kenyked\u0151 v\u00e1llalat csatlakozott az Alap c\u00e9gportfoli\u00f3j\u00e1hoz. A VMD K\u00f3rh\u00e1zi Technol\u00f3giai Zrt. a hazai k\u00f3rh\u00e1ztechnol\u00f3giai piac egyik meghat\u00e1roz\u00f3 szerepl\u0151j\u00e9v\u00e9 v\u00e1lt az elm\u00falt \u00e9vekben. Mind Magyarorsz\u00e1gon, mind a k\u00fclf\u00f6ldi piacokon er\u0151teljes n\u00f6veked\u00e9sbe kezdett, ahhoz pedig, hogy anyagiak ter\u00e9n is tartani tudj\u00e1k az iramot, \u00fagy d\u00f6nt\u00f6ttek, kock\u00e1zati t\u0151k\u00e9t vonnak be. A c\u00e9g vezet\u0151i a befektet\u00e9st\u0151l azt v\u00e1rj\u00e1k, hogy seg\u00edts\u00e9g\u00e9vel hossz\u00fa t\u00e1von meg tudj\u00e1k \u0151rizni vezet\u0151 szerep\u00fcket, \u00e9s teljes k\u00f6r\u0171en ki tudj\u00e1k el\u00e9g\u00edteni a keresleti ig\u00e9nyeket.<!--more--><\/b><\/p>\n<p style=\"text-align: justify;\"><b>Mivel foglalkozik a c\u00e9g?<\/b><\/p>\n<p style=\"text-align: justify;\">Legf\u0151bb tev\u00e9kenys\u00e9ge az orvosi eszk\u00f6zgy\u00e1rt\u00e1s \u00e9s gy\u00f3gy\u00e1szati term\u00e9kek kiskereskedelme, de tev\u00e9kenys\u00e9gi k\u00f6re folyamatosan b\u0151v\u00fcl, \u00e9s egyre meghat\u00e1roz\u00f3bb\u00e1 v\u00e1lik az innov\u00e1ci\u00f3. Foglalkozik intelligens energetikai rendszerek \u00e9s betegell\u00e1t\u00e1si informatikai rendszerek ki\u00e9p\u00edt\u00e9s\u00e9vel \u00e9s \u00fczemeltet\u00e9s\u00e9vel, m\u00e1rkaf\u00fcggetlen szaktan\u00e1csad\u00e1ssal \u00e9s emelt szint\u0171 betegell\u00e1t\u00e1s kialak\u00edt\u00e1s\u00e1val \u00e9s \u00fczemeltet\u00e9s\u00e9vel. \u00daj \u00fczlet\u00e1gukhoz tartozik egy saj\u00e1t fejleszt\u00e9s\u0171 beteg\u00e1pol\u00f3 \u00e1gycsal\u00e1d, de tov\u00e1bbi saj\u00e1t tervez\u00e9s\u0171 term\u00e9kek fejleszt\u00e9se is folyamatban van, p\u00e9ld\u00e1ul multifunkci\u00f3s hidraulikus, illetve intelligens intenz\u00edv k\u00f3rh\u00e1zi \u00e1gy, emellett m\u0171t\u0151 l\u00e1mpa, stat\u00edv \u00e9s m\u0171t\u0151asztal.<\/p>\n<p style=\"text-align: justify;\"><b>Milyen szerepe van a c\u00e9gnek az eg\u00e9szs\u00e9g\u00fcgyi piacon?<\/b><\/p>\n<p style=\"text-align: justify;\">Az elm\u00falt \u00e9vekben a VMD t\u00f6bb mint 100 magyar k\u00f3rh\u00e1zban helyezett \u00fczembe orvosi g\u00e1zrendszereket, n\u0151v\u00e9rh\u00edv\u00f3 rendszereket, \u00e1gyl\u00e1mpa s\u00e1vokat, valamint folyamatosan sz\u00e1ll\u00edt orvosi berendez\u00e9seket k\u00fcl\u00f6nb\u00f6z\u0151 hazai eg\u00e9szs\u00e9g\u00fcgyi int\u00e9zm\u00e9nyek sz\u00e1m\u00e1ra. A v\u00e1llalakoz\u00e1s az eg\u00e9szs\u00e9g\u00fcgyi int\u00e9zm\u00e9nyek sz\u00e1m\u00e1ra komplex eszk\u00f6zparkot \u00e9s IT t\u00e1mogatott megold\u00e1sokat k\u00edn\u00e1l a m\u0171t\u0151fejleszt\u00e9sek, aneszteziol\u00f3giai \u00e9s intenz\u00edv oszt\u00e1lyok, a radiol\u00f3giai \u00e9s egy\u00e9b diagnosztikus k\u00f6zpontok, vagy az onkol\u00f3gia ter\u00fclet\u00e9n. K\u00f3rh\u00e1zfejleszt\u00e9si tev\u00e9kenys\u00e9g\u00e9hez teljes k\u00f6r\u0171 projektmenedzsment szolg\u00e1ltat\u00e1st is biztos\u00edt, ez\u00e1ltal er\u0151teljesen tudott n\u00f6vekedni a hazai \u00e9s a nemzetk\u00f6zi piacon is. A VMD \u00e1ltal k\u00edn\u00e1lt \u00faj gener\u00e1ci\u00f3s, IT t\u00e1mogatott megold\u00e1sok az eg\u00e9szs\u00e9g\u00fcgyi szem\u00e9lyzet szaktud\u00e1s\u00e1nak fejleszt\u00e9s\u00e9hez, valamint a k\u00f3rh\u00e1zak gazdas\u00e1gos m\u0171k\u00f6d\u00e9si felt\u00e9teleinek megteremt\u00e9s\u00e9hez is hozz\u00e1j\u00e1rulnak.<\/p>\n<p style=\"text-align: justify;\"><b>Milyen konstrukci\u00f3ban fektetett be az SZTA?<\/b><\/p>\n<p style=\"text-align: justify;\">Az SZTA befektet\u00e9se k\u00e9t l\u00e9pcs\u0151ben val\u00f3sul meg. Az els\u0151 \u00fctemben az Alap 105 milli\u00f3 forintot biztos\u00edtott a c\u00e9g tervezett fejleszt\u00e9seihez, a m\u00e1sodik \u00fctemben pedig ugyanekkora \u00f6sszeggel j\u00e1rul majd hozz\u00e1 a n\u00f6veked\u00e9shez. A Sz\u00e9chenyi T\u0151kealap mellett k\u00fcls\u0151, priv\u00e1t befektet\u00e9sre is sor ker\u00fcl, tov\u00e1bbi 40 milli\u00f3 forint t\u0151keemel\u00e9ssel. Az Alap az\u00e9rt d\u00f6nt\u00f6tt a befektet\u00e9s mellett, mert a t\u00e1rsas\u00e1g innov\u00e1ci\u00f3s k\u00e9pess\u00e9ge, a hazai piacon egyed\u00fcl\u00e1ll\u00f3 poz\u00edci\u00f3ja \u00e9s r\u00e9gi\u00f3beli sikerei miatt tov\u00e1bbi b\u0151v\u00fcl\u00e9sre \u00e9s foglalkoztat\u00e1s b\u0151v\u00edt\u00e9si potenci\u00e1lra l\u00e1tott lehet\u0151s\u00e9get, emellett pedig a k\u00f3rh\u00e1zi technol\u00f3gi\u00e1k fejleszt\u00e9se a magyar eg\u00e9szs\u00e9g\u00fcgyi ell\u00e1t\u00e1s min\u0151s\u00e9g\u00e9t \u00e9s betegek \u00e9letmin\u0151s\u00e9g\u00e9nek jav\u00edt\u00e1s\u00e1t is t\u00e1mogatni tudja.<\/p>\n<p style=\"text-align: justify;\"><b>Mire k\u00f6lti a c\u00e9g a befektetett \u00f6sszeget?<\/b><\/p>\n<p style=\"text-align: justify;\">A c\u00e9g az ig\u00e9nyelt forr\u00e1st a c\u00e9gm\u0171k\u00f6d\u00e9shez sz\u00fcks\u00e9ges \u00fczlet\u00e1gak fenntarthat\u00f3 p\u00e1ly\u00e1ra \u00e1ll\u00edt\u00e1s\u00e1nak finansz\u00edroz\u00e1s\u00e1ra k\u00edv\u00e1nja ford\u00edtani, amelyhez a mintaeszk\u00f6z\u00f6k beszerz\u00e9se, gy\u00e1rt\u00e1sa, fejleszt\u00e9se \u00e9s integr\u00e1tori tev\u00e9kenys\u00e9g kialak\u00edt\u00e1sa, illetve az emberi er\u0151forr\u00e1s fejleszt\u00e9se \u00e9s a jelenlegi munkaer\u0151-\u00e1llom\u00e1nyhoz kapcsol\u00f3d\u00f3 b\u00e9rfejleszt\u00e9s tartozik.<\/p>\n<p style=\"text-align: justify;\">","protected":false},"featured_media":0,"template":"","class_list":["post-19720","blog","type-blog","status-publish","hentry"],"acf":[],"_links":{"self":[{"href":"https:\/\/szta.hu\/en\/wp-json\/wp\/v2\/blog\/19720","targetHints":{"allow":["GET"]}}],"collection":[{"href":"https:\/\/szta.hu\/en\/wp-json\/wp\/v2\/blog"}],"about":[{"href":"https:\/\/szta.hu\/en\/wp-json\/wp\/v2\/types\/blog"}],"wp:attachment":[{"href":"https:\/\/szta.hu\/en\/wp-json\/wp\/v2\/media?parent=19720"}],"curies":[{"name":"wp","href":"https:\/\/api.w.org\/{rel}","templated":true}]}}