{"id":19723,"date":"2014-07-15T08:15:28","date_gmt":"2014-07-15T08:15:28","guid":{"rendered":"http:\/\/www.blog.sztateszt.7digits.net\/blog\/mennyi-ido-utan-kell-bevetelhez-jutnia-egy-kockazati-toket-igenylo-vallalatnak\/"},"modified":"2014-07-15T08:15:28","modified_gmt":"2014-07-15T08:15:28","slug":"mennyi-ido-utan-kell-bevetelhez-jutnia-egy-kockazati-toket-igenylo-vallalatnak","status":"publish","type":"blog","link":"https:\/\/szta.hu\/en\/blog\/mennyi-ido-utan-kell-bevetelhez-jutnia-egy-kockazati-toket-igenylo-vallalatnak\/","title":{"rendered":"Mennyi id\u0151 ut\u00e1n kell bev\u00e9telhez jutnia egy kock\u00e1zati t\u0151k\u00e9t ig\u00e9nyl\u0151 v\u00e1llalatnak?"},"content":{"rendered":"<p style=\"text-align: justify;\"><strong><img fetchpriority=\"high\" decoding=\"async\" class=\"alignleft size-medium wp-image-1640\" alt=\"lassu_bevetel\" src=\"https:\/\/szta.hu\/wp-content\/uploads\/2014\/07\/lassu_bevetel-300x169.png\" width=\"300\" height=\"169\" \/>K\u00e9pzelj\u00fck el, hogy van egy t\u00f6bb t\u00edzmilli\u00e1rd forintos, jelent\u0151s r\u00e9szben uni\u00f3s forr\u00e1sok kihelyez\u00e9s\u00e9re l\u00e9trej\u00f6tt orsz\u00e1gos t\u0151keprogram, amely portfoli\u00f3c\u00e9geinek jelent\u0151s r\u00e9sze a \u201ef\u00e9lid\u0151\u201d k\u00f6zel\u00e9ben egy\u00e1ltal\u00e1n nem, vagy csak elhanyagolhat\u00f3 m\u00e9rt\u00e9k\u0171 \u00e1rbev\u00e9tellel rendelkezik. Ez \u00f6nmag\u00e1ban m\u00e9g egy laikus sz\u00e1m\u00e1ra sem hangzik t\u00fal biztat\u00f3an, \u00e9s sajnos van is ennek alapja. A Figyel\u0151 j\u00falius 3-\u00e1n megjelent sz\u00e1ma adott helyzetjelent\u00e9st a Jeremie I. kock\u00e1zatit\u0151ke-programr\u00f3l. A cikkb\u0151l kider\u00fcl, hogy a nyilv\u00e1noss\u00e1gra hozott 90 c\u00e9gb\u0151l 51-nek alig volt \u00e1rbev\u00e9tele, ha volt egy\u00e1ltal\u00e1n. A k\u00e9rd\u00e9s, hogy t\u00e9nyleg ennyire rossz-e a helyzet, vagy csak kev\u00e9s inform\u00e1ci\u00f3nk van a k\u00f6zelg\u0151 nagy durran\u00e1sokr\u00f3l.<\/strong><\/p>\n<p style=\"text-align: justify;\">Term\u00e9szetesen nem lehet elmenni amellett, hogy itt startupokr\u00f3l \u00e9s magvet\u0151 c\u00e9gekr\u0151l van sz\u00f3, teh\u00e1t az \u00fczleti terv kialak\u00edt\u00e1s\u00e1ban nincs ir\u00e1nyad\u00f3 m\u00faltb\u00e9li teljes\u00edtm\u00e9ny, ezzel egy\u00fctt pedig nagyobb a kock\u00e1zat, \u00e9s sokszor nincs \u00e1rbev\u00e9tel. A kezdeti tervek \u2013 f\u0151leg az innov\u00e1ci\u00f3s tev\u00e9kenys\u00e9get v\u00e9gz\u0151 c\u00e9gek eset\u00e9ben \u2013 \u00e1ltal\u00e1ban nagyr\u00e9szt a kutat\u00e1sra \u00e9s fejleszt\u00e9sre \u00f6sszpontos\u00edtanak, \u00e9s csak ezut\u00e1n j\u00f6n a piacra l\u00e9p\u00e9s, majd a t\u00e9nyleges n\u00f6veked\u00e9s. Azonban gyakori azon v\u00e1llalatok k\u00f6re, amelyek m\u00e1r nem csup\u00e1n \u00f6tlettel, hanem k\u00e9sz, sorozatgy\u00e1rt\u00e1sra v\u00e1r\u00f3 protot\u00edpus term\u00e9kkel, vagy bevezet\u00e9s el\u0151tt \u00e1ll\u00f3 szolg\u00e1ltat\u00e1ssal \u00e1llnak a befektet\u00e9sr\u0151l d\u00f6nt\u0151 bizotts\u00e1g el\u00e9.<!--more--><\/p>\n<p style=\"text-align: justify;\">A 2009-ben indult program kezdete \u00f3ta teh\u00e1t n\u00e9gy teljes \u00e9v telt el, befektet\u00e9senk\u00e9nt elt\u00e9r\u0151 id\u0151tartammal. Ez id\u0151 alatt m\u00e9g egy\u00e1ltal\u00e1n nem elv\u00e1r\u00e1s, hogy egy c\u00e9g kimagasl\u00f3 hozamot \u00e9rjen el, ilyen ill\u00fazi\u00f3i nincsenek a befektet\u0151knek. Ennyi id\u0151 alatt azonban m\u00e1r egy m\u00e1sodik befektet\u0151 fel szokott t\u0171nni a sz\u00ednen az igaz\u00e1n nagy j\u00f6v\u0151vel kecsegtet\u0151 v\u00e1llalkoz\u00e1sn\u00e1l. \u00c1ltal\u00e1ban a kezdeti l\u00e9p\u00e9sek viszik el a legt\u00f6bb forr\u00e1st, a profit ilyenkor m\u00e9g nem elv\u00e1rt, de az \u00e1rbev\u00e9tel \u2013 vagy annak hi\u00e1nya \u2013 ir\u00e1nymutat\u00f3 lehet a j\u00f6v\u0151re. Azonban a t\u0151kebefektet\u00e9snek van meghat\u00e1rozott elv\u00e1rt minimum hozama, amit a befektet\u0151 rem\u00e9l a kihelyez\u00e9s\u00e9rt cser\u00e9be. A Jeremie alapok eset\u00e9ben ez \u00e1ltal\u00e1ban \u00e9vi 20-30 sz\u00e1zal\u00e9k k\u00f6r\u00fcl mozog, teh\u00e1t nem \u00f6sszesen, hanem \u00e1tlagosan \u00e9vente kell ezt az ar\u00e1nyt el\u00e9rni. Az els\u0151 \u00e9vek alacsony hozam\u00e1t \u00edgy az utols\u00f3 \u00e9vek magas eredm\u00e9nyess\u00e9g\u00e9vel sz\u00fcks\u00e9ges behozni. Amennyiben m\u00e9g bev\u00e9tellel sem rendelkezik a c\u00e9g az els\u0151 k\u00e9t-h\u00e1rom \u00e9v alatt, a k\u00f6vetkez\u0151 id\u0151szakot t\u00f6bbsz\u00f6r\u00f6sen t\u00fal kellene teljes\u00edteni, hogy a befektet\u0151i elv\u00e1r\u00e1soknak eleget lehessen tenni. \u00c9ppen ez\u00e9rt, a teljes\u00edthet\u0151s\u00e9g sz\u00e1mba v\u00e9tele \u00e9s figyelemmel k\u00eds\u00e9r\u00e9se rendk\u00edv\u00fcl fontos sarokpont az \u00fczleti terv el\u0151k\u00e9sz\u00edt\u00e9s\u00e9n\u00e9l \u00e9s megval\u00f3s\u00edt\u00e1s\u00e1n\u00e1l. Min\u00e9l k\u00e9s\u0151bbi id\u0151pontra hat\u00e1rozza meg az \u00fczleti terv az els\u0151 bev\u00e9teleket, ann\u00e1l nagyobb lesz a kock\u00e1zat.<\/p>\n<p style=\"text-align: justify;\">A Sz\u00e9chenyi T\u0151kealapn\u00e1l teljesen m\u00e1s a helyzet, ugyanis nem startupokr\u00f3l \u00e9s magvet\u0151kr\u0151l, hanem jellemz\u0151en legal\u00e1bb k\u00e9t \u00e9ve m\u0171k\u00f6d\u0151 c\u00e9gekr\u0151l van sz\u00f3, alacsonyabb elv\u00e1rt hozam mellett t\u00f6rt\u00e9nnek a besz\u00e1ll\u00e1sok. Ilyenkor egyr\u00e9szt alacsonyabb a kock\u00e1zat, m\u00e1sr\u00e9szt a c\u00e9gnek m\u00e1r van bev\u00e9tele, illetve ak\u00e1r nyeres\u00e9ge, vagy lehet\u0151s\u00e9ge a nagyobb profitra. \u00cdgy a bev\u00e9tel el\u00e9r\u00e9se nem \u00faj feladat, a bev\u00e9teln\u00f6veked\u00e9sre viszont hangs\u00falyt kell fektetni. Az SZTA portfoli\u00f3j\u00e1ban l\u00e9v\u0151 c\u00e9gek t\u00f6bbs\u00e9ge el\u00e9rte ezt a kit\u0171z\u00f6tt c\u00e9lt, a t\u00f6bb mint k\u00e9t \u00e9ve megval\u00f3sul\u00f3 befektet\u00e9sek eset\u00e9ben pedig ez az ar\u00e1ny 75 sz\u00e1zal\u00e9k. Ebb\u0151l is l\u00e1tszik, hogy a n\u00f6veked\u00e9si c\u00e9lokat nem az els\u0151 \u00e9vre, hanem a k\u00f6vetkez\u0151kre kell meghat\u00e1rozni. Min\u00e9l r\u00e9gebben t\u00f6rt\u00e9nt a befektet\u00e9s, a v\u00e1llalatnak ann\u00e1l jobb eredm\u00e9nyeket kellene sz\u00e1ll\u00edtania. \u00c9ppen ez\u00e9rt val\u00f3s aggodalomra adhat okot, ha t\u00f6bb \u00e9ves befektet\u00e9sek csup\u00e1n a minim\u00e1lis, s\u0151t nulla \u00e1rbev\u00e9telt \u00e9rnek el, \u00e9s a term\u00e9k vagy szolg\u00e1ltat\u00e1s nem jut el a piaci bevezet\u00e9sig \u00e9s tesztel\u00e9sig sem. Az elv\u00e1rt hozam el\u00e9r\u00e9se pedig m\u00e9g csak ezut\u00e1n j\u00f6n.<\/p>","protected":false},"featured_media":0,"template":"","class_list":["post-19723","blog","type-blog","status-publish","hentry"],"acf":[],"_links":{"self":[{"href":"https:\/\/szta.hu\/en\/wp-json\/wp\/v2\/blog\/19723","targetHints":{"allow":["GET"]}}],"collection":[{"href":"https:\/\/szta.hu\/en\/wp-json\/wp\/v2\/blog"}],"about":[{"href":"https:\/\/szta.hu\/en\/wp-json\/wp\/v2\/types\/blog"}],"wp:attachment":[{"href":"https:\/\/szta.hu\/en\/wp-json\/wp\/v2\/media?parent=19723"}],"curies":[{"name":"wp","href":"https:\/\/api.w.org\/{rel}","templated":true}]}}