{"id":19725,"date":"2014-07-25T07:55:36","date_gmt":"2014-07-25T07:55:36","guid":{"rendered":"http:\/\/www.blog.sztateszt.7digits.net\/blog\/a-kreativipar-magyarorszagi-lehetosegeirol-beszelgettunk-tusvanyoson\/"},"modified":"2014-07-25T07:55:36","modified_gmt":"2014-07-25T07:55:36","slug":"a-kreativipar-magyarorszagi-lehetosegeirol-beszelgettunk-tusvanyoson","status":"publish","type":"blog","link":"https:\/\/szta.hu\/en\/blog\/a-kreativipar-magyarorszagi-lehetosegeirol-beszelgettunk-tusvanyoson\/","title":{"rendered":"A kreat\u00edvipar magyarorsz\u00e1gi lehet\u0151s\u00e9geir\u0151l besz\u00e9lgett\u00fcnk Tusv\u00e1nyoson"},"content":{"rendered":"<p style=\"text-align: justify;\"><strong><img decoding=\"async\" class=\"alignleft size-medium wp-image-1017\" src=\"https:\/\/szta.hu\/wp-content\/uploads\/2013\/10\/Szechenyi_Tokealap-kezelo_Zrt_kreativ_ipar_dora-abodi_rekavago-300x148.png\" alt=\"Sz\u00e9chenyi T\u0151kealap - \u00dajabb pont a kreat\u00edv iparnak: Abodi D\u00f3ra \u00e9s V\u00e1g\u00f3 R\u00e9ka seg\u00edts\u00e9g\u00e9vel divatba j\u00f6tt a t\u0151ke\" width=\"300\" height=\"148\" \/>Megh\u00edv\u00e1st kaptunk Erd\u00e9ly egyik legrangosabb rendezv\u00e9ny\u00e9re, a Tusv\u00e1nyf\u00fcrd\u0151i Szabadegyetemre, ahol a Design Termin\u00e1l vend\u00e9gek\u00e9nt lehet\u0151s\u00e9g\u00fcnk volt besz\u00e9lgetni a kreat\u00edvipar lehet\u0151s\u00e9geir\u0151l \u00e9s a befektet\u00e9sek fontoss\u00e1g\u00e1r\u00f3l. Az aprop\u00f3 k\u00e9t vil\u00e1gh\u00edr\u0171 magyar fiatal divattervez\u0151 \u2013 Abodi D\u00f3ra \u00e9s V\u00e1g\u00f3 R\u00e9ka \u2013, akik \u00faj lend\u00fcletet szerettek volna adni v\u00e1llalkoz\u00e1suknak, ez\u00e9rt fordultak t\u0151k\u00e9\u00e9rt az SZTA-hoz.<\/strong><\/p>\n<p style=\"text-align: justify;\">Aki v\u00e9gign\u00e9z az <a href=\"https:\/\/szta.hu\/en\/befekteteseink\/\" target=\"_blank\" rel=\"noopener\">Alap portfoli\u00f3c\u00e9gein<\/a>, annak r\u00f6gt\u00f6n szembet\u0171nhet, hogy bizonyos szektorokat t\u00f6bb v\u00e1llalkoz\u00e1s is k\u00e9pvisel. Ezek k\u00f6z\u00e9 tartozik p\u00e9ld\u00e1ul a f\u00e9mipar, az eg\u00e9szs\u00e9g\u00fcgy, a biotechnol\u00f3gia \u00e9s igen, a kreat\u00edvipar is. A kock\u00e1zati t\u0151k\u00e9t tal\u00e1n nem sokan kapcsolj\u00e1k \u00f6ssze a <a href=\"https:\/\/szta.hu\/en\/blog\/a-muveszet-es-az-uzlet-talalkozasa-is-lehet-befektetesi-terulet\/\" target=\"_blank\" rel=\"noopener\">m\u0171v\u00e9szettel<\/a> vagy a divattal, pedig rendk\u00edv\u00fcl sok lehet\u0151s\u00e9g van benn\u00fck, el\u00e9g megn\u00e9zni a k\u00e9t divattervez\u0151 hazai \u00e9s nemzetk\u00f6zi szinten el\u00e9rt sikereit \u00e9s d\u00edjait.<!--more--><\/p>\n<p style=\"text-align: justify;\">\u00c9s hogy mi\u00e9rt lehet vonz\u00f3 egy t\u0151kealap sz\u00e1m\u00e1ra a szektor? Term\u00e9szetesen most eltekint\u00fcnk minden eszt\u00e9tikai jelleg\u0171 k\u00e9rd\u00e9st\u0151l, \u00e9s a kreat\u00edviparra mint \u00fczletre tekint\u00fcnk. Egyr\u00e9szt megvan benne az az egyedis\u00e9g, az a plusz \u00e9rt\u00e9k, amely megfelel\u0151 tervez\u00e9ssel ak\u00e1r r\u00f6vid id\u0151n bel\u00fcl is kiugr\u00f3 elismerts\u00e9get \u00e9s sikert hozhat. M\u00e1sr\u00e9szt pedig szigor\u00faan \u00fczleti alapon m\u0171k\u00f6dik, vagyis a piact\u00f3l f\u00fcgg. Ez azt jelenti, hogy ugyan\u00fagy lehet \u00e9s kell tervezni, strat\u00e9gi\u00e1t megalkotni, arculatot l\u00e9trehozni, term\u00e9keket gy\u00e1rtani, menedzselni a siker \u00e9rdek\u00e9ben, ahogy m\u00e1s, hagyom\u00e1nyos tev\u00e9kenys\u00e9get folytat\u00f3 v\u00e1llalatn\u00e1l.<\/p>\n<p style=\"text-align: justify;\">A kereslet mind itthon, mind k\u00fclf\u00f6ld\u00f6n adott, r\u00e1ad\u00e1sul a siker lehet\u0151s\u00e9ge is ott lapul a felt\u00f6rekv\u0151 v\u00e1llalkoz\u00e1sokban, \u00e9ppen ez\u00e9rt \u00e9rdemes professzion\u00e1lis \u00fczleti h\u00e1tt\u00e9rrel is t\u00e1mogatni \u0151ket. Befektet\u0151k\u00e9nt szeretj\u00fck az \u00edg\u00e9retes t\u00f6rt\u00e9neteket, Abodi D\u00f3r\u00e1\u00e9 \u00e9s V\u00e1g\u00f3 R\u00e9k\u00e1\u00e9 pedig m\u00e1r els\u0151 pillant\u00e1sra is annak t\u0171nt, \u00edgy befektet\u00e9s\u00fcnkkel mi is hozz\u00e1j\u00e1rulhattunk a hazai divatipar fellend\u00edt\u00e9s\u00e9hez.<\/p>\n<p style=\"text-align: justify;\">Kor\u00e1bban m\u00e1r \u00edrtunk a k\u00e9t v\u00e1llalkoz\u00f3 t\u00f6rt\u00e9net\u00e9r\u0151l, \u00e9rdemes mindkett\u0151t elolvasni:<\/p>\n<ul>\n<li><a href=\"https:\/\/szta.hu\/en\/blog\/abodi-dora-aki-a-nemzetkozi-divatszakma-es-lady-gaga-figyelmet-mar-felkeltette\/\" target=\"_blank\" rel=\"noopener\">Abodi D\u00f3ra<\/a>, aki a nemzetk\u00f6zi divatszakma figyelm\u00e9t m\u00e1r felkeltette<\/li>\n<li><a href=\"https:\/\/szta.hu\/en\/blog\/vago-reka-a-cipotervezes-hazai-csillaganak-alkotasaival-hamarosan-egyre-tobb-helyen-talalkozhatunk\/\" target=\"_blank\" rel=\"noopener\">V\u00e1g\u00f3 R\u00e9ka<\/a>: a cip\u0151tervez\u00e9s hazai csillag\u00e1nak alkot\u00e1saival m\u00e1r egyre t\u00f6bb helyen tal\u00e1lkozhatunk<\/li>\n<\/ul>\n<p style=\"text-align: justify;\">Aki a term\u00e9kekre \u00e9s magukra a divattervez\u0151kre is k\u00edv\u00e1ncsi, annak aj\u00e1nljuk figyelm\u00e9be a k\u00f6vetkez\u0151 <a href=\"https:\/\/www.youtube.com\/watch?v=fjJBjhc4NCg\" target=\"_blank\" rel=\"noopener nofollow\">vide\u00f3t<\/a>:<\/p>\n<p style=\"text-align: center;\"><iframe src=\"\/\/www.youtube.com\/embed\/fjJBjhc4NCg\" width=\"560\" height=\"315\" frameborder=\"0\" allowfullscreen=\"allowfullscreen\"><\/iframe><\/p>","protected":false},"featured_media":0,"template":"","class_list":["post-19725","blog","type-blog","status-publish","hentry"],"acf":[],"_links":{"self":[{"href":"https:\/\/szta.hu\/en\/wp-json\/wp\/v2\/blog\/19725","targetHints":{"allow":["GET"]}}],"collection":[{"href":"https:\/\/szta.hu\/en\/wp-json\/wp\/v2\/blog"}],"about":[{"href":"https:\/\/szta.hu\/en\/wp-json\/wp\/v2\/types\/blog"}],"wp:attachment":[{"href":"https:\/\/szta.hu\/en\/wp-json\/wp\/v2\/media?parent=19725"}],"curies":[{"name":"wp","href":"https:\/\/api.w.org\/{rel}","templated":true}]}}