{"id":2751,"date":"2016-12-02T09:54:12","date_gmt":"2016-12-02T09:54:12","guid":{"rendered":"http:\/\/www.blog.sztateszt.7digits.net\/blog\/ujabb-izgalmas-befektetessel-bovult-a-hazai-tokepiac-legnagyobb-divatipari-cegportfolioja\/"},"modified":"2016-12-02T09:54:12","modified_gmt":"2016-12-02T09:54:12","slug":"ujabb-izgalmas-befektetessel-bovult-a-hazai-tokepiac-legnagyobb-divatipari-cegportfolioja","status":"publish","type":"blog","link":"https:\/\/szta.hu\/en\/blog\/ujabb-izgalmas-befektetessel-bovult-a-hazai-tokepiac-legnagyobb-divatipari-cegportfolioja\/","title":{"rendered":"\u00dajabb izgalmas befektet\u00e9ssel b\u0151v\u00fclt a hazai t\u0151kepiac legnagyobb divatipari c\u00e9gportf\u00f3li\u00f3ja"},"content":{"rendered":"<p style=\"text-align: justify;\"><strong><img fetchpriority=\"high\" decoding=\"async\" class=\"wp-image-2086 size-medium alignleft\" src=\"https:\/\/szta.hu\/wp-content\/uploads\/2016\/12\/2016-12-02-1-300x200.jpg\" alt=\"2016-12-02\" width=\"300\" height=\"200\" \/>Az ABODI, az \u00c1ERON, a HAMERLI, a KONSANSZKY \u00e9s a REKAVAGO <a href=\"https:\/\/szta.hu\/en\/blog\/a-vilag-legfontosabb-divatesemenyein-vesznek-reszt-az-szta-divatipari-portfoliocegei\/\" target=\"_blank\" rel=\"noopener\">magyar divatm\u00e1rk\u00e1k<\/a> ut\u00e1n a pr\u00e9mium b\u0151r kieg\u00e9sz\u00edt\u0151k tervez\u00e9s\u00e9vel \u00e9s gy\u00e1rt\u00e1s\u00e1val foglalkoz\u00f3 AGNESKOVACS leather design Kft. is \u00fajabb lehet\u0151s\u00e9get kap nemzetk\u00f6zi terjeszked\u00e9si c\u00e9ljai el\u00e9r\u00e9s\u00e9hez, miut\u00e1n a Sz\u00e9chenyi T\u0151kebefektet\u00e9si Alap 30 milli\u00f3 forint \u00e9rt\u00e9k\u0171 kock\u00e1zati t\u0151ke befektet\u00e9s\u00e9r\u0151l d\u00f6nt\u00f6tt. Ezzel az SZTA tov\u00e1bb b\u0151v\u00edtette diz\u00e1jn- \u00e9s divatipari c\u00e9gportf\u00f3li\u00f3j\u00e1t, amely jelenleg a legnagyobbnak sz\u00e1m\u00edt a hazai kock\u00e1zatit\u0151ke-piacon.<\/strong><\/p>\n<p style=\"text-align: justify;\">Az AGNESKOVACS m\u00e1rk\u00e1ban rejl\u0151 potenci\u00e1lr\u00f3l sokat elmond, hogy m\u00e1r a kft. tavalyi megalap\u00edt\u00e1s\u00e1t k\u00f6vet\u0151 \u00e9vben pozit\u00edv p\u00e9nz\u00fcgyi eredm\u00e9nyt \u00e9rt el. Ez els\u0151sorban a c\u00e9g n\u00e9vad\u00f3, tehets\u00e9ges divattervez\u0151j\u00e9nek \u00e9s <a href=\"https:\/\/szta.hu\/en\/blog\/a-menedzsment-kepessegei-a-kockazati-tokesnek-is-kulcsfontossaguak\/\" target=\"_blank\" rel=\"noopener\">tapasztalt szakemberg\u00e1rd\u00e1j\u00e1nak<\/a>, j\u00f3 min\u0151s\u00e9g\u0171 term\u00e9keinek \u00e9s megfelel\u0151en kidolgozott <a href=\"https:\/\/szta.hu\/en\/blog\/otbol-egy-hazai-vallalkozas-nem-keszul-tudatosan-a-jovojere\/\" target=\"_blank\" rel=\"noopener\">\u00fczleti terv\u00e9nek<\/a> is k\u00f6sz\u00f6nhet\u0151. Ezek a t\u00e9nyez\u0151k pedig egyt\u0151l egyig fontos felt\u00e9telei egy t\u0151kebefektet\u0151 meggy\u0151z\u00e9s\u00e9nek.<!--more--><\/p>\n<p style=\"text-align: justify;\">A v\u00e1llalkoz\u00e1s c\u00e9lja, hogy kollekci\u00f3i a nemzetk\u00f6zi divatipar kiemelt k\u00f6zpontjaiban, t\u00f6bbek k\u00f6z\u00f6tt New Yorkban, Londonban \u00e9s P\u00e1rizsban, valamint \u00c1zsi\u00e1ban is el\u00e9rhet\u0151ek legyenek. Ennek megfelel\u0151en a t\u0151keforr\u00e1sb\u00f3l a c\u00e9g els\u0151sorban a nemzetk\u00f6zi partnerkapcsolati h\u00e1l\u00f3zat ki\u00e9p\u00edt\u00e9s\u00e9t, emellett a gy\u00e1rt\u00e1si volumen n\u00f6vel\u00e9s\u00e9t, az alapanyag-beszerz\u00e9st, valamint a hum\u00e1ner\u0151forr\u00e1s b\u0151v\u00edt\u00e9s\u00e9t finansz\u00edrozza. Az SZTA divatipari c\u00e9geinek sikereir\u0151l <a href=\"https:\/\/szta.hu\/en\/blog\/a-vilag-legfontosabb-divatesemenyein-vesznek-reszt-az-szta-divatipari-portfoliocegei\/\" target=\"_blank\" rel=\"noopener\">m\u00e1r t\u00f6bbsz\u00f6r is \u00edrtunk<\/a>, a portf\u00f3li\u00f3 kib\u0151v\u00fcl\u00e9se pedig v\u00e1rhat\u00f3an csak m\u00e9g tov\u00e1bb gyarap\u00edtja a nemzetk\u00f6zi sikerek list\u00e1j\u00e1t.<\/p>\n<p style=\"text-align: justify;\">A leg\u00fajabb divatipari portf\u00f3li\u00f3c\u00e9g magas min\u0151s\u00e9g\u0171, b\u0151rb\u0151l k\u00e9sz\u00fclt diz\u00e1jner f\u00e9rfi \u00e9s n\u0151i t\u00e1sk\u00e1k tervez\u00e9s\u00e9vel \u00e9s gy\u00e1rt\u00e1s\u00e1val foglalkozik, emellett a m\u00e1rk\u00e1hoz tartoznak kisebb kieg\u00e9sz\u00edt\u0151k is, p\u00e9ld\u00e1ul b\u0151r\u00e9kszerek, p\u00e9nzt\u00e1rc\u00e1k, tokok \u00e9s \u00f6vek. Az AGNESKOVACS a pr\u00e9mium kateg\u00f3ri\u00e1n bel\u00fcl az innovat\u00edv diz\u00e1jnnal \u00e9s hat\u00e1rozott, egyedi eszt\u00e9tik\u00e1val rendelkez\u0151 tervez\u0151i m\u00e1rk\u00e1k k\u00f6z\u00e9 illeszthet\u0151. A c\u00e9g valamennyi term\u00e9k\u00e9t a Kov\u00e1cs \u00c1gnes divattervez\u0151 \u00e1ltal megtervezett \u00e9s kidolgozott protot\u00edpusok alapj\u00e1n gy\u00e1rtja. Minden t\u00e1ska k\u00e9zzel k\u00e9sz\u00fcl, amelyekhez kiz\u00e1r\u00f3lag v\u00e1logatott, hib\u00e1tlan min\u0151s\u00e9g\u0171, olasz cserz\u0151m\u0171helyekb\u0151l sz\u00e1rmaz\u00f3 b\u0151r\u00f6k ker\u00fclnek felhaszn\u00e1l\u00e1sra, emellett a m\u00e1rka folyamatosan kutatja a hasonl\u00f3 tart\u00e1ssal rendelkez\u0151, term\u00e9szetes eredet\u0171 anyag alternat\u00edv\u00e1kat (p\u00e9ld\u00e1ul gyapj\u00fafilc vagy h\u0151form\u00e1zott textilek).<\/p>\n<p style=\"text-align: justify;\">A csapat azon dolgozik, hogy a m\u00e1rk\u00e1val sz\u00e9lesebb n\u0151i \u00e9s f\u00e9rfi k\u00f6z\u00f6ns\u00e9get sz\u00f3l\u00edtson meg, \u00edgy term\u00e9kkollekci\u00f3j\u00e1ban a klasszikus vonal mellett az egyre n\u00e9pszer\u0171bb\u00e9 v\u00e1l\u00f3, kev\u00e9sb\u00e9 konvencion\u00e1lis t\u00e1skat\u00edpusok is helyet kapnak. A f\u00e9rfiak v\u00e1rhat\u00f3an a j\u00f6v\u0151ben a kieg\u00e9sz\u00edt\u0151k piac\u00e1nak egyre fontosabb motorj\u00e1v\u00e1 v\u00e1lnak, ugyanis az elm\u00falt h\u00e1rom \u00e9vben a hozz\u00e1\u00e1ll\u00e1suk a divathoz l\u00e1that\u00f3an v\u00e1ltozott \u2013 jobban k\u00f6vetik a divattrendeket, t\u00f6bbet k\u00f6ltenek megjelen\u00e9s\u00fckre \u2013, illetve az el\u0151rejelz\u00e9sek is ezt t\u00e1masztj\u00e1k al\u00e1. Ennek megfelel\u0151en az AGNESKOVACS a tov\u00e1bbiakban erre a vonalra is egyre nagyobb hangs\u00falyt k\u00edv\u00e1n helyezni, pr\u00e9mium b\u0151rt\u00e1sk\u00e1it \u00e9s egy\u00e9b kieg\u00e9sz\u00edt\u0151it a nemzetk\u00f6zi c\u00e9lpiacain akt\u00edv f\u00e9rfi v\u00e1s\u00e1rl\u00f3k egyedi ig\u00e9nyeinek megfelel\u0151en igyekszik kialak\u00edtani.<\/p>\n<p style=\"text-align: justify;\">A fot\u00f3t K\u00e1rolyi Gy\u00f6rgy k\u00e9sz\u00edtette, a tov\u00e1bbi term\u00e9kek az <a href=\"https:\/\/www.agneskovacs.hu\/\" target=\"_blank\" rel=\"noopener nofollow\">AGNESKOVACS honlapj\u00e1n<\/a>\u00a0tekinthet\u0151k meg.<\/p>","protected":false},"featured_media":2086,"template":"","class_list":["post-2751","blog","type-blog","status-publish","has-post-thumbnail","hentry"],"acf":[],"_links":{"self":[{"href":"https:\/\/szta.hu\/en\/wp-json\/wp\/v2\/blog\/2751","targetHints":{"allow":["GET"]}}],"collection":[{"href":"https:\/\/szta.hu\/en\/wp-json\/wp\/v2\/blog"}],"about":[{"href":"https:\/\/szta.hu\/en\/wp-json\/wp\/v2\/types\/blog"}],"wp:featuredmedia":[{"embeddable":true,"href":"https:\/\/szta.hu\/en\/wp-json\/"}],"wp:attachment":[{"href":"https:\/\/szta.hu\/en\/wp-json\/wp\/v2\/media?parent=2751"}],"curies":[{"name":"wp","href":"https:\/\/api.w.org\/{rel}","templated":true}]}}