{"id":5891,"date":"2016-12-23T14:20:31","date_gmt":"2016-12-23T14:20:31","guid":{"rendered":"http:\/\/www.blog.sztateszt.7digits.net\/?post_type=blog&amp;p=5891"},"modified":"2016-12-23T14:20:31","modified_gmt":"2016-12-23T14:20:31","slug":"mindenkinek-kellemes-unnepeket-kivan-szechenyi-tokealap-kezelo-zrt-2","status":"publish","type":"blog","link":"https:\/\/szta.hu\/en\/blog\/mindenkinek-kellemes-unnepeket-kivan-szechenyi-tokealap-kezelo-zrt-2\/","title":{"rendered":"Mindenkinek kellemes \u00fcnnepeket k\u00edv\u00e1n a Sz\u00e9chenyi T\u0151kealap-kezel\u0151 Zrt.!"},"content":{"rendered":"<p><img fetchpriority=\"high\" decoding=\"async\" class=\"aligncenter size-full wp-image-4281\" src=\"https:\/\/szta.hu\/wp-content\/uploads\/2016\/12\/SZTA_boldog_karacsonyt_2016.jpg\" alt=\"szta_boldog_karacsonyt_2016\" width=\"599\" height=\"842\" \/><\/p>","protected":false},"featured_media":2711,"template":"","class_list":["post-5891","blog","type-blog","status-publish","has-post-thumbnail","hentry"],"acf":[],"_links":{"self":[{"href":"https:\/\/szta.hu\/en\/wp-json\/wp\/v2\/blog\/5891","targetHints":{"allow":["GET"]}}],"collection":[{"href":"https:\/\/szta.hu\/en\/wp-json\/wp\/v2\/blog"}],"about":[{"href":"https:\/\/szta.hu\/en\/wp-json\/wp\/v2\/types\/blog"}],"wp:featuredmedia":[{"embeddable":true,"href":"https:\/\/szta.hu\/en\/wp-json\/"}],"wp:attachment":[{"href":"https:\/\/szta.hu\/en\/wp-json\/wp\/v2\/media?parent=5891"}],"curies":[{"name":"wp","href":"https:\/\/api.w.org\/{rel}","templated":true}]}}