{"id":7281,"date":"2017-01-11T10:30:28","date_gmt":"2017-01-11T10:30:28","guid":{"rendered":"http:\/\/www.blog.sztateszt.7digits.net\/?post_type=blog&amp;p=7281"},"modified":"2017-01-11T10:30:28","modified_gmt":"2017-01-11T10:30:28","slug":"digitalis-startup-strategia-igy-valhat-viragzo-startup-fovarossa-budapest","status":"publish","type":"blog","link":"https:\/\/szta.hu\/en\/blog\/digitalis-startup-strategia-igy-valhat-viragzo-startup-fovarossa-budapest\/","title":{"rendered":"Digit\u00e1lis Startup Strat\u00e9gia \u2013 \u00cdgy v\u00e1lhat vir\u00e1gz\u00f3 startup f\u0151v\u00e1ross\u00e1 Budapest"},"content":{"rendered":"<p style=\"text-align: justify;\"><strong><img fetchpriority=\"high\" decoding=\"async\" class=\"alignleft size-medium wp-image-7291\" src=\"https:\/\/szta.hu\/wp-content\/uploads\/2017\/01\/digitaliz\u00e1cio-300x169.jpg\" alt=\"digitalizacio\" width=\"300\" height=\"169\" \/>A korm\u00e1ny december v\u00e9g\u00e9n elfogadta <a href=\"https:\/\/www.kormany.hu\/download\/d\/8c\/e0000\/Magyarorsz%C3%A1g%20Digit%C3%A1lis%20Startup%20Strat%C3%A9gi%C3%A1ja.pdf\" target=\"_blank\" rel=\"noopener nofollow\">Magyarorsz\u00e1g Digit\u00e1lis Startup Strat\u00e9gi\u00e1j\u00e1t (DSS)<\/a><\/strong><strong>, amely \u00f6t pill\u00e9r ment\u00e9n szeml\u00e9lteti a hazai digit\u00e1lis startup v\u00e1llalkoz\u00e1sokra vonatkoz\u00f3 fejleszt\u00e9si strat\u00e9gi\u00e1t 2020-ig. A DSS c\u00e9lja az innovat\u00edv, nagy n\u00f6veked\u00e9si potenci\u00e1llal rendelkez\u0151 startupok l\u00e9trej\u00f6tt\u00e9nek \u00e9s fejl\u0151d\u00e9s\u00e9nek t\u00e1mogat\u00e1sa, hogy Budapest, valamint a vid\u00e9ki ipari \u00e9s egyetemi kutat\u00f3k\u00f6zpontok ez\u00e1ltal is vir\u00e1gz\u00f3 <a href=\"https:\/\/szta.hu\/blog\/ha-budapest-startup-fovaros-a-videk-micsoda\/\" target=\"_blank\" rel=\"noopener\">startup k\u00f6zpontt\u00e1<\/a> v\u00e1lhassanak<\/strong><strong>.<\/strong><!--more--><\/p>\n<p style=\"text-align: justify;\">A K+F+I tev\u00e9kenys\u00e9gre \u00e9p\u00fcl\u0151 <a href=\"https:\/\/szta.hu\/blog\/versenyelonyt-jelent-a-digitalizacio-10-bol-9-hazai-ceg-szerint-igen\/\" target=\"_blank\" rel=\"noopener\">digit\u00e1lis gazdas\u00e1g<\/a> jelenleg Magyarorsz\u00e1g GDP-j\u00e9nek t\u00f6bb mint 20 sz\u00e1zal\u00e9k\u00e1t adja \u00e9s a foglalkoztatottak csaknem 15 sz\u00e1zal\u00e9k\u00e1nak biztos\u00edt munk\u00e1t. Ennek felismer\u00e9se vezetett a 2015-\u00f6s InternetKon, az internetr\u0151l \u00e9s a digit\u00e1lis fejleszt\u00e9sekr\u0151l kezdem\u00e9nyezett nemzeti webes konzult\u00e1ci\u00f3 megrendez\u00e9s\u00e9hez, amelynek figyelembe v\u00e9tel\u00e9vel l\u00e9trej\u00f6tt Digit\u00e1lis J\u00f3l\u00e9t Program egyik fontos eleme Magyarorsz\u00e1g Digit\u00e1lis Startup Strat\u00e9gi\u00e1ja.<\/p>\n<p>[post_newsletter title=&#8221;Iratkozzon fel h\u00edrlevel\u00fcnkre!&#8221;][\/post_newsletter]<\/p>\n<p style=\"text-align: justify;\">A <a href=\"https:\/\/www.kormany.hu\/download\/d\/8c\/e0000\/Magyarorsz%C3%A1g%20Digit%C3%A1lis%20Startup%20Strat%C3%A9gi%C3%A1ja.pdf\" target=\"_blank\" rel=\"noopener nofollow\">DSS<\/a> defin\u00edci\u00f3j\u00e1ban a digit\u00e1lis startupok nagy n\u00f6veked\u00e9si potenci\u00e1llal rendelkez\u0151, a glob\u00e1lis piacon is \u00e9rtelmezhet\u0151, a digit\u00e1lis gazdas\u00e1g k\u00f6r\u00e9be sorolhat\u00f3 term\u00e9k-, szervezet-, \u00fczleti modell vagy szolg\u00e1ltat\u00e1s-innov\u00e1ci\u00f3ra \u00e9p\u00fcl\u0151, k\u00fcls\u0151 befektet\u00e9sre szorul\u00f3, m\u00e9ret\u00fcket tekintve jellemz\u0151en mikro-vagy kisv\u00e1llalkoz\u00e1sok. Az \u00e9rintett t\u00e1rsadalmi, k\u00f6zigazgat\u00e1si, szakmai \u00e9s piaci szerepl\u0151k bevon\u00e1s\u00e1val kidolgozott, 2020-ig megfogalmazott strat\u00e9gia ezen startupok fejl\u0151d\u00e9s\u00e9t k\u00edv\u00e1nja seg\u00edteni Budapesten \u00e9s a vid\u00e9ki kutat\u00f3k\u00f6zpontokban. Fontos kiemelni, hogy a \u201edigit\u00e1lis\u201d elnevez\u00e9s nem csup\u00e1n az IT szektorb\u00f3l \u00e9rkez\u0151 startupokat foglalja mag\u00e1ban, hiszen valamennyi hagyom\u00e1nyos (pl. eg\u00e9szs\u00e9g\u00fcgy, g\u00e9pipar) szektornak vannak olyan szolg\u00e1ltat\u00e1sai, melyek \u00e1thelyezhet\u0151k \u00e9s hat\u00e9konyan m\u0171k\u00f6dtethet\u0151k a digit\u00e1lis t\u00e9rben.<\/p>\n<p style=\"text-align: justify;\">A Digit\u00e1lis Strat\u00e9gi\u00e1ban megfogalmazott c\u00e9lok \u00e9s ajavasolt eszk\u00f6zrendszer \u00f6t pill\u00e9rre t\u00e1maszkodnak: (1) a v\u00e1llalkoz\u00f3i szellemnek, (2) a v\u00e1llalkoz\u00f3i kompetenci\u00e1knak \u00e9s (3) az egy\u00fcttm\u0171k\u00f6d\u00e9s kult\u00far\u00e1j\u00e1nak meger\u0151s\u00edt\u00e9s\u00e9vel, (4) a t\u00e1mogat\u00f3 \u00fczleti k\u00f6rnyezet fejleszt\u00e9s\u00e9vel, valamint (5) a finansz\u00edroz\u00e1si forr\u00e1sok c\u00e9lzott el\u00e9rhet\u0151v\u00e9 t\u00e9tel\u00e9vel k\u00edv\u00e1nj\u00e1k felvir\u00e1goztatni a magyar startup \u00f6kosziszt\u00e9m\u00e1t.<\/p>\n<p><img decoding=\"async\" class=\"size-medium wp-image-7301 aligncenter\" src=\"https:\/\/szta.hu\/wp-content\/uploads\/2017\/01\/digit\u00e1lis_startup_strat\u00e9gia-300x236.png\" alt=\"digitalis_startup_strategia\" width=\"300\" height=\"236\" \/><\/p>\n<p style=\"text-align: center;\"><em>Forr\u00e1s: <a href=\"https:\/\/www.kormany.hu\/download\/d\/8c\/e0000\/Magyarorsz%C3%A1g%20Digit%C3%A1lis%20Startup%20Strat%C3%A9gi%C3%A1ja.pdf\" target=\"_blank\" rel=\"noopener nofollow\">DSS<\/a>\u00a0<\/em><\/p>\n<p style=\"text-align: justify;\">A DSS \u00f6szt\u00f6n\u00f6zni k\u00edv\u00e1nja a v\u00e1llalkoz\u00f3i l\u00e9tet \u00e9s \u00f6nfoglalkoztat\u00e1st, tov\u00e1bb\u00e1 f\u0151 c\u00e9ljai k\u00f6zt szerepel a v\u00e1llalkoz\u00f3i l\u00e9t t\u00e1rsadalmi meg\u00edt\u00e9l\u00e9s\u00e9nek jav\u00edt\u00e1sa. Emellett kiemelten fontosnak tartja a digit\u00e1lis \u00e9s nyelvi, illetve a kommunik\u00e1ci\u00f3s \u00e9s marketing kompetenci\u00e1k fejleszt\u00e9s\u00e9t valamennyi indul\u00f3 v\u00e1llalkoz\u00e1s eset\u00e9ben. A startup \u00f6kosziszt\u00e9ma fontos elemeik\u00e9nt tekint az inkub\u00e1torh\u00e1zakra \u00e9s a mentori h\u00e1l\u00f3zatokra, l\u00e9trej\u00f6tt\u00fcket \u00e9s fejl\u0151d\u00e9s\u00fcket szint\u00e9n t\u00e1mogatja. Ezenk\u00edv\u00fcl biztos\u00edtani k\u00edv\u00e1nja a k\u00fcl\u00f6nb\u00f6z\u0151 \u00e9letszakaszban l\u00e9v\u0151 startupok sz\u00e1m\u00e1ra a finansz\u00edroz\u00e1si forr\u00e1sok, k\u00f6zt\u00fck kiemelten a kock\u00e1zati t\u0151ke el\u00e9rhet\u0151s\u00e9g\u00e9t.<\/p>\n<p style=\"text-align: justify;\">A Strat\u00e9gia a hazai digit\u00e1lis startupok m\u0171k\u00f6d\u00e9s\u00e9re vonatkoz\u00f3an alapvet\u0151en rendk\u00edv\u00fcl pozit\u00edv strat\u00e9gi\u00e1t, v\u00edzi\u00f3t hat\u00e1roz meg, azonban a c\u00e9l-\u00e9s eszk\u00f6zrendszert egyel\u0151re <a href=\"https:\/\/www.hwsw.hu\/hirek\/56621\/digitalis-startup-strategia-kormany-vallalkozas-konzultacio-vizio.html\" target=\"_blank\" rel=\"noopener nofollow\">v\u00e1zlatos form\u00e1ban dolgozt\u00e1k ki<\/a>. Ezeket k\u00e9t horizont\u00e1lis eszk\u00f6z, a strat\u00e9giai int\u00e9zked\u00e9sek operacionaliz\u00e1l\u00e1s\u00e1t szolg\u00e1l\u00f3 Int\u00e9zked\u00e9si Terv \u00e9s a strat\u00e9gia int\u00e9zked\u00e9seinek akci\u00f3tervi kibont\u00e1s\u00e1\u00e9rt felel\u0151s Startup Hungary k\u00f6zpont fogja r\u00e9szleteiben kialak\u00edtani a j\u00f6v\u0151ben. Hasonl\u00f3k\u00e9ppen sz\u00fcks\u00e9g van a hazai startup\u00e9let k\u00e9pvisel\u0151ivel val\u00f3 akt\u00edv p\u00e1rbesz\u00e9dre, illetve a p\u00e1rbesz\u00e9d megval\u00f3s\u00edt\u00e1s\u00e1t biztos\u00edt\u00f3 felt\u00e9telek kialak\u00edt\u00e1s\u00e1ra. Ezek a l\u00e9p\u00e9sek n\u00e9lk\u00fcl\u00f6zhetetlenek ahhoz, hogy a strat\u00e9giai c\u00e9lok \u00e9s az eszk\u00f6z\u00f6k alkalmazkodni tudjanak a hazai piaci helyzethez \u00e9s a szerepl\u0151k ig\u00e9nyeihez.<\/p>\n","protected":false},"featured_media":7291,"template":"","class_list":["post-7281","blog","type-blog","status-publish","has-post-thumbnail","hentry"],"acf":[],"_links":{"self":[{"href":"https:\/\/szta.hu\/en\/wp-json\/wp\/v2\/blog\/7281","targetHints":{"allow":["GET"]}}],"collection":[{"href":"https:\/\/szta.hu\/en\/wp-json\/wp\/v2\/blog"}],"about":[{"href":"https:\/\/szta.hu\/en\/wp-json\/wp\/v2\/types\/blog"}],"wp:featuredmedia":[{"embeddable":true,"href":"https:\/\/szta.hu\/en\/wp-json\/"}],"wp:attachment":[{"href":"https:\/\/szta.hu\/en\/wp-json\/wp\/v2\/media?parent=7281"}],"curies":[{"name":"wp","href":"https:\/\/api.w.org\/{rel}","templated":true}]}}