{"id":7374,"date":"2017-02-16T00:00:00","date_gmt":"2017-02-16T00:00:00","guid":{"rendered":"http:\/\/www.blog.sztateszt.7digits.net\/nem-lesz-mindig-ennyi-palyazati-forras-mire-keszuljenek-a-cegek-2020-utan\/"},"modified":"2017-02-16T00:00:00","modified_gmt":"2017-02-16T00:00:00","slug":"nem-lesz-mindig-ennyi-palyazati-forras-mire-keszuljenek-a-cegek-2020-utan","status":"publish","type":"blog","link":"https:\/\/szta.hu\/en\/blog\/nem-lesz-mindig-ennyi-palyazati-forras-mire-keszuljenek-a-cegek-2020-utan\/","title":{"rendered":"Nem lesz mindig ennyi p\u00e1ly\u00e1zati forr\u00e1s \u2013 mire k\u00e9sz\u00fcljenek a c\u00e9gek 2020 ut\u00e1n?"},"content":{"rendered":"<p><strong><img fetchpriority=\"high\" decoding=\"async\" class=\"alignleft wp-image-9041 size-medium\" src=\"https:\/\/szta.hu\/wp-content\/uploads\/2017\/02\/2020-300x200.jpg\" alt=\"p\u00e1ly\u00e1zati forr\u00e1sok 2020 ut\u00e1n\" width=\"300\" height=\"200\" \/>Az Eur\u00f3pai Uni\u00f3 2020 ut\u00e1n \u00e1talak\u00edtja p\u00e1ly\u00e1zati rendszer\u00e9t, aminek eredm\u00e9nyek\u00e9nt a k\u00f6vetkez\u0151 \u00e9vtizedt\u0151l a v\u00e1llalkoz\u00e1sok a kor\u00e1bbin\u00e1l j\u00f3val kevesebb vissza nem t\u00e9r\u00edtend\u0151 EU-s forr\u00e1sokhoz juthatnak hozz\u00e1. A l\u00e9p\u00e9s c\u00e9lja, hogy a visszat\u00e9r\u00edtend\u0151 forr\u00e1sok (hitel, kombin\u00e1lt hotel, kock\u00e1zati t\u0151ke) multiplik\u00e1tor hat\u00e1s\u00e1nak er\u0151s\u00edt\u00e9s\u00e9vel m\u00e9g nagyobb v\u00e1llalkoz\u00e1sfejleszt\u00e9sbe fektethet\u0151 \u00f6sszeg forogjon az egyes nemzetgazdas\u00e1gokban, \u00edgy Magyarorsz\u00e1gon is. Ez azt is jelenti, hogy a p\u00e1ly\u00e1zati forr\u00e1sokra nagym\u00e9rt\u00e9kben t\u00e1maszkod\u00f3 magyar kkv szektornak m\u00e9g ebben a k\u00f6lts\u00e9gvet\u00e9si ciklusban fel kell k\u00e9sz\u00fclnie a v\u00e1ltoz\u00e1sokra.<\/strong><\/p>\n<p>M\u00edg a 2007-2013. EU programoz\u00e1si id\u0151szakban meg\u00edt\u00e9lt t\u00e1mogat\u00e1sok alig h\u00e1rom sz\u00e1zal\u00e9ka volt visszat\u00e9r\u00edtend\u0151 p\u00e9nz\u00fcgyi eszk\u00f6z, addig a 2014-2020 k\u00f6z\u00f6tt el\u00e9rhet\u0151 Sz\u00e9chenyi 2020 program keret\u00f6sszeg\u00e9nek t\u00f6bb mint 8 sz\u00e1zal\u00e9ka h\u00edvhat\u00f3 le visszat\u00e9r\u00edtend\u0151 t\u00e1mogat\u00e1sk\u00e9nt. A n\u00f6veked\u00e9s m\u00e9rt\u00e9k\u00e9t alapul v\u00e9ve a <a href=\"https:\/\/insiderblog.hu\/blogzine\/2016\/08\/26\/erdemes-keszulni-a-vallalkozasoknak-2020-utan-valtozik-az-eu-s-palyazati-rendszer\/\" target=\"_blank\" rel=\"noopener nofollow\">p\u00e9nz\u00fcgyi eszk\u00f6z\u00f6k ar\u00e1nya az Eur\u00f3pai Uni\u00f3 c\u00e9lkit\u0171z\u00e9seit figyelembe v\u00e9ve v\u00e1rhat\u00f3an ak\u00e1r 20-30 sz\u00e1zal\u00e9kra is megn\u0151het<\/a>, ami ak\u00e1r t\u00f6bb ezermilli\u00e1rd forintot is jelenthet.\u00a0Magyarul: ak\u00e1r ennyivel kevesebb vissza nem t\u00e9r\u00edtend\u0151 \u00e9s ennyivel t\u00f6bb visszat\u00e9r\u00edtend\u0151 forr\u00e1s \u00e1llhat majd a fejleszt\u00e9si forr\u00e1sokat ig\u00e9nyl\u0151 t\u00e1rsas\u00e1gok rendelkez\u00e9s\u00e9re.<\/p>\n<p><!--more--><\/p>\n<p>A jelenleg ismert p\u00e1ly\u00e1zati finansz\u00edroz\u00e1s t\u00f6bb olyan v\u00e1llalkoz\u00e1s sz\u00e1m\u00e1ra is lehet\u0151s\u00e9get biztos\u00edt bizonyos beruh\u00e1z\u00e1sok, fejleszt\u00e9sek kivitelez\u00e9s\u00e9hez, amelyek \u00f6ner\u0151b\u0151l nem tudn\u00e1k elind\u00edtani ezeket a projekteket. Mivel azonban a t\u00e1mogat\u00e1sok felhaszn\u00e1l\u00e1s\u00e1nak k\u00f6re jellemz\u0151en le van hat\u00e1rolva, valamint gyakran nem a v\u00e1llalkoz\u00e1s n\u00f6veked\u00e9s\u00e9hez sz\u00fcks\u00e9ges beruh\u00e1z\u00e1sokat t\u00e1mogatja, a megp\u00e1ly\u00e1zott \u00f6sszeg jellemz\u0151en r\u00f6vid t\u00e1von tud hasznosulni. Ezzel szemben az Eur\u00f3pai Uni\u00f3 azon kihelyezend\u0151 p\u00e9nz\u00fcgyi \u00f6sszegek ar\u00e1ny\u00e1t \u00e9s \u00e9rt\u00e9k\u00e9t k\u00edv\u00e1nja n\u00f6velni, amelyek visszafizet\u00e9se a v\u00e1llalkoz\u00e1sok p\u00e9nz\u00fcgyi strat\u00e9gi\u00e1j\u00e1nak alapos kidolgoz\u00e1s\u00e1t \u00e9s megval\u00f3s\u00edt\u00e1s\u00e1t k\u00f6veteli meg, ez\u00e1ltal nem csak k\u00f6zvetlen\u00fcl, de k\u00f6zvetve is k\u00e9pesek stabiliz\u00e1lni a c\u00e9g p\u00e9nz\u00fcgyi helyzet\u00e9t, likvidit\u00e1s\u00e1t.<\/p>\n<p>[post_newsletter title=&#8221;Iratkozzon fel h\u00edrlevel\u00fcnkre!&#8221;][\/post_newsletter]<\/p>\n<p>Ezen t\u00fal fontos szempont, hogy a visszat\u00e9r\u00edtend\u0151 forr\u00e1sok a v\u00e1llalkoz\u00e1sb\u0151v\u00edt\u00e9si c\u00e9lok megval\u00f3s\u00edt\u00e1s\u00e1t k\u00f6vet\u0151en \u00fajra kihelyezhet\u0151k, teh\u00e1t hosszabb id\u0151t\u00e1von egyazon egys\u00e9gnyi p\u00e9nz\u00f6sszeg t\u00f6bb v\u00e1llalkoz\u00e1s fejleszt\u00e9s\u00e9t, bev\u00e9tel-n\u00f6veked\u00e9s\u00e9t is t\u00e1mogatni tudja. Ez\u00e1ltal a kkv szektor versenyk\u00e9pess\u00e9g\u00e9nek szempontj\u00e1b\u00f3l multiplik\u00e1tor hat\u00e1sa van, hossz\u00fa t\u00e1von kifizet\u0151d\u0151bb nagyobb ar\u00e1nyban visszat\u00e9r\u00edtend\u0151 p\u00e9nz\u00fcgyi eszk\u00f6z\u00f6kre \u00e9p\u00edteni az uni\u00f3s t\u00e1mogat\u00e1sok rendszer\u00e9t. Egyszer\u0171bben fogalmazva: ugyanazt a p\u00e9nzt a korm\u00e1nyzat t\u00f6bbsz\u00f6r oda tudja adni a v\u00e1llalkoz\u00e1soknak. A v\u00e1llalkoz\u00e1sok nagyobb r\u00e9sze sz\u00e1m\u00e1ra v\u00e1llalati strukt\u00far\u00e1j\u00e1b\u00f3l, nem megfelel\u0151 p\u00e9nz\u00fcgyi berendezked\u00e9s\u00e9b\u0151l, esetleg korl\u00e1tozott n\u00f6veked\u00e9si lehet\u0151s\u00e9geib\u0151l kifoly\u00f3lag jelenleg nem opci\u00f3 a hitel vagy a kock\u00e1zati t\u0151ke: a k\u00f6vetkez\u0151 \u00e9vekben azonban fel kell k\u00e9sz\u00fclni\u00fck az alkalmass\u00e1 v\u00e1l\u00e1sra.<\/p>\n<p>A versenyk\u00e9pess\u00e9g hossz\u00fa t\u00e1v\u00fa \u00e9s hat\u00e9kony fejleszt\u00e9se megk\u00f6veteli a p\u00e9nz\u00fcgyi eszk\u00f6z\u00f6k min\u00e9l magasabb ar\u00e1ny\u00e1t az uni\u00f3s t\u00e1mogat\u00e1sokban. A n\u00f6vekedni k\u00e9pes v\u00e1llalkoz\u00e1soknak nem csak az\u00e9rt \u00e9rdemes m\u00e1r most a hitelekhez \u00e9s a kock\u00e1zati t\u0151k\u00e9hez fordulniuk, mert 2020-t\u00f3l kisebb \u00f6sszeg fog jutni ugyanannyi v\u00e1llalkoz\u00e1sra, cs\u00f6kkentve egy p\u00e1ly\u00e1zat elnyer\u00e9s\u00e9nek es\u00e9ly\u00e9t. El kell fogadniuk, hogy a c\u00e9g eredm\u00e9nyes fejleszt\u00e9s\u00e9t \u00e9s fenntarthat\u00f3 b\u0151v\u00fcl\u00e9s\u00e9t a visszat\u00e9r\u00edtend\u0151 forr\u00e1sok hat\u00e9konyabban t\u00e1mogatj\u00e1k. Sz\u00e1mos v\u00e1llalkoz\u00e1s \u00e9vr\u0151l \u00e9vre megpr\u00f3b\u00e1lja elnyerni az aktu\u00e1lis, sz\u00e1m\u00e1ra relev\u00e1ns p\u00e1ly\u00e1zati \u00f6sszegeket, de tart a hitelt\u0151l \u00e9s nem ismeri a kock\u00e1zati t\u0151ke m\u0171k\u00f6d\u00e9s\u00e9t. Pedig ha ezek a c\u00e9gek jobban elm\u00e9lyedn\u00e9nek a t\u00f6bbi finansz\u00edroz\u00e1si forma m\u0171k\u00f6d\u00e9si mechanizmus\u00e1ban, egy\u00e9rtelm\u0171v\u00e9 v\u00e1ln\u00e1nak sz\u00e1mukra a hossz\u00fa t\u00e1v\u00fa el\u0151ny\u00f6k. Ha a c\u00e9gek p\u00e9ld\u00e1ul t\u00edz \u00e9ve is r\u00e1 lettek volna k\u00e9nyszer\u00fclve arra, hogy visszat\u00e9r\u00edtend\u0151 k\u00fcls\u0151 forr\u00e1sok elnyer\u00e9s\u00e9t c\u00e9lozz\u00e1k meg, annak pozit\u00edv hat\u00e1sait a kkv szektor versenyk\u00e9pess\u00e9g\u00e9re ma m\u00e1r \u00e9rezn\u00e9nk. Az uni\u00f3 t\u00e1mogat\u00e1si rendszer\u00e9nek m\u00f3dos\u00edt\u00e1sa a k\u00f6z\u00e9p- \u00e9s hossz\u00fa t\u00e1v\u00fa j\u00f6v\u0151be val\u00f3 befektet\u00e9snek tekinthet\u0151.<\/p>\n<p>T\u00f6bb portf\u00f3li\u00f3c\u00e9g\u00fcnk is az SZTA-n\u00e1l tapasztalta meg el\u0151sz\u00f6r, milyen egy k\u00fcls\u0151 t\u00e1rstulajdonossal egy\u00fctt c\u00e9get vezetni, \u00e9s <a href=\"https:\/\/szta.hu\/blog\/felmeres-elmondtak-a-velemenyuket-a-kkv-k-a-legaktivabb-hazai-tokealaprol\/\" target=\"_blank\" rel=\"noopener\">visszajelz\u00e9seik alapj\u00e1n egy\u00e1ltal\u00e1n nem b\u00e1nt\u00e1k meg a d\u00f6nt\u00e9st<\/a>. Legt\u00f6bbj\u00fck stabiliz\u00e1lni tudta p\u00e9nz\u00fcgyi helyzet\u00e9t, nagyobb beruh\u00e1z\u00e1sokba tudott belefogni, \u00e9vr\u0151l \u00e9vre n\u00f6velni tudta gy\u00e1rt\u00e1si kapacit\u00e1s\u00e1t, forgalm\u00e1t, illetve \u00e1rbev\u00e9tel\u00e9t. Az SZTA minden esetben olyan \u00fczleti tervbe\u00a0fektetett be c\u00e9lir\u00e1nyosan, amely <a href=\"https:\/\/szta.hu\/blog\/otbol-egy-hazai-vallalkozas-nem-keszul-tudatosan-a-jovojere\/\" target=\"_blank\" rel=\"noopener\">megalapozta a v\u00e1llalkoz\u00e1s t\u00f6bb\u00e9ves n\u00f6veked\u00e9s\u00e9t<\/a>. A t\u0151keig\u00e9nnyel rendelkez\u0151 <a href=\"https:\/\/szta.hu\/blog\/krs-uzleti-reggeli-tokebefektetes-egy-onismereti-folyamat-cegek-szamara\/\" target=\"_blank\" rel=\"noopener\">c\u00e9gek t\u0151kebefektet\u00e9sre val\u00f3 felk\u00e9sz\u00fcl\u00e9s\u00e9nek fontoss\u00e1g\u00e1r\u00f3l<\/a> ebben a bejegyz\u00e9sben \u00edrtunk b\u0151vebben. Itt \u00e9rdemes megjegyezni, hogy a v\u00e1llalkoz\u00e1sok jelent\u0151s r\u00e9sze csak akkor v\u00e1g bele fejleszt\u00e9sbe, ha a finansz\u00edroz\u00e1shoz tal\u00e1l megfelel\u0151 p\u00e1ly\u00e1zatot, ez pedig sokszor csak azokat a fejleszt\u00e9si ter\u00fcleteket \u00e9rinti, amelyekre <a href=\"https:\/\/insiderblog.hu\/blogzine\/2016\/08\/26\/erdemes-keszulni-a-vallalkozasoknak-2020-utan-valtozik-az-eu-s-palyazati-rendszer\/\" target=\"_blank\" rel=\"noopener nofollow\">t\u00e1mogat\u00e1st tudnak ig\u00e9nyelni<\/a>. Ez\u00e1ltal gyakran nem a v\u00e1llalkoz\u00e1sok val\u00f3di ig\u00e9nyeinek kiel\u00e9g\u00edt\u00e9s\u00e9t t\u00e1mogatja a forr\u00e1s, \u00e9pp ford\u00edtva, a c\u00e9gek a lehet\u0151s\u00e9gekkel hozz\u00e1k \u00f6sszhangba c\u00e9ljaikat.<\/p>\n<p>A t\u00e1mogat\u00e1soknak viszont a n\u00f6veked\u00e9st val\u00f3ban seg\u00edt\u0151 fejleszt\u00e9seket kell finansz\u00edroznia. Ha olyan kapacit\u00e1sokba inveszt\u00e1lnak, amelyekre nem mutatkozik piaci kereslet, a projektet nem lesznek k\u00e9pesek fenntartani, a beruh\u00e1z\u00e1s pedig vesztes\u00e9gess\u00e9 v\u00e1lik. Ennek elker\u00fcl\u00e9se \u00e9rdek\u00e9ben sz\u00fcks\u00e9ges m\u00e9g ink\u00e1bb azokra a p\u00e9nz\u00fcgyi eszk\u00f6z\u00f6kre \u00e9p\u00edteni, amelyek rugalmasan tudnak alkalmazkodni az adott piacon m\u0171k\u00f6d\u0151 adott c\u00e9g adott lehet\u0151s\u00e9geihez \u00e9s sz\u00fcks\u00e9gleteihez.<\/p>\n","protected":false},"featured_media":7375,"template":"","class_list":["post-7374","blog","type-blog","status-publish","has-post-thumbnail","hentry"],"acf":[],"_links":{"self":[{"href":"https:\/\/szta.hu\/en\/wp-json\/wp\/v2\/blog\/7374","targetHints":{"allow":["GET"]}}],"collection":[{"href":"https:\/\/szta.hu\/en\/wp-json\/wp\/v2\/blog"}],"about":[{"href":"https:\/\/szta.hu\/en\/wp-json\/wp\/v2\/types\/blog"}],"wp:featuredmedia":[{"embeddable":true,"href":"https:\/\/szta.hu\/en\/wp-json\/"}],"wp:attachment":[{"href":"https:\/\/szta.hu\/en\/wp-json\/wp\/v2\/media?parent=7374"}],"curies":[{"name":"wp","href":"https:\/\/api.w.org\/{rel}","templated":true}]}}