{"id":7376,"date":"2017-02-24T00:00:00","date_gmt":"2017-02-24T00:00:00","guid":{"rendered":"http:\/\/www.blog.sztateszt.7digits.net\/hatalmas-potencial-rejlik-a-magyar-egeszsegugy-digitalizalasaban\/"},"modified":"2017-02-24T00:00:00","modified_gmt":"2017-02-24T00:00:00","slug":"hatalmas-potencial-rejlik-a-magyar-egeszsegugy-digitalizalasaban","status":"publish","type":"blog","link":"https:\/\/szta.hu\/en\/blog\/hatalmas-potencial-rejlik-a-magyar-egeszsegugy-digitalizalasaban\/","title":{"rendered":"Hatalmas potenci\u00e1l rejlik a magyar eg\u00e9szs\u00e9g\u00fcgy digitaliz\u00e1l\u00e1s\u00e1ban"},"content":{"rendered":"<p><strong><img fetchpriority=\"high\" decoding=\"async\" class=\"alignleft size-medium wp-image-9201\" src=\"https:\/\/szta.hu\/wp-content\/uploads\/2017\/02\/egeszsegugy_digitalizalas-300x199.jpg\" alt=\"\" width=\"300\" height=\"199\" \/>A digitaliz\u00e1ci\u00f3 k\u00f6zvetlen\u00fcl \u00e9s k\u00f6zvetetten ak\u00e1r \u00e9vi t\u00f6bb sz\u00e1zmilli\u00e1rd forint \u00f6sszeg\u0171 forr\u00e1s felszabad\u00edt\u00e1s\u00e1t teheti lehet\u0151v\u00e9 a magyar eg\u00e9szs\u00e9g\u00fcgyi rendszer sz\u00e1m\u00e1ra, ehhez pedig egy megfelel\u0151en kialak\u00edtott <a href=\"https:\/\/szta.hu\/en\/blog\/digitalis-startup-strategia-igy-valhat-viragzo-startup-fovarossa-budapest\/\" target=\"_blank\" rel=\"noopener\">digit\u00e1lis strat\u00e9gia<\/a> megval\u00f3s\u00edt\u00e1sa sz\u00fcks\u00e9ges \u2013 mutat r\u00e1 a Portfolio.hu az IVSZ (Informatikai, T\u00e1vk\u00f6zl\u00e9si \u00e9s Elektronikai V\u00e1llalkoz\u00e1sok Sz\u00f6vets\u00e9ge) t\u00e1mogat\u00e1s\u00e1val k\u00e9sz\u00fclt <a href=\"https:\/\/www.portfolio.hu\/vallalatok\/it\/az_egeszsegugyi_forradalom_lehet_magyarorszag_kovetkezo_nagy_dobasa.1.243476.html\" target=\"_blank\" rel=\"noopener nofollow\">cikk\u00e9ben<\/a>. Az eg\u00e9szs\u00e9g\u00fcgy helyzet\u00e9nek jav\u00edt\u00e1s\u00e1ban v\u00e1rhat\u00f3an nagy szerepe lesz az innovat\u00edv kis- \u00e9s k\u00f6z\u00e9pv\u00e1llalkoz\u00e1soknak, \u00edgy a t\u00e1mogat\u00f3i rendszer is c\u00e9lzottan seg\u00edti m\u0171k\u00f6d\u00e9s\u00fcket.<\/strong><\/p>\n<p>A t\u00f6bbi szektorhoz k\u00e9pest az eg\u00e9szs\u00e9g\u00fcgy Eur\u00f3p\u00e1ban, illetve Magyarorsz\u00e1gon is a kev\u00e9sb\u00e9 digitaliz\u00e1lt ter\u00fcletek k\u00f6z\u00e9 tartozik (<a href=\"https:\/\/www.mckinsey.com\/business-functions\/digital-mckinsey\/our-insights\/digital-europe-realizing-the-continents-potential\" target=\"_blank\" rel=\"noopener nofollow\">McKinsey-tanulm\u00e1ny<\/a>), ami azt jelenti, hogy az int\u00e9zm\u00e9nyek \u00e9s v\u00e1llalkoz\u00e1sok kev\u00e9s digit\u00e1lis eszk\u00f6zt \u00e9s szoftvert haszn\u00e1lnak, \u00e9s a hozz\u00e1adott \u00e9rt\u00e9kteremt\u00e9s\u00fckh\u00f6z csak nagyon kis r\u00e9sz\u00e9ben van k\u00f6ze a digitaliz\u00e1ci\u00f3nak. Szak\u00e9rt\u0151i el\u0151rejelz\u00e9sek szerint azonban n\u00e9h\u00e1ny \u00e9ven bel\u00fcl hatalmas n\u00f6veked\u00e9s el\u00e9 n\u00e9z\u00fcnk az \u00e1gazatban, t\u00f6bbek k\u00f6z\u00f6tt az e-healthnek \u00e9s az m-healthnek (az eg\u00e9szs\u00e9gipar elektronikus \u00e9s mobil ter\u00fcleteinek) k\u00f6sz\u00f6nhet\u0151en.<\/p>\n<p>A legl\u00e1tv\u00e1nyosabb fejl\u0151d\u00e9s a dolgok internete (Internet of Things \u2013 IoT), valamint a kognit\u00edv intelligencia eg\u00e9szs\u00e9g\u00fcgyi ter\u00fclet\u00e9n \u00e9rhet\u0151 tetten. M\u00edg a glob\u00e1lis IoT eg\u00e9szs\u00e9g\u00fcgyi piac 2014-ben 24,6 milli\u00e1rd doll\u00e1ros volt (ennek 44 sz\u00e1zal\u00e9k\u00e1t a digit\u00e1lis eg\u00e9szs\u00e9g\u00fcgyi eszk\u00f6z\u00f6k teszik ki), addig a teljes e-health piac \u00e9vi t\u00f6bb mint 37 sz\u00e1zal\u00e9kos n\u00f6veked\u00e9s mellett a k\u00f6vetkez\u0151 \u00e9vtized elej\u00e9re a 300 milli\u00e1rd doll\u00e1rt is <a href=\"https:\/\/www.portfolio.hu\/vallalatok\/it\/az_egeszsegugyi_forradalom_lehet_magyarorszag_kovetkezo_nagy_dobasa.1.243476.html\" target=\"_blank\" rel=\"noopener nofollow\">meghaladhatja<\/a>. A fejleszt\u00e9sek ter\u00e9n kiemelt szerepet kaphat t\u00f6bbek k\u00f6z\u00f6tt a gy\u00f3gy\u00edt\u00e1si folyamat digit\u00e1lis nyomon k\u00f6vet\u00e9s\u00e9t hat\u00e9konyabb\u00e1 t\u00e9v\u0151 t\u00e1vorvosl\u00e1s \u00e9s t\u00e1vdiagnosztika, valamint a mesters\u00e9ges intelligenci\u00e1ra \u00e9p\u00fcl\u0151 robotseb\u00e9szet \u00e9s t\u00e1vseb\u00e9szet.<\/p>\n<p>Az m-health, vagyis a mobilos appok, eg\u00e9szs\u00e9g\u00fcgyi \u00e9s fitness eszk\u00f6z\u00f6k \u00e9s megold\u00e1sok 2022-re az e-health piacb\u00f3l 24 sz\u00e1zal\u00e9kos r\u00e9szesed\u00e9ssel rendelkezhet majd. A n\u00f6veked\u00e9s motorj\u00e1nak egyik kulcsfolyamata lesz a pap\u00edr alapon m\u0171k\u00f6d\u0151 eg\u00e9szs\u00e9g\u00fcgyi rendszerek adminisztr\u00e1ci\u00f3j\u00e1nak, menedzsel\u00e9s\u00e9nek \u00e9s elemz\u00e9s\u00e9nek digitaliz\u00e1ci\u00f3ja, illetve a digit\u00e1lis diagnosztikai \u00e9s a betegek \u00e1llapot\u00e1t nyomon k\u00f6vet\u0151 mobilos \u00e9s egy\u00e9b komplex informatikai megold\u00e1sok elterjeszt\u00e9se. Az e-health az eg\u00e9szs\u00e9g\u00fcgy glob\u00e1lis szint\u0171 probl\u00e9m\u00e1ira jelenthet megold\u00e1st. Hans Hofstraat, a Philips kutat\u00e1sok\u00e9rt felel\u0151s glob\u00e1lis aleln\u00f6ke az IVSZ \u00e9s <a href=\"https:\/\/ivsz.hu\/esemenyek\/ivsz-mta-konferencia-a-digitalizacio-hatasa-az-elettudomanyokban\/\" target=\"_blank\" rel=\"noopener nofollow\">az MTA tavalyi konferenci\u00e1j\u00e1n<\/a> elmondta, hogy csak az USA-ban 90 ezer orvos hi\u00e1nyzik az eg\u00e9szs\u00e9g\u00fcgyb\u0151l, mik\u00f6zben a 60 \u00e9ven fel\u00fcli, gondoz\u00e1sra szorul\u00f3k sz\u00e1ma 2050-re megdupl\u00e1z\u00f3dik, a v\u00e1rhat\u00f3 \u00e9lettartam tov\u00e1bbi 18 \u00e9vvel n\u0151, \u00e9s a civiliz\u00e1ci\u00f3s betegs\u00e9gekben szenved\u0151k sz\u00e1ma is drasztikusan emelkedik.<\/p>\n<p>Mindennek kezel\u00e9s\u00e9re sz\u00fcks\u00e9g van az eg\u00e9szs\u00e9g\u00fcgyben egyfajta szintl\u00e9p\u00e9sre. A c\u00e9l az, hogy az eg\u00e9szs\u00e9g\u00fcgy k\u00e9pes legyen megj\u00f3solni, hogy egy adott p\u00e1ciens sz\u00e1m\u00e1ra mi a legjobb kezel\u00e9s, k\u00e9pes legyen meghat\u00e1rozni, hogy hol \u00e9rdemes beavatkozni. \u00cdgy a szektor fejleszt\u00e9sei k\u00f6zt v\u00e1rhat\u00f3an nagy hangs\u00faly ker\u00fcl majd az olyan h\u00e1l\u00f3zatokra, IT-eszk\u00f6z\u00f6kre, szenzorokra \u00e9s diagnosztikai berendez\u00e9sekre, amelyek lehet\u0151v\u00e9 teszik a hat\u00e9kony orvos-beteg kapcsolatok kialak\u00edt\u00e1s\u00e1t \u00e9s a gyorsabb adatelemz\u00e9st \u00e9s diagnosztiz\u00e1l\u00e1s. Remek p\u00e9lda erre az SZTA 2014-es befektet\u00e9se, a t\u00e1vgondoz\u00e1s ter\u00fclet\u00e9n egyedi megold\u00e1sok fejleszt\u00e9s\u00e9vel foglalkoz\u00f3 <a href=\"https:\/\/szta.hu\/en\/blog\/kockazati-tokevel-az-egeszsegugyi-ellatas-korszerubbe-teteleert\/\" target=\"_blank\" rel=\"noopener\">Promeditcom Kft.<\/a>, amely telemetrikus (t\u00e1vm\u00e9r\u00e9ses) eg\u00e9szs\u00e9g\u00fcgyi eszk\u00f6zei \u00e9s szolg\u00e1ltat\u00e1sa r\u00e9v\u00e9n az orvos ak\u00e1r az orsz\u00e1g b\u00e1rmely pontj\u00e1r\u00f3l folyamatosan fel\u00fcgyelheti a szolg\u00e1ltat\u00e1sba bevont szem\u00e9ly eg\u00e9szs\u00e9g\u00fcgyi \u00e1llapot\u00e1t. M\u00e1cz \u00c1kos, az IVSZ public affairs igazgat\u00f3ja r\u00e1mutat: \u201eA digitaliz\u00e1ci\u00f3 egy\u00fcttesen \u00e9s az \u00e1gazati kapcsolatokon kereszt\u00fcl ak\u00e1r \u00e9vi t\u00f6bb sz\u00e1zmilli\u00e1rd forint \u00f6sszeg\u0171 forr\u00e1s felszabad\u00edt\u00e1s\u00e1t teheti lehet\u0151v\u00e9 az eg\u00e9szs\u00e9g\u00fcgyi rendszer sz\u00e1m\u00e1ra. A felszabadul\u00f3 forr\u00e1sok az eg\u00e9szs\u00e9gmeg\u0151rz\u00e9sre, a prevenci\u00f3ra, infrastrukt\u00fara fejleszt\u00e9s\u00e9re, illetve a hum\u00e1ner\u0151forr\u00e1s finansz\u00edroz\u00e1s\u00e1ra ford\u00edthat\u00f3k.\u201d<\/p>\n<p>Pontosabb becsl\u00e9sekr\u0151l Heim P\u00e1l, a Heim P\u00e1l Alap\u00edtv\u00e1ny strat\u00e9giai igazgat\u00f3ja sz\u00e1molt be a m\u00e1rcius v\u00e9g\u00e9re szervezett think.BDPST innov\u00e1ci\u00f3s konferenci\u00e1t megel\u0151z\u0151 <a href=\"https:\/\/insiderblog.hu\/blogzine\/2017\/02\/17\/az-egeszsegugyi-innovacio-fovarosa-lesz-budapest\/\" target=\"_blank\" rel=\"noopener nofollow\">szakmai besz\u00e9lget\u00e9sen<\/a>: \u201eAz okos eszk\u00f6z\u00f6k rendszerszint\u0171 haszn\u00e1lata az eg\u00e9szs\u00e9g\u00fcgyi folyamatok hat\u00e9konys\u00e1g\u00e1nak javul\u00e1sa miatt ak\u00e1r \u00e9vi 500 milli\u00e1rd forintos megtakar\u00edt\u00e1st eredm\u00e9nyezhet nemzetgazdas\u00e1gi szinten. Az eg\u00e9szs\u00e9g\u00fcgyi \u00e1llapotuk javul\u00e1sa miatt a munka vil\u00e1g\u00e1ba visszat\u00e9r\u0151k tov\u00e1bbi, ak\u00e1r 600-700 milli\u00e1rd forinttal j\u00e1rulhatnak hozz\u00e1 a nemzetgazdas\u00e1ghoz.\u201d<\/p>\n<p>Nagyon fontos l\u00e1tni, hogy az eg\u00e9szs\u00e9g\u00fcgy digitaliz\u00e1ci\u00f3j\u00e1ban, \u00edgy k\u00f6zvetve az eg\u00e9szs\u00e9g\u00fcgyi helyzet jav\u00edt\u00e1s\u00e1ban jelent\u0151s szerepe lesz a kkv-k K+F \u00e9s innov\u00e1ci\u00f3s tev\u00e9kenys\u00e9g\u00e9nek, \u00edgy az \u00e1llami forr\u00e1sok, p\u00e9nz\u00fcgyi eszk\u00f6z\u00f6k nagy r\u00e9sze k\u00f6zvetlen\u00fcl az \u0151 n\u00f6veked\u00e9s\u00fck \u00e9s fejleszt\u00e9s\u00fck finansz\u00edroz\u00e1s\u00e1t c\u00e9lozza. Becsl\u00e9sek szerint a 2014-2020-as uni\u00f3s k\u00f6lts\u00e9gvet\u00e9si ciklusban mintegy 20 milli\u00e1rd forint uni\u00f3s \u00e9s k\u00f6lts\u00e9gvet\u00e9si forr\u00e1s \u00e1ll rendelkez\u00e9sre tiszt\u00e1n informatikai fejleszt\u00e9sekre az eg\u00e9szs\u00e9g\u00fcgyben, emellett pedig a korm\u00e1ny Ipar 4.0-t is szem el\u0151tt tart\u00f3 iparfejleszt\u00e9si strat\u00e9gi\u00e1j\u00e1ban (Irinyi Terv) is kiemelt \u00e1gazatk\u00e9nt szerepel az eg\u00e9szs\u00e9gipar, teh\u00e1t az itt tev\u00e9kenyked\u0151 v\u00e1llalkoz\u00e1sok ebben a strat\u00e9giai ciklusban komoly \u00e1llami t\u00e1mogat\u00e1sokra sz\u00e1m\u00edthatnak.<\/p>\n<p>Amellett, hogy az elm\u00falt \u00f6t \u00e9vben <a href=\"https:\/\/szta.hu\/en\/blog\/az-szta-eddig-tobb-mint-25-milliard-forintot-fektetett-magyar-egeszsegugyi-vallalkozasokba\/\" target=\"_blank\" rel=\"noopener\">terjedelmes eg\u00e9szs\u00e9g\u00fcgyi c\u00e9gportf\u00f3li\u00f3t ki\u00e9p\u00edt\u0151<\/a> Sz\u00e9chenyi T\u0151kebefektet\u00e9si Alap 2017-t\u0151l folytathatja a t\u0151kekihelyez\u00e9st, az Irinyi Terv c\u00e9lrendszer\u00e9t alapul vev\u0151 Irinyi Kock\u00e1zati T\u0151kealapok is hamarosan megkezdik befektet\u00e9si id\u0151szakukat, azaz \u00e9rdemes <a href=\"https:\/\/szta.hu\/en\/kapcsolat\/\" target=\"_blank\" rel=\"noopener\">felvenni a kapcsolatot az Alapkezel\u0151vel<\/a>. A Sz\u00e9chenyi T\u0151kealap-kezel\u0151 eml\u00edtett t\u0151kealapjai mellett az innovat\u00edv startupokat megc\u00e9lz\u00f3 \u00e1llami t\u0151keprogramokat is figyelembe v\u00e9ve ett\u0151l az \u00e9vt\u0151l kezdve t\u0151keoldalr\u00f3l komoly, a kor\u00e1bbin\u00e1l jelent\u0151sen nagyobb forr\u00e1s\u00f6sszeg \u00e1ll majd a n\u00f6vekedni k\u00e9pes kis- \u00e9s k\u00f6z\u00e9pv\u00e1llalkoz\u00e1sok rendelkez\u00e9s\u00e9re.<\/p>","protected":false},"featured_media":7377,"template":"","class_list":["post-7376","blog","type-blog","status-publish","has-post-thumbnail","hentry"],"acf":[],"_links":{"self":[{"href":"https:\/\/szta.hu\/en\/wp-json\/wp\/v2\/blog\/7376","targetHints":{"allow":["GET"]}}],"collection":[{"href":"https:\/\/szta.hu\/en\/wp-json\/wp\/v2\/blog"}],"about":[{"href":"https:\/\/szta.hu\/en\/wp-json\/wp\/v2\/types\/blog"}],"wp:featuredmedia":[{"embeddable":true,"href":"https:\/\/szta.hu\/en\/wp-json\/"}],"wp:attachment":[{"href":"https:\/\/szta.hu\/en\/wp-json\/wp\/v2\/media?parent=7376"}],"curies":[{"name":"wp","href":"https:\/\/api.w.org\/{rel}","templated":true}]}}