{"id":7399,"date":"2017-04-05T00:00:00","date_gmt":"2017-04-05T00:00:00","guid":{"rendered":"http:\/\/www.blog.sztateszt.7digits.net\/az-aeron-divatmarka-mogott-allo-csapat-az-aprilisi-forbes-cimlapjan\/"},"modified":"2017-04-05T00:00:00","modified_gmt":"2017-04-05T00:00:00","slug":"az-aeron-divatmarka-mogott-allo-csapat-az-aprilisi-forbes-cimlapjan","status":"publish","type":"blog","link":"https:\/\/szta.hu\/en\/blog\/az-aeron-divatmarka-mogott-allo-csapat-az-aprilisi-forbes-cimlapjan\/","title":{"rendered":"Az \u00c1ERON divatm\u00e1rka m\u00f6g\u00f6tt \u00e1ll\u00f3 csapat az \u00e1prilisi Forbes c\u00edmlapj\u00e1n"},"content":{"rendered":"<p><strong><img fetchpriority=\"high\" decoding=\"async\" class=\"alignleft size-medium wp-image-10541\" src=\"https:\/\/szta.hu\/wp-content\/uploads\/2017\/04\/\u00c1ERON_Forbes-300x300.jpg\" alt=\"\" width=\"300\" height=\"300\" \/>A magyarorsz\u00e1gi Forbes friss, \u00e1prilisi sz\u00e1m\u00e1nak c\u00edmlapj\u00e1ra \u00c1ron Eszter divattervez\u0151, L\u00e1szl\u00f3ffy Vivien, az \u00c1ERON divatm\u00e1rka \u00fcgyvezet\u0151 igazgat\u00f3ja \u00e9s Mart\u00e9nyi Zita, a c\u00e9g t\u00e1rstulajdonosa \u00e9s angyalbefektet\u0151je ker\u00fclt. Az \u00e1ltaluk ir\u00e1ny\u00edtott c\u00e9gbe, a Gold Lumen Kft.-be a Sz\u00e9chenyi T\u0151kebefektet\u00e9si Alap 2014 \u00f3ta \u00f6sszesen t\u00f6bb mint 200 milli\u00f3 forint \u00e9rt\u00e9k\u0171 befektet\u00e9st hajtott v\u00e9gre.<\/strong>  A Forbes az \u00c1ERON t\u00f6rt\u00e9net\u00e9t \u00e9s a m\u00e1rka h\u00e1rom vezet\u0151j\u00e9nek \u00e9letp\u00e1ly\u00e1j\u00e1t mintegy 20 oldalon kereszt\u00fcl mutatja be, betekint\u00e9st ny\u00fajtva a divatipar, illetve egy glob\u00e1lis tervekkel rendelkez\u0151 magyar kisv\u00e1llalkoz\u00e1s kulissz\u00e1i m\u00f6g\u00e9. Akit \u00e9rdekel a divatvil\u00e1g, annak mindenk\u00e9ppen \u00e9rdemes beszereznie a lap legfrissebb sz\u00e1m\u00e1t.  Az ut\u00f3bbi id\u0151ben az \u00c1ERON m\u00e1rka kapcs\u00e1n t\u00f6bb elismer\u00e9sr\u0151l is besz\u00e1molhattunk. L\u00e1szl\u00f3ffy Vivien felker\u00fclt az amerikai Forbes 30 \u00e9v alatti tehets\u00e9ges eur\u00f3pai fiatalokat felvonultat\u00f3 <a href=\"https:\/\/szta.hu\/en\/blog\/magyar-divatmarka-ugyvezetoje-nemzetkozi-forbes-legsikeresebb-fiatalokat-gyujto-listajan\/\" target=\"_blank\" rel=\"noopener\">list\u00e1j\u00e1ra<\/a>. Az\u00a0idei Glamour Women of the Year g\u00e1l\u00e1n \u00c1ron Esztert v\u00e1lasztott\u00e1k az \u00e9v divattervez\u0151j\u00e9nek, \u00e9s nemr\u00e9g <a href=\"https:\/\/szta.hu\/en\/blog\/budapest-ismet-kozep-europa-divatfovarosava-valik-egy-napra\/\" target=\"_blank\" rel=\"noopener\">mutatta be<\/a> leg\u00fajabb, 2017-es \u0151szi-t\u00e9li kollekci\u00f3j\u00e1t a budapesti Mercedes-Benz Fashion Weeken.  A divatm\u00e1rk\u00e1val \u00e9s a siker m\u00f6g\u00f6tt \u00e1ll\u00f3 tehets\u00e9gekkel <a href=\"https:\/\/szta.hu\/en\/blog\/hogyan-hodit-meg-ket-ev-alatt-15-orszagot-egy-magyar-divatmarka\/\" target=\"_blank\" rel=\"noopener\">ebben a bejegyz\u00e9sben foglalkozunk b\u0151vebben<\/a>.  Fot\u00f3 forr\u00e1sa:\u00a0<a href=\"https:\/\/www.facebook.com\/ForbesMagyarorszag\/\" target=\"_blank\" rel=\"noopener nofollow\"><em>Forbes Magyarorsz\u00e1g Facebook-oldala<\/em><\/a><\/p>","protected":false},"featured_media":7400,"template":"","class_list":["post-7399","blog","type-blog","status-publish","has-post-thumbnail","hentry"],"acf":[],"_links":{"self":[{"href":"https:\/\/szta.hu\/en\/wp-json\/wp\/v2\/blog\/7399","targetHints":{"allow":["GET"]}}],"collection":[{"href":"https:\/\/szta.hu\/en\/wp-json\/wp\/v2\/blog"}],"about":[{"href":"https:\/\/szta.hu\/en\/wp-json\/wp\/v2\/types\/blog"}],"wp:featuredmedia":[{"embeddable":true,"href":"https:\/\/szta.hu\/en\/wp-json\/"}],"wp:attachment":[{"href":"https:\/\/szta.hu\/en\/wp-json\/wp\/v2\/media?parent=7399"}],"curies":[{"name":"wp","href":"https:\/\/api.w.org\/{rel}","templated":true}]}}