{"id":7407,"date":"2017-04-25T00:00:00","date_gmt":"2017-04-25T00:00:00","guid":{"rendered":"http:\/\/www.blog.sztateszt.7digits.net\/rakaptak-a-nemzetkozi-sztarok-az-abodi-markara\/"},"modified":"2017-04-25T00:00:00","modified_gmt":"2017-04-25T00:00:00","slug":"rakaptak-a-nemzetkozi-sztarok-az-abodi-markara","status":"publish","type":"blog","link":"https:\/\/szta.hu\/en\/blog\/rakaptak-a-nemzetkozi-sztarok-az-abodi-markara\/","title":{"rendered":"R\u00e1kaptak a nemzetk\u00f6zi szt\u00e1rok az ABODI m\u00e1rk\u00e1ra"},"content":{"rendered":"<p><strong><img fetchpriority=\"high\" decoding=\"async\" class=\"alignleft size-medium wp-image-10711\" src=\"https:\/\/szta.hu\/wp-content\/uploads\/2017\/04\/abodi_logo-300x215.jpg\" alt=\"\" width=\"300\" height=\"215\" \/>A divatvil\u00e1gban m\u00e9g a nagy divatm\u00e1rk\u00e1k sz\u00e1m\u00e1ra is fontos megjelen\u00e9si lehet\u0151s\u00e9g, ha egy szt\u00e1r az \u0151 kollekci\u00f3jukb\u00f3l v\u00e1laszt egy d\u00edj\u00e1tad\u00f3ra ruh\u00e1t, \u00edgy egy nem hagyom\u00e1nyos divatf\u0151v\u00e1rosb\u00f3l \u00e9rkez\u0151 kisebb m\u00e1rka sz\u00e1m\u00e1ra ez \u00f3ri\u00e1si elismer\u00e9s. Azon t\u00fal, hogy a divattervez\u0151 olyan embert\u0151l kap pozit\u00edv visszajelz\u00e9st, aki a vil\u00e1g szinte b\u00e1rmely lead m\u00e1rk\u00e1j\u00e1t hordhatn\u00e1, a m\u00e1rkan\u00e9v ismerts\u00e9g\u00e9nek sz\u00e9les\u00edt\u00e9s\u00e9ben, k\u00f6zvetetten az \u00e9rt\u00e9kes\u00edt\u00e9s n\u00f6vel\u00e9s\u00e9ben is k\u00f6zrej\u00e1tszik. A budapesti ABODI divatm\u00e1rka ma m\u00e1r elmondhatja mag\u00e1r\u00f3l, hogy lassan m\u00e1r t\u00f6bb mint sz\u00e1z <a href=\"https:\/\/szta.hu\/blog\/abodi-dora-aki-a-nemzetkozi-divatszakma-es-lady-gaga-figyelmet-mar-felkeltette\/\" target=\"_blank\" rel=\"noopener noreferrer\">nemzetk\u00f6zi h\u00edress\u00e9g<\/a> hordta \u00e9s n\u00e9pszer\u0171s\u00edtette term\u00e9keit. A lista pedig folyamatosan b\u0151v\u00fcl.<\/strong>  Az SZTA 2013-ban <a href=\"https:\/\/szta.hu\/blog\/ujabb-pont-a-kreativ-iparnak-abodi-dora-es-vago-reka-segitsegevel-divatba-jott-a-toke\/\" target=\"_blank\" rel=\"noopener noreferrer\">fektetett<\/a> 57 milli\u00f3 forint \u00f6sszeg\u0171 t\u0151k\u00e9t az Abodi D\u00f3ra neve \u00e1ltal f\u00e9mjelzett Artabo Kft.-be, amivel a t\u0151kealapn\u00e1l elindult egy Magyarorsz\u00e1gon p\u00e1ratlan divatipari c\u00e9gportf\u00f3li\u00f3 fel\u00e9p\u00edt\u00e9se. A t\u0151kebefektet\u00e9s a c\u00e9g anyagbeszerz\u00e9s\u00e9t, a gy\u00e1rt\u00e1si folyamatokat \u00e9s a k\u00e9szletb\u0151v\u00edt\u00e9st finansz\u00edrozta, ezzel lehet\u0151v\u00e9 t\u00e9ve a m\u00e9g nagyobb lend\u00fclet\u0171 nemzetk\u00f6zi terjeszked\u00e9st. Ma az ABODI a nemzetk\u00f6zi szinten legkeresettebb magyar divatm\u00e1rk\u00e1k k\u00f6z\u00e9 tartozik, el\u00e9g csak megeml\u00edteni a <a href=\"https:\/\/szta.hu\/blog\/igy-lep-elore-a-siker-utjan-az-szta-portfoliocege-londonban\/\" target=\"_blank\" rel=\"noopener noreferrer\">londoni<\/a>\u00a0vagy a <a href=\"https:\/\/szta.hu\/blog\/a-vilag-legfontosabb-divatesemenyein-vesznek-reszt-az-szta-divatipari-portfoliocegei\/\" target=\"_blank\" rel=\"noopener noreferrer\">p\u00e1rizsi divatheteken<\/a>\u00a0val\u00f3 sikeres szerepl\u00e9st, a m\u00e1rka m\u0171v\u00e9szeti vezet\u00e9s\u00e9vel t\u00e1mogatott The Velvet Chemistry designer store <a href=\"https:\/\/szta.hu\/blog\/new-york-times-budapesti-velvet-chemistry-dizajn-boltba-kuldi-az-utazni-vagyokat\/\" target=\"_blank\" rel=\"noopener noreferrer\">k\u00fclf\u00f6ldi h\u00edrnev\u00e9t<\/a>\u00a0vagy a mil\u00e1n\u00f3i La Rinascente luxus department store-ban val\u00f3 megjelen\u00e9s\u00e9t. [post_newsletter title=&#8221;Iratkozzon fel h\u00edrlevel\u00fcnkre!&#8221;][\/post_newsletter] A sikerhez tartozik, hogy a m\u00e1rka az \u00e9vek sor\u00e1n egyre n\u00e9pszer\u0171bb\u00e9 v\u00e1lt a k\u00fclf\u00f6ldi h\u00edress\u00e9gek k\u00f6r\u00e9ben. Eddig t\u00f6bbek k\u00f6z\u00f6tt Taylor Swiften, Lady Gag\u00e1n, Fergie-n, Rita Or\u00e1n \u00e9s Pamela Andersonon is l\u00e1thattunk <a href=\"https:\/\/szta.hu\/blog\/ismet-regios-versenyen-bizonyithatnak-a-hazai-fiatal-divatcegek\/\" target=\"_blank\" rel=\"noopener noreferrer\">ABODI-darabokat<\/a>, \u00fajabban pedig olyan nevekkel b\u00fcszk\u00e9lkedhet a divattervez\u0151, mint az amerikai \u00e9nekesn\u0151-dalszerz\u0151 Carrie Underwood, aki az American Country Music Awardson viselte a 2017-es tavaszi-ny\u00e1ri kollekci\u00f3 egyik legl\u00e1tv\u00e1nyosabb darabj\u00e1t, a kanadai \u00e9nekesn\u0151-dalszerz\u0151 Grimes (Claire Boucher), aki Janelle Mon\u00e1e-val k\u00f6z\u00f6s vide\u00f3j\u00e1ban mutatkozik be Abodi D\u00f3ra egyik strucctollal d\u00edsz\u00edtett csipkebodyj\u00e1ban vagy az amerikai Bebe Rexha \u00e9nekesn\u0151. Emellett az \u00faj Taylor Swiftnek kiki\u00e1ltott Kelsea Ballerini a Grammy-jel\u00f6lteket bemutat\u00f3 prom\u00f3ci\u00f3s k\u00e9peken visel egy ABODI-darabot. A teljes list\u00e1\u00e9rt \u00e9rdemes a m\u00e1rka <a href=\"https:\/\/www.abodi.it\/celebrities\" target=\"_blank\" rel=\"noopener noreferrer nofollow\">weboldal\u00e1t<\/a> b\u00f6ng\u00e9szni.  <img decoding=\"async\" class=\"size-medium wp-image-10741 aligncenter\" src=\"https:\/\/szta.hu\/wp-content\/uploads\/2017\/04\/abodi_kelsea_ballerini-300x169.jpg\" alt=\"\" width=\"300\" height=\"169\" \/>  K\u00fcl\u00f6n \u00f6r\u00f6m, hogy a m\u00e1rka nem csak az USA-ban arat sikereket, hanem \u00c1zsi\u00e1ban, ezen bel\u00fcl Thaif\u00f6ld\u00f6n is, ugyanis az egyik legh\u00edresebb helyi v\u00e9lem\u00e9nyvez\u00e9r divatblogger, Thanaergnin is n\u00e9pszer\u0171s\u00edtette az ABODI-m\u00e1rk\u00e1t.  <img decoding=\"async\" class=\"size-medium wp-image-10731 aligncenter\" src=\"https:\/\/szta.hu\/wp-content\/uploads\/2017\/04\/abodi_carrie_underwood-219x300.jpg\" alt=\"\" width=\"219\" height=\"300\" \/>  A k\u00fclf\u00f6ldi sikerek mellett term\u00e9szetesen nem szabad megfeledkezni a hazai elismer\u00e9sekr\u0151l sem. Az idei \u00e9vben az ABODI couture-t visel\u0151 Coco K\u00f6nig editoriallal a m\u00e1rka elnyerte az Instyle magazin Style Awardot az \u00c9v legjobb divatpillanata kateg\u00f3ri\u00e1ban. Emellett a tervez\u0151n\u0151 a 100. jubileumi F\u00e1bry Showban is bemutatkozhatott, ahol a m\u00e1rka \u00e1ltal el\u00e9rt nemzetk\u00f6zi sikerek mellett Abodi D\u00f3ra szem\u00e9ly\u00e9t is jobban megismerhett\u00e9k a n\u00e9z\u0151k.  <img loading=\"lazy\" decoding=\"async\" class=\"size-medium wp-image-10721 aligncenter\" src=\"https:\/\/szta.hu\/wp-content\/uploads\/2017\/04\/abodi_bebe_rexha-231x300.png\" alt=\"\" width=\"231\" height=\"300\" \/><\/p>\n","protected":false},"featured_media":7408,"template":"","class_list":["post-7407","blog","type-blog","status-publish","has-post-thumbnail","hentry"],"acf":[],"_links":{"self":[{"href":"https:\/\/szta.hu\/en\/wp-json\/wp\/v2\/blog\/7407","targetHints":{"allow":["GET"]}}],"collection":[{"href":"https:\/\/szta.hu\/en\/wp-json\/wp\/v2\/blog"}],"about":[{"href":"https:\/\/szta.hu\/en\/wp-json\/wp\/v2\/types\/blog"}],"wp:featuredmedia":[{"embeddable":true,"href":"https:\/\/szta.hu\/en\/wp-json\/"}],"wp:attachment":[{"href":"https:\/\/szta.hu\/en\/wp-json\/wp\/v2\/media?parent=7407"}],"curies":[{"name":"wp","href":"https:\/\/api.w.org\/{rel}","templated":true}]}}