{"id":7426,"date":"2017-06-06T00:00:00","date_gmt":"2017-06-06T00:00:00","guid":{"rendered":"http:\/\/www.blog.sztateszt.7digits.net\/csucskonferencian-talalkozhat-a-kockazatitoke-piac-legfontosabb-szereploivel\/"},"modified":"2017-06-06T00:00:00","modified_gmt":"2017-06-06T00:00:00","slug":"csucskonferencian-talalkozhat-a-kockazatitoke-piac-legfontosabb-szereploivel","status":"publish","type":"blog","link":"https:\/\/szta.hu\/en\/blog\/csucskonferencian-talalkozhat-a-kockazatitoke-piac-legfontosabb-szereploivel\/","title":{"rendered":"Cs\u00facskonferenci\u00e1n tal\u00e1lkozhat a kock\u00e1zatit\u0151ke-piac legfontosabb szerepl\u0151ivel"},"content":{"rendered":"<p><strong><img decoding=\"async\" class=\"alignleft size-medium wp-image-11441\" src=\"https:\/\/szta.hu\/wp-content\/uploads\/2017\/06\/Venture_Capital_Summit_2017-300x150.jpg\" alt=\"\" width=\"300\" height=\"150\" \/>Az elm\u00falt \u00e9vek siker\u00e9re val\u00f3 tekintettel j\u00fanius 13-\u00e1n imm\u00e1r negyedik alkalommal rendezik meg a Venture Capital Summitot, a kock\u00e1zatit\u0151ke-piac legfontosabb f\u00fcggetlen szakmai rendezv\u00e9ny\u00e9t. A r\u00e9sztvev\u0151k a t\u0151kepiac f\u0151bb szerepl\u0151inek el\u0151ad\u00e1s\u00e1ban ismerhetik meg az \u00e1gazat leg\u00fajabb trendjeit, forr\u00e1sbevon\u00e1si lehet\u0151s\u00e9geit, mindemellett term\u00e9szetesen lehet\u0151s\u00e9g ny\u00edlik a kapcsolat\u00e9p\u00edt\u00e9sre is. A kor\u00e1bbi \u00e9vekhez hasonl\u00f3an a Sz\u00e9chenyi T\u0151kealap-kezel\u0151 id\u00e9n is r\u00e9szt vesz a rendezv\u00e9nyen egy \u00f6n\u00e1ll\u00f3 el\u0151ad\u00e1s, valamint egy kerekasztal-besz\u00e9lget\u00e9s keret\u00e9ben.<\/strong>  A rendezv\u00e9nyen id\u00e9n is a szakma legnevesebb k\u00e9pvisel\u0151i fognak el\u0151ad\u00e1st tartani. A program kiemelt el\u0151ad\u00f3ja lesz t\u00f6bbek k\u00f6z\u00f6tt dr. Michael Brandkamp, az Eur\u00f3pa \u00f6t\u00f6dik legnagyobb kock\u00e1zati t\u0151kealapj\u00e1nak, a High-Tech Gr\u00fcnderfonds Management GmbH-nak az alap\u00edt\u00f3ja, aki a high-tech v\u00e1llalatok glob\u00e1lis szinten t\u00f6rt\u00e9n\u0151 fel\u00e9p\u00edt\u00e9s\u00e9r\u0151l, a sikerhez sz\u00fcks\u00e9ges t\u00e9nyez\u0151kr\u0151l fog besz\u00e9lni el\u0151ad\u00e1s\u00e1ban. Brandkamp ezen k\u00edv\u00fcl egy besz\u00e9lget\u00e9sen is r\u00e9szt fog venni a Magyar Telekom Nyrt. vez\u00e9rigazgat\u00f3j\u00e1val, Chris Mattheisennel egyetemben. Arr\u00f3l fognak besz\u00e9lgetni, hogy mi\u00e9rt \u00e9rdekeltek a nagyv\u00e1llalatok a startupokban, valamint hogy mik\u00e9nt teremthet\u0151 win-win helyzet a startupok \u00e9s a nagyv\u00e1llalatok egy\u00fcttm\u0171k\u00f6d\u00e9se r\u00e9v\u00e9n. Err\u0151l a t\u00e9m\u00e1r\u00f3l egy\u00e9bk\u00e9nt <a href=\"https:\/\/szta.hu\/blog\/nagyvallalati-vs-startup-innovacio\/\" target=\"_blank\" rel=\"noopener noreferrer\">\u00e9pp nemr\u00e9g \u00edrtunk a blogon<\/a>.  A magyar kock\u00e1zatit\u0151ke-piac befektet\u0151i oldal\u00e1nak szerepl\u0151i is rendk\u00edv\u00fcl \u00e9rdekes el\u0151ad\u00e1sokkal k\u00e9sz\u00fclnek az \u00e9rdekl\u0151d\u0151knek. Dr. Csuhaj V. Imre, a Sz\u00e9chenyi T\u0151kealap-kezel\u0151 Zrt. eln\u00f6k\u2013vez\u00e9rigazgat\u00f3ja a t\u0151kebefektet\u00e9si gyakorlat \u00fajra\u00edr\u00e1s\u00e1r\u00f3l \u00e9s az eddigi k\u00f6zel 100 befektet\u00e9s gyakorlati tapasztalat\u00e1r\u00f3l fog besz\u00e9lni. T\u00f6r\u00f6k J\u00f3zsef, a Sz\u00e9chenyi T\u0151kealap-kezel\u0151 Zrt. startup \u00e9s \u00fczletfejleszt\u00e9si igazgat\u00f3ja arr\u00f3l besz\u00e9l, mi\u00e9rt nem kap mindenki t\u0151k\u00e9t, aminek vil\u00e1gmegv\u00e1lt\u00f3 \u00f6tlete van. Hasonl\u00f3k\u00e9ppen \u00e9rdekes t\u00e9m\u00e1t fog \u00e9rinteni Oszk\u00f3 P\u00e9ter, az Oxo Labs alap\u00edt\u00f3ja \u00e9s vez\u00e9rigazgat\u00f3ja, aki el\u0151ad\u00e1s\u00e1ban arra a k\u00e9rd\u00e9sre fogja keresni a v\u00e1laszt, hogy mik\u00e9nt v\u00e1lhatunk nemzetk\u00f6zi piaci szerepl\u0151v\u00e9. Izgalmas lehet tov\u00e1bb\u00e1 mind a befektet\u0151i, mind a v\u00e1llalkoz\u00f3i oldal sz\u00e1m\u00e1ra Csuhaj V. Imre (Sz\u00e9chenyi T\u0151kealap-kezel\u0151), K\u00f6v\u00e9r J\u00f3zsef (3TS), T\u00e1nczos P\u00e9ter (Euroventures), valamint M\u00e1lnay Barnab\u00e1s (Smartware Tech) kerekasztal-besz\u00e9lget\u00e9se az exit t\u00e9mak\u00f6r\u00e9ben. A besz\u00e9lget\u00e9s f\u0151 t\u00e9m\u00e1i t\u00f6bbek k\u00f6z\u00f6tt a sikeres kil\u00e9p\u00e9st lehet\u0151v\u00e9 tev\u0151 t\u00e9nyez\u0151k vagy az \u00e1llami \u00e9s piaci befektet\u0151k exittel kapcsolatos elv\u00e1r\u00e1sai k\u00f6z\u00f6tti azonoss\u00e1gok \u00e9s elt\u00e9r\u00e9sek. [post_newsletter title=&#8221;Iratkozzon fel h\u00edrlevel\u00fcnkre!&#8221;][\/post_newsletter] Az \u0151szi el\u0151ad\u00e1ssorozathoz hasonl\u00f3an id\u00e9n is a VC Summit f\u0151 t\u00e9m\u00e1i k\u00f6z\u00f6tt szerepel a JEREMIE-program ut\u00e1ni id\u0151szak. Egy kerekasztal-besz\u00e9lget\u00e9s keret\u00e9n bel\u00fcl Eszter Elem\u00e9r a Portus Buda, Hal\u00e1sz Iv\u00e1n a Finext, Vit\u00e1n G\u00e1bor a Venturio, valamint K\u00e1das P\u00e9ter a Traction Tribe k\u00e9pviselet\u00e9ben fognak besz\u00e9lgetni a t\u00e9m\u00e1r\u00f3l. Ugyan\u00fagy a JEREMIE-program ker\u00fcl Zsibor\u00e1s Gergely Forbes vezet\u0151 szerkeszt\u0151j\u00e9nek el\u0151ad\u00e1sa k\u00f6z\u00e9ppontj\u00e1ba. A tavaly \u0151sszel megrendezett konferencia rendk\u00edv\u00fcl nagy szakmai- \u00e9s m\u00e9diasikerrel z\u00e1rult, t\u00f6bb mint 100 vend\u00e9g vett r\u00e9szt a befektet\u0151i szakm\u00e1b\u00f3l, emellett a magyar startup v\u00e1llalkoz\u00f3k k\u00f6reib\u0151l is t\u00f6bben k\u00e9pviseltett\u00e9k magukat. <a href=\"https:\/\/szta.hu\/blog\/venture-capital-summit-cel-a-200-szta-befektetes\/\" target=\"_blank\" rel=\"noopener noreferrer\">Az \u0151szi konferencia f\u0151 t\u00e9m\u00e1ja<\/a> a kock\u00e1zatit\u0151ke-piac JEREMIE-program ut\u00e1ni lehet\u0151s\u00e9gei voltak, emellett olyan gyakorlati t\u00e9m\u00e1kr\u00f3l is sz\u00f3 esett, mint hogy mik\u00e9nt el\u0151zhetj\u00fck meg, hogy <a href=\"https:\/\/szta.hu\/blog\/hogyan-elozhetjuk-meg-hogy-ellopjak-startup-otletunket\/\" target=\"_blank\" rel=\"noopener noreferrer\">ellopj\u00e1k a startup \u00f6tlet\u00fcnket<\/a>.  A kor\u00e1bbi \u00e9vekhez hasonl\u00f3an a rendezv\u00e9ny id\u00e9n is azon befektet\u0151i, alapkezel\u0151i, banki \u00e9s p\u00e9nz\u00fcgyi fels\u0151vezet\u0151kh\u00f6z, valamint \u00fcgyv\u00e9di \u00e9s tan\u00e1csad\u00f3i r\u00e9teghez sz\u00f3l, akik a venture capital \u00e9s private equity szektor legnaprak\u00e9szebb inform\u00e1ci\u00f3inak birtok\u00e1ban optimaliz\u00e1lni k\u00edv\u00e1nj\u00e1k ter\u00fclet\u00fck m\u0171k\u00f6d\u00e9s\u00e9t. Ezen k\u00edv\u00fcl a k\u00e1v\u00e9sz\u00fcnetek, valamint az eb\u00e9d ideje alatt a r\u00e9sztvev\u0151knek lehet\u0151s\u00e9g\u00fck ny\u00edlik piaci kapcsolataik b\u0151v\u00edt\u00e9s\u00e9re.  Mivel nem gyakoriak a kock\u00e1zatit\u0151ke-piac legfontosabb, legakt\u00edvabb szerepl\u0151it szinte kiv\u00e9tel n\u00e9lk\u00fcl felvonultat\u00f3 rendezv\u00e9nyek, a t\u0151k\u00e9t keres\u0151 v\u00e1llalkoz\u00e1sok sz\u00e1m\u00e1ra rendk\u00edv\u00fcl hasznos lehet az idei Venture Capital Summit is. A kor\u00e1bbi esem\u00e9nyeken rendk\u00edv\u00fcl tartalmas, kezdem\u00e9nyez\u0151 \u00e9s \u00e9p\u00edt\u0151 besz\u00e9lget\u00e9sek alakultak ki az el\u0151ad\u00f3k \u00e9s a k\u00f6z\u00f6ns\u00e9g k\u00f6z\u00f6tt.  Term\u00e9szetesen \u00e9rdemes \u00e1ttekinteni a Venture Capital Summit teljes programj\u00e1t, hiszen sz\u00e1mos izgalmas \u00e9s aktu\u00e1lis el\u0151ad\u00e1ssal k\u00e9sz\u00fclnek a szervez\u0151k. A r\u00e9szletes programlista, valamint a jelentkez\u00e9si fel\u00fclet <a href=\"https:\/\/www.vc.ap.hu\/\" target=\"_blank\" rel=\"noopener noreferrer nofollow\">a rendezv\u00e9ny honlapj\u00e1n<\/a> \u00e9rhet\u0151 el.  <strong>Id\u0151pont:<\/strong> 2017. j\u00fanius 13.  <strong>Helysz\u00edn:<\/strong> BMC Budapest Music Center (Budapest, M\u00e1ty\u00e1s u. 8, 1093)<\/p>\n","protected":false},"featured_media":7427,"template":"","class_list":["post-7426","blog","type-blog","status-publish","has-post-thumbnail","hentry"],"acf":[],"_links":{"self":[{"href":"https:\/\/szta.hu\/en\/wp-json\/wp\/v2\/blog\/7426","targetHints":{"allow":["GET"]}}],"collection":[{"href":"https:\/\/szta.hu\/en\/wp-json\/wp\/v2\/blog"}],"about":[{"href":"https:\/\/szta.hu\/en\/wp-json\/wp\/v2\/types\/blog"}],"wp:featuredmedia":[{"embeddable":true,"href":"https:\/\/szta.hu\/en\/wp-json\/"}],"wp:attachment":[{"href":"https:\/\/szta.hu\/en\/wp-json\/wp\/v2\/media?parent=7426"}],"curies":[{"name":"wp","href":"https:\/\/api.w.org\/{rel}","templated":true}]}}